{"id":713386,"date":"2026-01-12T20:24:10","date_gmt":"2026-01-12T20:24:10","guid":{"rendered":"https:\/\/www.europesays.com\/de\/713386\/"},"modified":"2026-01-12T20:24:10","modified_gmt":"2026-01-12T20:24:10","slug":"alle-infos-zur-76-edition","status":"publish","type":"post","link":"https:\/\/www.europesays.com\/de\/713386\/","title":{"rendered":"Alle Infos zur 76. Edition!"},"content":{"rendered":"\n<p>Vom <strong>12. bis 22. Februar 2026<\/strong> finden die 76. Internationalen Filmfestspiele Berlin statt. Seit dem Jahr 2000 ist der <strong>Potsdamer Platz<\/strong> das Herz des Festivals \u2013 auch in diesem Jahr werden dort wieder die Wettbewerbsfilme sowie die Special-Gala-Premieren gezeigt. Die Verleihung der Hauptpreise, der Goldenen und Silbernen B\u00e4ren, erfolgt am<strong> 21. Februar 2026<\/strong>.<\/p>\n<p>Als Jurypr\u00e4sident wird in diesem Jahr eine der einflussreichsten Pers\u00f6nlichkeiten des internationalen Kinos fungieren: der <strong>deutsche Kultregisseur Wim Wenders<\/strong>. Seit Jahrzehnten bereichert er die Filmwelt mit Werken, die durch ihre<strong> Menschlichkeit und poetische Kraft<\/strong> begeistern, erkl\u00e4rte Festivalintendantin Tricia Tuttle in einer Pressemitteilung. Filme wie \u201eDer amerikanische Freund (1977)\u201c pr\u00e4gten seit den 1970er-Jahren eine neue Filmsprache und<strong> formten das internationale Bild des deutschen Kinos<\/strong>. Wenders erhielt zahlreiche Auszeichnungen, darunter <strong>Oscar-Nominierungen<\/strong> f\u00fcr seine Dokumentarfilme Buena Vista Social Club und die Pina-Bausch-Hommage Pina.<\/p>\n<p>W\u00e4hrend noch offen ist, wer in diesem Jahr die begehrten B\u00e4ren mit nach Hause nehmen darf, steht eine Preistr\u00e4gerin bereits fest: <strong>Michelle Yeoh<\/strong> wird mit dem Ehrenb\u00e4ren f\u00fcr ihr Lebenswerk ausgezeichnet. Die Verleihung findet im Rahmen der Er\u00f6ffnungszeremonie am 12. Februar 2026 statt. Schon Ende der 1980er- und Anfang der 1990er-Jahre galt Yeoh als<strong> Ikone des asiatischen Action- und Martial-Arts-Kinos<\/strong>, ihren internationalen Durchbruch feierte sie 1997 als chinesische Geheimagentin Wai Lin im James-Bond-Film Der Morgen stirbt nie. Tricia Tuttle w\u00fcrdigte sie als \u201e<strong>vision\u00e4re K\u00fcnstlerin und Performerin<\/strong>, deren Werk Grenzen \u00fcberschreitet \u2013 geografisch, sprachlich und filmisch\u201c.<\/p>\n<p>Au\u00dferdem wurde am 12. Januar 2026 bekannt gegeben, dass der<strong> britisch-deutsche Komponist und Klangk\u00fcnstler Max Richter<\/strong> mit der Berlinale Kamera geehrt wird. Die Verleihung wird am 18. Februar im Haus der Berliner Festspiele stattfinden, wo<strong> Regisseurin und Oscarpreistr\u00e4gerin Chlo\u00e9 Zhao<\/strong> Richter den Preis \u00fcberreichen wird, nachdem er mit ihr an ihrem <strong>j\u00fcngsten Film \u201eHamnet\u201c<\/strong> mitgearbeitet hat, der gerade von den <strong>Golden Globes als bestes Drama<\/strong> ausgezeichnet wurde. F\u00fcr seine einzigartige Verbindung klassischer Kompositionstechniken mit elektronischen Elementen erhielt er bereits mehrere <strong>Grammy-Nominierungen<\/strong>, unter anderem f\u00fcr seine Arbeiten an internationalen Kinofilmen wie<strong> \u201eWaltz with Bashir\u201c (2008) und \u201eAd Astra\u201c (2019)<\/strong>. Auch sein Werk \u201eSLEEP\u201c, eine <strong>8,5-st\u00fcndige Klangreise<\/strong> in die Welt des Schlafs aus dem Jahr 2015, gilt als eines der innovativsten Projekte der klassischen Musik des 21. Jahrhunderts.<\/p>\n<p>Derzeit wird noch viel \u00fcber die Festivalfilme, den Er\u00f6ffnungsfilm sowie das weitere Programm spekuliert. Die ersten Titel, die im <strong>Panorama sowie in der Nachwuchssektion Berlinale Generation<\/strong> laufen werden, stehen jedoch bereits fest.<\/p>\n<p> Alle Filme aus der Sektion Berlinale Panorama: <\/p>\n<p><strong>\u201eAllegro Pastell\u201c<\/strong> von Anna Roller | mit Sylvaine Faligant, Jannis Niew\u00f6hner, Haley Louise Jones, Luna Wedler, Martina Gedeck | Deutschland 2026, Weltpremiere<\/p>\n<p><strong>\u201eBucks Harbor\u201c<\/strong> von Pete Muller | mit David Cale, Mike Murphy, Vicki Patchell, Wayne Robinson | USA 2026, Weltpremiere<\/p>\n<p><strong>\u201eIv\u00e1n &amp; Hadoum\u201c<\/strong> von Ian de la Rosa | mit Silver Chic\u00f3n, Herminia Loh | Spanien \/ Deutschland \/ Belgien 2026, Weltpremiere<\/p>\n<p><strong>\u201eJaripeo\u201c<\/strong> von Efra\u00edn Mojica, Rebecca Zweig | Mexiko \/ USA \/ Frankreich 2026, Internationale Premiere<\/p>\n<p><strong>\u201eLondon\u201c<\/strong> von Sebastian Brameshuber | mit Bobby Sommer | \u00d6sterreich 2026, Weltpremiere<\/p>\n<p><strong>\u201eMouse\u201c<\/strong> von Kelly O\u2019Sullivan, Alex Thompson | mit Sophie Okonedo, Katherine Mallen Kupferer, Chloe Coleman, David Hyde Pierce, Iman Vellani | USA 2026, Weltpremiere<\/p>\n<p><strong>\u201eOnly Rebels Win\u201c<\/strong> von Danielle Arbid | mit Hiam Abbass, Amine Benrachid | Frankreich \/ Libanon \/ Katar 2026, Weltpremiere<\/p>\n<p><strong>\u201eShibire\u201c (\u201eNumb\u201c)<\/strong> von Takuya Uchiyama | mit Takumi Kitamura, Rie Miyazawa, Tsukasa Enomoto, Anji Kato, Masatoshi Nagase | Japan 2025, Internationale Premiere<\/p>\n<p><strong>\u201eStaatsschutz\u201c (\u201eProsecution\u201c)<\/strong> von Faraz Shariat | mit Chen Emilie Yan, Julia Jentsch, Alev Irmak, Arndt Klawitter, Sebastian Urzendowsky | Deutschland 2026, Weltpremiere<\/p>\n<p><strong>\u201eTrop c\u2019est trop\u201c (\u201eEnough Is Enough\u201c)<\/strong> von Elis\u00e9 Sawasawa | Frankreich \/ Demokratische Republik Kongo 2026, Weltpremiere<\/p>\n<p><strong>\u201eTwo Mountains Weighing Down My Chest\u201c<\/strong> von Viv Li | Deutschland \/ Niederlande 2026, Weltpremiere<\/p>\n<p><strong>\u201eUn hiver russe\u201c (\u201eA Russian Winter\u201c)<\/strong> von Patric Chiha | Frankreich 2026, Weltpremiere<\/p>\n","protected":false},"excerpt":{"rendered":"Vom 12. bis 22. Februar 2026 finden die 76. Internationalen Filmfestspiele Berlin statt. Seit dem Jahr 2000 ist&hellip;\n","protected":false},"author":2,"featured_media":713387,"comment_status":"","ping_status":"","sticky":false,"template":"","format":"standard","meta":{"footnotes":""},"categories":[1825],"tags":[11429,6041,3951,33600,296,5299,29,20122,3184,30,32311],"class_list":{"0":"post-713386","1":"post","2":"type-post","3":"status-publish","4":"format-standard","5":"has-post-thumbnail","7":"category-berlin","8":"tag-thriller","9":"tag-abenteuer","10":"tag-aktion","11":"tag-animation","12":"tag-berlin","13":"tag-comedy","14":"tag-deutschland","15":"tag-drama","16":"tag-filmfestival","17":"tag-germany","18":"tag-western"},"share_on_mastodon":{"url":"https:\/\/pubeurope.com\/@de\/115884003548036908","error":""},"_links":{"self":[{"href":"https:\/\/www.europesays.com\/de\/wp-json\/wp\/v2\/posts\/713386","targetHints":{"allow":["GET"]}}],"collection":[{"href":"https:\/\/www.europesays.com\/de\/wp-json\/wp\/v2\/posts"}],"about":[{"href":"https:\/\/www.europesays.com\/de\/wp-json\/wp\/v2\/types\/post"}],"author":[{"embeddable":true,"href":"https:\/\/www.europesays.com\/de\/wp-json\/wp\/v2\/users\/2"}],"replies":[{"embeddable":true,"href":"https:\/\/www.europesays.com\/de\/wp-json\/wp\/v2\/comments?post=713386"}],"version-history":[{"count":0,"href":"https:\/\/www.europesays.com\/de\/wp-json\/wp\/v2\/posts\/713386\/revisions"}],"wp:featuredmedia":[{"embeddable":true,"href":"https:\/\/www.europesays.com\/de\/wp-json\/wp\/v2\/media\/713387"}],"wp:attachment":[{"href":"https:\/\/www.europesays.com\/de\/wp-json\/wp\/v2\/media?parent=713386"}],"wp:term":[{"taxonomy":"category","embeddable":true,"href":"https:\/\/www.europesays.com\/de\/wp-json\/wp\/v2\/categories?post=713386"},{"taxonomy":"post_tag","embeddable":true,"href":"https:\/\/www.europesays.com\/de\/wp-json\/wp\/v2\/tags?post=713386"}],"curies":[{"name":"wp","href":"https:\/\/api.w.org\/{rel}","templated":true}]}}