{"id":713390,"date":"2026-01-12T20:26:20","date_gmt":"2026-01-12T20:26:20","guid":{"rendered":"https:\/\/www.europesays.com\/de\/713390\/"},"modified":"2026-01-12T20:26:20","modified_gmt":"2026-01-12T20:26:20","slug":"wenn-vulkangruppen-mit-bekennerschreiben-pingpong-spielen","status":"publish","type":"post","link":"https:\/\/www.europesays.com\/de\/713390\/","title":{"rendered":"Wenn &#8222;Vulkangruppen&#8220; mit Bekennerschreiben Pingpong spielen"},"content":{"rendered":"<p>Damit steht die Frage im Raum: Wenn einzelne Schreiben nicht von &#8222;Vulkangruppen&#8220; kommen, von wem dann?<\/p>\n<p>Am 6. Januar, drei Tage nach dem Anschlag, ver\u00f6ffentlicht die linksextreme Website &#8222;Knack.news&#8220; einen zweiten Text. Nachdem in verschiedenen Medien \u00fcber einen russischen Ursprung des Bekennerschreibens spekuliert wurde, weisen die Verfasser unter dem Titel &#8222;Richtigstellung&#8220; eine Beteiligung des Kreml zur\u00fcck. Ob der Text wirklich von den Saboteuren stammt, l\u00e4sst sich nicht unabh\u00e4ngig pr\u00fcfen. Inzwischen wurde das Schreiben gel\u00f6scht.<\/p>\n<p>Am 7. Januar erscheint auf &#8222;Indymedia&#8220; ein weiterer Text, geschrieben offenbar von einer anderen &#8222;Vulkangruppe&#8220;. Die Verfasser geben sich als &#8222;urspr\u00fcngliche&#8220; Vulkangruppe von 2011 aus und distanzieren sich scharf von allen neueren Aktionen. Ihr Argument: Sie h\u00e4tten damals ausschlie\u00dflich gegen Militarismus gek\u00e4mpft, nicht gegen &#8222;gesellschaftliche Grundversorgung&#8220;. Der Ukraine-Krieg habe alles ver\u00e4ndert, Sabotage sei heute &#8222;objektiv Teil einer allgemeinen Destabilisierung&#8220;.<\/p>\n<p>Ein Streit zweier &#8222;Vulkangruppen&#8220;? Keine 19 Stunden sp\u00e4ter folgt die Antwort, der Titel diesmal: &#8222;Das Grollen des Sundhn\u00fakag\u00edgar&#8220;, benannt nach einem aktiven Vulkan auf Island. &#8222;In der Nacht zum 3. Januar haben wir das Stromnetz in Berlin-Lichterfelde lahmgelegt&#8220;. Und: &#8222;Mit gezielten Schnitten und Br\u00e4nden an den Kabelbr\u00fccken haben wir die Adern des Systems durchtrennt.&#8220; Die Schreiber bezeichnen sich als die &#8222;Echten&#8220; \u2013 betonen aber, dass sich &#8222;in letzter Zeit&#8220; die &#8222;falschen Bekennerschreiben mehren&#8220;. Der Text wurde inzwischen von &#8222;Indymedia&#8220; gel\u00f6scht.<\/p>\n","protected":false},"excerpt":{"rendered":"Damit steht die Frage im Raum: Wenn einzelne Schreiben nicht von &#8222;Vulkangruppen&#8220; kommen, von wem dann? Am 6.&hellip;\n","protected":false},"author":2,"featured_media":713391,"comment_status":"","ping_status":"","sticky":false,"template":"","format":"standard","meta":{"footnotes":""},"categories":[1825],"tags":[296,1890,29,30,134296],"class_list":{"0":"post-713390","1":"post","2":"type-post","3":"status-publish","4":"format-standard","5":"has-post-thumbnail","7":"category-berlin","8":"tag-berlin","9":"tag-brandenburg","10":"tag-deutschland","11":"tag-germany","12":"tag-rbb24tagesschau"},"share_on_mastodon":{"url":"https:\/\/pubeurope.com\/@de\/115884011387940606","error":""},"_links":{"self":[{"href":"https:\/\/www.europesays.com\/de\/wp-json\/wp\/v2\/posts\/713390","targetHints":{"allow":["GET"]}}],"collection":[{"href":"https:\/\/www.europesays.com\/de\/wp-json\/wp\/v2\/posts"}],"about":[{"href":"https:\/\/www.europesays.com\/de\/wp-json\/wp\/v2\/types\/post"}],"author":[{"embeddable":true,"href":"https:\/\/www.europesays.com\/de\/wp-json\/wp\/v2\/users\/2"}],"replies":[{"embeddable":true,"href":"https:\/\/www.europesays.com\/de\/wp-json\/wp\/v2\/comments?post=713390"}],"version-history":[{"count":0,"href":"https:\/\/www.europesays.com\/de\/wp-json\/wp\/v2\/posts\/713390\/revisions"}],"wp:featuredmedia":[{"embeddable":true,"href":"https:\/\/www.europesays.com\/de\/wp-json\/wp\/v2\/media\/713391"}],"wp:attachment":[{"href":"https:\/\/www.europesays.com\/de\/wp-json\/wp\/v2\/media?parent=713390"}],"wp:term":[{"taxonomy":"category","embeddable":true,"href":"https:\/\/www.europesays.com\/de\/wp-json\/wp\/v2\/categories?post=713390"},{"taxonomy":"post_tag","embeddable":true,"href":"https:\/\/www.europesays.com\/de\/wp-json\/wp\/v2\/tags?post=713390"}],"curies":[{"name":"wp","href":"https:\/\/api.w.org\/{rel}","templated":true}]}}