{"id":713394,"date":"2026-01-12T20:28:12","date_gmt":"2026-01-12T20:28:12","guid":{"rendered":"https:\/\/www.europesays.com\/de\/713394\/"},"modified":"2026-01-12T20:28:12","modified_gmt":"2026-01-12T20:28:12","slug":"rebecca-mir-macht-massimo-zuguck-ansage","status":"publish","type":"post","link":"https:\/\/www.europesays.com\/de\/713394\/","title":{"rendered":"Rebecca Mir macht Massimo Zuguck-Ansage"},"content":{"rendered":"<p>Moderations-Premiere bei RTLRebecca Mir macht Massimo Zuguck-Ansage<img alt=\"Let s Dance - Die Live-Tour 2019 Massimo Sinato &amp; Rebecca Mir w\u00e4hrend der Live-Show Let\u00dc\\u0002s Dance Live Show am 27.11.2019\" fetchpriority=\"high\" width=\"940\" height=\"529\" decoding=\"async\" data-nimg=\"1\" class=\"Image_image__SdgLQ Picture_image__vGN9W\" style=\"color:transparent\"   src=\"https:\/\/www.europesays.com\/de\/wp-content\/uploads\/2026\/01\/445b3d8c-bb9d-4f04-a23d-c15db9dab8d3original.webp.webp\"\/><\/p>\n<p>2012 belegten Rebecca Mir und Massimo Sinato bei Let\u2019s Dance den zweiten Platz. 2019 tanzten sie auf der Live-Tour.<\/p>\n<p>imago images\/BOBO12. Januar 2026 um 18:49 Uhr<\/p>\n<p class=\"AnnotatedMarkup_paragraph__IUT9l\"><strong>Das erste Mal!<\/strong><br \/>Am Montagabend hat Rebecca Mir (34) bei RTL ihre gro\u00dfe Premiere als Moderatorin von \u201eExclusiv\u201d (18.30 Uhr) gefeiert. Neben Frauke Ludowig (62) wird sie nun regelm\u00e4\u00dfig durchs Star-Magazin f\u00fchren. Als die Aachenerin heute zum ersten Mal die Sendung moderiert hat, haben sicher ganz viele Wegbegleiter und Freunde zugeschaut. Klar, dass ihr dabei jedoch die Unterst\u00fctzung eines Menschen ganz besonders wichtig ist!<\/p>\n<p>Rebecca Mir wollte, dass ihr Massimo ihre erste Exclusiv-Sendung guckt!<\/p>\n<p class=\"AnnotatedMarkup_paragraph__IUT9l\">Sie sind ein Team! 2012 lernten sich Rebecca Mir und Massimo Sinato als Tanzpaar bei Let\u2019s Dance kennen, tanzten sich am Ende auf den zweiten Platz. \u00dcber drei Monate sahen sie sich jeden Tag und bald wurde aus dem Tanzpaar ein Liebespaar. 2015 heirateten sie und seit 2021 sind Rebecca und Massimo Eltern eines Sohnes.<\/p>\n<p class=\"AnnotatedMarkup_paragraph__IUT9l\">W\u00e4hrend sie als Eltern f\u00fcr ihren Sohn da sind, zeigen sie auch immer wieder, dass sie im TV ein echtes Team sind. Zuletzt 2023, als sie bei \u201eDenn Sie wissen nicht, was passiert\u201d gegen G\u00fcnther Jauch, Barbara Sch\u00f6neberger und Thomas Gottschalk antraten.<\/p>\n<p>Video-Tipp: Hier feierte Rebecca Mir ihren \u201eExclusiv\u201d-Job<\/p>\n<p>01:16 min<\/p>\n<p>Am 12. Januar geht&#8217;s los<\/p>\n<p>Heidi Klum als Gl\u00fccksbringer? Hier feierte Rebecca Mir ihren \u201eExclusiv\u201d-Job<\/p>\n<p class=\"AnnotatedMarkup_paragraph__IUT9l\"><strong>Lese-Tipp:<\/strong> <a href=\"https:\/\/www.rtl.de\/unterhaltung\/stars\/rtl-exclusiv-moderatorin-rebecca-mir-ueber-diese-macken-lacht-sie-bei-promis-und-diese-hat-sie-selbst-id30225437.html\" target=\"_self\" rel=\"noopener\">Diese Ticks d\u00fcrfen Promis bei Rebecca Mir haben!<\/a><\/p>\n<p class=\"AnnotatedMarkup_paragraph__IUT9l\">Als um 18.30 Uhr die Sendung losging, stand sie diesmal nat\u00fcrlich alleine im Studio. Ob Massimo seiner Rebecca bei der Premiere zugeschaut hat? Die neue Exclusiv-Moderatorin vor der Sendung: \u201eJa, ich denke, Massimo wird zuschauen.\u201d <strong>Um dann die gro\u00dfe Ansage nachzulegen &#8211; nat\u00fcrlich mit einem L\u00e4cheln. \u201eMuss er! Schatz, einschalten! Montag, 18.30 Uhr!\u201d <\/strong><\/p>\n<p class=\"AnnotatedMarkup_paragraph__IUT9l\">Neben ihrem Massimo werden wom\u00f6glich aber auch noch weitere prominente Gesichter zugeschaut haben. Mir weiter: \u201eIch habe tats\u00e4chlich sehr viele s\u00fc\u00dfe Nachrichten bekommen.\u201d Zum Beispiel von Let\u2019s Dance-Jurorin Motsi Mabuse. \u201eAls das rauskam, war ich gerade auf Heidi Klums Halloweenparty und da sind auch einige auf mich zugekommen.\u201d, erkl\u00e4rt sie weiter.<\/p>\n<p class=\"AnnotatedMarkup_paragraph__IUT9l\"><strong>Lese-Tipp:<\/strong> <a href=\"https:\/\/www.rtl.de\/unterhaltung\/stars\/rebecca-mir-neue-rtl-moderatorin-verraet-vor-exclusiv-premiere-ihr-krawattengeheimnis-id30222564.html\" target=\"_self\" rel=\"noopener\">Rebecca Mir verr\u00e4t ihr Krawatten-Geheimnis<\/a><\/p>\n<p><img alt=\"Exclusiv - Das Starmagazin\" fetchpriority=\"auto\" loading=\"lazy\" width=\"615\" height=\"346\" decoding=\"async\" data-nimg=\"1\" class=\"Image_image__SdgLQ RtlPlusContent_image__Gbn0N\" style=\"color:transparent\"   src=\"https:\/\/www.europesays.com\/de\/wp-content\/uploads\/2026\/01\/1768249692_720_exclusiv-das-starmagazin.webp.webp\"\/>Anzeige:<\/p>\n<p>Empfehlungen unserer Partner<\/p>\n<p>Darauf hat Rebecca Mir vor ihrer ersten Sendung gesetzt<\/p>\n<p class=\"AnnotatedMarkup_paragraph__IUT9l\">W\u00e4hrend sie die ganzen Nachrichten nat\u00fcrlich freuen, hat sie in den Minuten vor der Sendung zugleich aber auch noch auf gewisse Routinen gesetzt. \u201eIch werde noch mal tief durchatmen und f\u00fcr meine Nerven Schokolade essen. Das hilft immer.\u201d<\/p>\n<p class=\"AnnotatedMarkup_paragraph__IUT9l\"><strong>Und wer wei\u00df, vielleicht gab es vor dem Sendestart auch noch mal eine kurze Nachricht von ihrem Massimo&#8230;<\/strong><\/p>\n<p class=\"AnnotatedMarkup_paragraph__IUT9l\">Verwendete Quelle: RTL<\/p>\n","protected":false},"excerpt":{"rendered":"Moderations-Premiere bei RTLRebecca Mir macht Massimo Zuguck-Ansage 2012 belegten Rebecca Mir und Massimo Sinato bei Let\u2019s Dance den&hellip;\n","protected":false},"author":2,"featured_media":713395,"comment_status":"","ping_status":"","sticky":false,"template":"","format":"standard","meta":{"footnotes":""},"categories":[1776],"tags":[164342,1801,29,143739,214,164343,164341,131091,50800,30,143737,1420,143738,5276,1802,2045,640,12,5275,215,164344,143736],"class_list":{"0":"post-713394","1":"post","2":"type-post","3":"status-publish","4":"format-standard","5":"has-post-thumbnail","7":"category-prominente","8":"tag-20-jahre-exclusiv-1590","9":"tag-celebrities","10":"tag-deutschland","11":"tag-ems_unterhaltung_stars","12":"tag-entertainment","13":"tag-exclusiv-776","14":"tag-exclusiv-arc-news-exclusiv","15":"tag-exclusiv-moderatoren-1849","16":"tag-frauke-ludowig","17":"tag-germany","18":"tag-klatsch-und-tratsch","19":"tag-koeln","20":"tag-promi-news-aktuell","21":"tag-promi-news","22":"tag-prominente","23":"tag-promis","24":"tag-rtl","25":"tag-schlagzeilen","26":"tag-star-news","27":"tag-unterhaltung","28":"tag-vip-arc-rtl-hessen-vip","29":"tag-vip-news"},"share_on_mastodon":{"url":"https:\/\/pubeurope.com\/@de\/115884019622024536","error":""},"_links":{"self":[{"href":"https:\/\/www.europesays.com\/de\/wp-json\/wp\/v2\/posts\/713394","targetHints":{"allow":["GET"]}}],"collection":[{"href":"https:\/\/www.europesays.com\/de\/wp-json\/wp\/v2\/posts"}],"about":[{"href":"https:\/\/www.europesays.com\/de\/wp-json\/wp\/v2\/types\/post"}],"author":[{"embeddable":true,"href":"https:\/\/www.europesays.com\/de\/wp-json\/wp\/v2\/users\/2"}],"replies":[{"embeddable":true,"href":"https:\/\/www.europesays.com\/de\/wp-json\/wp\/v2\/comments?post=713394"}],"version-history":[{"count":0,"href":"https:\/\/www.europesays.com\/de\/wp-json\/wp\/v2\/posts\/713394\/revisions"}],"wp:featuredmedia":[{"embeddable":true,"href":"https:\/\/www.europesays.com\/de\/wp-json\/wp\/v2\/media\/713395"}],"wp:attachment":[{"href":"https:\/\/www.europesays.com\/de\/wp-json\/wp\/v2\/media?parent=713394"}],"wp:term":[{"taxonomy":"category","embeddable":true,"href":"https:\/\/www.europesays.com\/de\/wp-json\/wp\/v2\/categories?post=713394"},{"taxonomy":"post_tag","embeddable":true,"href":"https:\/\/www.europesays.com\/de\/wp-json\/wp\/v2\/tags?post=713394"}],"curies":[{"name":"wp","href":"https:\/\/api.w.org\/{rel}","templated":true}]}}