{"id":713418,"date":"2026-01-12T20:43:11","date_gmt":"2026-01-12T20:43:11","guid":{"rendered":"https:\/\/www.europesays.com\/de\/713418\/"},"modified":"2026-01-12T20:43:11","modified_gmt":"2026-01-12T20:43:11","slug":"ordensfest-alsdorfer-karneval-ehrungen-fuer-plum-und-dujardin","status":"publish","type":"post","link":"https:\/\/www.europesays.com\/de\/713418\/","title":{"rendered":"Ordensfest Alsdorfer Karneval: Ehrungen f\u00fcr Plum und Dujardin"},"content":{"rendered":"<p class=\"Paragraph_paragraph__exhQA Paragraph_paragraph--default-lg-default__8QZrI articleParagraph\">\u201eFeiern mit Freunden\u201c lautete das Motto des Ordensfestes, zu dem der Festausschuss Alsdorfer Karneval in die Stadthalle geladen hatte. Seit 76 Jahren f\u00f6rdert der Festausschuss das n\u00e4rrische Treiben. Traditionell gab es zu Beginn erst mal Gr\u00fcnkohl. Und weil Alsdorf eine ehemalige Bergbaustadt ist, werden jedes Mal die sieben Strophen des Liedes \u201eGl\u00fcck auf, der Steiger kommt\u201c gesungen, Bergmannsschnaps inklusive.<\/p>\n<p class=\"Paragraph_paragraph__exhQA Paragraph_paragraph--default-lg-default__8QZrI articleParagraph\">Die Zahl der Frauen und M\u00e4nner, die mit ihren Mitgliedsbeitr\u00e4gen den Karneval in der Stadt f\u00f6rdern, w\u00e4chst stetig.\u00a0F\u00fcr zwei langj\u00e4hrige Vorstandsmitglieder des Festausschusses wurde das Ordensfest au\u00dfergew\u00f6hnlich, Alt-B\u00fcrgermeister Alfred Sonders leitete ihre Ehrung ein: Hans-Wilhelm Plum, der \u00fcber viele Jahre an der Spitze des F\u00f6rdervereins stand, wurde zum Ehrenvorsitzenden ernannt. Finanzchef Dieter Dujardin, ebenfalls seit vielen Jahren im Vorstand aktiv, ist jetzt Ehrenmitglied. <\/p>\n<p class=\"Paragraph_paragraph__exhQA Paragraph_paragraph--default-lg-default__8QZrI articleParagraph\">War schon der Einzug des Prinzenpaares und des Kinderdreigestirns Prinz Maxim I., Bauer Elyas und Jungfrau Mila mit dem Fanfarenzug der schmucken Prinzengarde ein H\u00f6hepunkt des Abends, so begeisterten Julian I. und Anne mit ihrem B\u00fchnenspiel.<\/p>\n<p class=\"Paragraph_paragraph__exhQA Paragraph_paragraph--default-lg-default__8QZrI articleParagraph\">Auch das ansprechende Festprogramm des kurzweiligen Abends wird in Erinnerung bleiben. Daf\u00fcr sorgten das legend\u00e4re Tanzkorps Rheinmatrosen der Gro\u00dfen M\u00fclheimer Karnevals-Gesellschaft von 1903 mit ihrem akrobatischen Gardetanz ebenso wie die Mariechen der Alsdorfer KGs mit einer schwungvollen und farbenfrohen Darbietung. Heimspiel hatten erneut \u201eWilli &amp; Ernst\u201c, die mit ihrem trockenen Humor und merkw\u00fcrdigen Verrenkungen Lachsalven und verdienten Beifall erzeugten.<\/p>\n<p class=\"Paragraph_paragraph__exhQA Paragraph_paragraph--default-lg-default__8QZrI articleParagraph\">Zu vorger\u00fcckter Stunde konnten Vorsitzender Karl-Heinz Heinen, Gesch\u00e4ftsf\u00fchrer Stephan Mingers sowie die stellvertretende Kassiererin Svenja D\u00fcmont sich zufrieden zur\u00fccklehnen. Sie blickten auf ein wieder einmal gelungenes Ordensfest zur\u00fcck. Und k\u00f6nnen sich sicher sein, dass der Festausschuss eine Bereicherung des Brauchtums Karneval in ihrer Heimatstadt ist.<\/p>\n<p><a href=\"https:\/\/www.aachener-zeitung.de\/lokales\/region-aachen\/alsdorf\/elternbeitraege-fuer-die-offene-ganztagsgrundschule-ogs-in-alsdorf-steigen\/122795658.html\" class=\"RelatedTeaser_related-teaser__w3AgI RelatedTeaser_related-teaser--image__GJcRr read-more_withImage__1YJa_\" data-article-id=\"122795658\" target=\"_blank\" rel=\"noopener\"><\/p>\n<p>Lesen Sie auch:Elternbeitr\u00e4ge f\u00fcr die offene Ganztagsgrundschule (OGS) in Alsdorf steigen<\/p>\n<p><\/a><\/p>\n","protected":false},"excerpt":{"rendered":"\u201eFeiern mit Freunden\u201c lautete das Motto des Ordensfestes, zu dem der Festausschuss Alsdorfer Karneval in die Stadthalle geladen&hellip;\n","protected":false},"author":2,"featured_media":713419,"comment_status":"","ping_status":"","sticky":false,"template":"","format":"standard","meta":{"footnotes":""},"categories":[1853],"tags":[1424,3364,29,548,663,3934,30,13,14,15,1209,12],"class_list":{"0":"post-713418","1":"post","2":"type-post","3":"status-publish","4":"format-standard","5":"has-post-thumbnail","7":"category-aachen","8":"tag-aachen","9":"tag-de","10":"tag-deutschland","11":"tag-eu","12":"tag-europa","13":"tag-europe","14":"tag-germany","15":"tag-headlines","16":"tag-nachrichten","17":"tag-news","18":"tag-nordrhein-westfalen","19":"tag-schlagzeilen"},"share_on_mastodon":{"url":"https:\/\/pubeurope.com\/@de\/115884078201461357","error":""},"_links":{"self":[{"href":"https:\/\/www.europesays.com\/de\/wp-json\/wp\/v2\/posts\/713418","targetHints":{"allow":["GET"]}}],"collection":[{"href":"https:\/\/www.europesays.com\/de\/wp-json\/wp\/v2\/posts"}],"about":[{"href":"https:\/\/www.europesays.com\/de\/wp-json\/wp\/v2\/types\/post"}],"author":[{"embeddable":true,"href":"https:\/\/www.europesays.com\/de\/wp-json\/wp\/v2\/users\/2"}],"replies":[{"embeddable":true,"href":"https:\/\/www.europesays.com\/de\/wp-json\/wp\/v2\/comments?post=713418"}],"version-history":[{"count":0,"href":"https:\/\/www.europesays.com\/de\/wp-json\/wp\/v2\/posts\/713418\/revisions"}],"wp:featuredmedia":[{"embeddable":true,"href":"https:\/\/www.europesays.com\/de\/wp-json\/wp\/v2\/media\/713419"}],"wp:attachment":[{"href":"https:\/\/www.europesays.com\/de\/wp-json\/wp\/v2\/media?parent=713418"}],"wp:term":[{"taxonomy":"category","embeddable":true,"href":"https:\/\/www.europesays.com\/de\/wp-json\/wp\/v2\/categories?post=713418"},{"taxonomy":"post_tag","embeddable":true,"href":"https:\/\/www.europesays.com\/de\/wp-json\/wp\/v2\/tags?post=713418"}],"curies":[{"name":"wp","href":"https:\/\/api.w.org\/{rel}","templated":true}]}}