{"id":713450,"date":"2026-01-12T20:59:12","date_gmt":"2026-01-12T20:59:12","guid":{"rendered":"https:\/\/www.europesays.com\/de\/713450\/"},"modified":"2026-01-12T20:59:12","modified_gmt":"2026-01-12T20:59:12","slug":"nach-der-ankunft-gleich-auf-den-trainingsplatz","status":"publish","type":"post","link":"https:\/\/www.europesays.com\/de\/713450\/","title":{"rendered":"Nach der Ankunft gleich auf den Trainingsplatz"},"content":{"rendered":"<p class=\"text_ohne_einzug richtext text-em-55 !leading-serif mx-6 desktop:mx-0\">Mit einem letzten kleinen Gru\u00df von Eis und Schnee ist Fu\u00dfball-Regionalligist Wuppertaler SV dem Bergischen Winter entflohen. F\u00fcr die Maschine, mit der der WSV am Montag fr\u00fch letztlich gegen 9 Uhr Richtung Antalya abheben sollte, war aufgrund der zu erwartenden Witterungsbedingungen vorab eine gut einst\u00fcndige Versp\u00e4tung angesagt. Dank R\u00fcckenwind holte der Flieger den R\u00fcckstand bis Antalya aber fast auf. Von dort ging es f\u00fcr den WSV-Tross, der inklusive Fans rund 50 Personen umfasst, Richtung Hotel in Lara, und dann am Nachmittag das erste Mal auf den daneben gelegenen Trainingsplatz. \u201eWir mussten uns sehr beeilen, waren erst um kurz vor 16 Uhr im Hotel, wollten aber die Trainingsm\u00f6glichkeit nicht verstreichen lassen\u201c, so Sportdirektor Gaetano Manno.<\/p>\n","protected":false},"excerpt":{"rendered":"Mit einem letzten kleinen Gru\u00df von Eis und Schnee ist Fu\u00dfball-Regionalligist Wuppertaler SV dem Bergischen Winter entflohen. F\u00fcr&hellip;\n","protected":false},"author":2,"featured_media":713451,"comment_status":"","ping_status":"","sticky":false,"template":"","format":"standard","meta":{"footnotes":""},"categories":[1840],"tags":[15941,3364,29,54766,30,6306,163318,1209,19886,58948,679,76394,164363,164362,164361,143,6227,4418],"class_list":{"0":"post-713450","1":"post","2":"type-post","3":"status-publish","4":"format-standard","5":"has-post-thumbnail","7":"category-wuppertal","8":"tag-antalya","9":"tag-de","10":"tag-deutschland","11":"tag-gaetano-manno","12":"tag-germany","13":"tag-hotel","14":"tag-lara","15":"tag-nordrhein-westfalen","16":"tag-plaetze","17":"tag-regionalligist","18":"tag-top","19":"tag-trainingsplatz","20":"tag-trainingsplaetze","21":"tag-trainingsplaetzen","22":"tag-tross","23":"tag-tuerkei","24":"tag-wsv","25":"tag-wuppertal"},"share_on_mastodon":{"url":"https:\/\/pubeurope.com\/@de\/115884141074519139","error":""},"_links":{"self":[{"href":"https:\/\/www.europesays.com\/de\/wp-json\/wp\/v2\/posts\/713450","targetHints":{"allow":["GET"]}}],"collection":[{"href":"https:\/\/www.europesays.com\/de\/wp-json\/wp\/v2\/posts"}],"about":[{"href":"https:\/\/www.europesays.com\/de\/wp-json\/wp\/v2\/types\/post"}],"author":[{"embeddable":true,"href":"https:\/\/www.europesays.com\/de\/wp-json\/wp\/v2\/users\/2"}],"replies":[{"embeddable":true,"href":"https:\/\/www.europesays.com\/de\/wp-json\/wp\/v2\/comments?post=713450"}],"version-history":[{"count":0,"href":"https:\/\/www.europesays.com\/de\/wp-json\/wp\/v2\/posts\/713450\/revisions"}],"wp:featuredmedia":[{"embeddable":true,"href":"https:\/\/www.europesays.com\/de\/wp-json\/wp\/v2\/media\/713451"}],"wp:attachment":[{"href":"https:\/\/www.europesays.com\/de\/wp-json\/wp\/v2\/media?parent=713450"}],"wp:term":[{"taxonomy":"category","embeddable":true,"href":"https:\/\/www.europesays.com\/de\/wp-json\/wp\/v2\/categories?post=713450"},{"taxonomy":"post_tag","embeddable":true,"href":"https:\/\/www.europesays.com\/de\/wp-json\/wp\/v2\/tags?post=713450"}],"curies":[{"name":"wp","href":"https:\/\/api.w.org\/{rel}","templated":true}]}}