{"id":713504,"date":"2026-01-12T21:30:14","date_gmt":"2026-01-12T21:30:14","guid":{"rendered":"https:\/\/www.europesays.com\/de\/713504\/"},"modified":"2026-01-12T21:30:14","modified_gmt":"2026-01-12T21:30:14","slug":"kontrolle-fuer-mehr-sicherheit-am-leipziger-hauptbahnhof","status":"publish","type":"post","link":"https:\/\/www.europesays.com\/de\/713504\/","title":{"rendered":"Kontrolle f\u00fcr mehr Sicherheit am Leipziger Hauptbahnhof"},"content":{"rendered":"<p class=\"is-first-paragraph\" data-external=\"Article.FirstParagraph\">Bei Kontrollen f\u00fcr mehr Sicherheit rund um den Leipziger Hauptbahnhof hat die Polizei 15 Straftaten festgestellt. Wie die Leipziger Polizei mitteilte, handele es sich etwa um Delikte wie K\u00f6rperverletzung, Hausfriedensbruch oder Verst\u00f6\u00dfe gegen das Waffengesetz. Zudem z\u00e4hlte die Polizei neun Fahndungstreffer.<\/p>\n<p>Am vergangenen Wochenende wurden in drei Tagen rund 400 Menschen kontrolliert. Fast 200 Beamte waren daf\u00fcr am Hauptbahnhof und in Z\u00fcgen im Leipziger Umland unterwegs. Auch in dieser Woche soll ein erneuter Schwerpunkteinsatz stattfinden.<\/p>\n","protected":false},"excerpt":{"rendered":"Bei Kontrollen f\u00fcr mehr Sicherheit rund um den Leipziger Hauptbahnhof hat die Polizei 15 Straftaten festgestellt. Wie die&hellip;\n","protected":false},"author":2,"featured_media":713505,"comment_status":"","ping_status":"","sticky":false,"template":"","format":"standard","meta":{"footnotes":""},"categories":[1832],"tags":[3364,29,30,71,859],"class_list":{"0":"post-713504","1":"post","2":"type-post","3":"status-publish","4":"format-standard","5":"has-post-thumbnail","7":"category-leipzig","8":"tag-de","9":"tag-deutschland","10":"tag-germany","11":"tag-leipzig","12":"tag-sachsen"},"share_on_mastodon":{"url":"https:\/\/pubeurope.com\/@de\/115884263105782691","error":""},"_links":{"self":[{"href":"https:\/\/www.europesays.com\/de\/wp-json\/wp\/v2\/posts\/713504","targetHints":{"allow":["GET"]}}],"collection":[{"href":"https:\/\/www.europesays.com\/de\/wp-json\/wp\/v2\/posts"}],"about":[{"href":"https:\/\/www.europesays.com\/de\/wp-json\/wp\/v2\/types\/post"}],"author":[{"embeddable":true,"href":"https:\/\/www.europesays.com\/de\/wp-json\/wp\/v2\/users\/2"}],"replies":[{"embeddable":true,"href":"https:\/\/www.europesays.com\/de\/wp-json\/wp\/v2\/comments?post=713504"}],"version-history":[{"count":0,"href":"https:\/\/www.europesays.com\/de\/wp-json\/wp\/v2\/posts\/713504\/revisions"}],"wp:featuredmedia":[{"embeddable":true,"href":"https:\/\/www.europesays.com\/de\/wp-json\/wp\/v2\/media\/713505"}],"wp:attachment":[{"href":"https:\/\/www.europesays.com\/de\/wp-json\/wp\/v2\/media?parent=713504"}],"wp:term":[{"taxonomy":"category","embeddable":true,"href":"https:\/\/www.europesays.com\/de\/wp-json\/wp\/v2\/categories?post=713504"},{"taxonomy":"post_tag","embeddable":true,"href":"https:\/\/www.europesays.com\/de\/wp-json\/wp\/v2\/tags?post=713504"}],"curies":[{"name":"wp","href":"https:\/\/api.w.org\/{rel}","templated":true}]}}