{"id":713506,"date":"2026-01-12T21:31:25","date_gmt":"2026-01-12T21:31:25","guid":{"rendered":"https:\/\/www.europesays.com\/de\/713506\/"},"modified":"2026-01-12T21:31:25","modified_gmt":"2026-01-12T21:31:25","slug":"glaette-und-eisregen-und-demonstration-in-connewitz-%c2%b7-leipziger-zeitung","status":"publish","type":"post","link":"https:\/\/www.europesays.com\/de\/713506\/","title":{"rendered":"Gl\u00e4tte und Eisregen und Demonstration in Connewitz \u00b7 Leipziger Zeitung"},"content":{"rendered":"<p>Glatteis und K\u00e4lte haben nahezu ganz Deutschland fest im Griff. Auch f\u00fcr Sachsen wurde eine Wetterwarnung herausgegeben. Au\u00dferdem: In Leipzig-Connewitz wird am Montagabend mit einer Demonstration an den \u00dcberfall von mehr als 200 Anh\u00e4ngern des rechtsextremen Spektrums auf L\u00e4den und H\u00e4user im Viertel gedacht. Dieser j\u00e4hrte sich am gestrigen Sonntag zum zehnten Mal. Die LZ fasst zusammen, was am Montag, dem 12. Januar 2026, in Leipzig, Sachsen und dar\u00fcber hinaus wichtig war.<\/p>\n<p>Warnung vor Eisregen und Glatteis<\/p>\n<p><img decoding=\"async\" src=\"https:\/\/www.europesays.com\/de\/wp-content\/uploads\/2026\/01\/8da5593b43dc4700ac580f396030525a.gif\" alt=\"\" width=\"https:\/\/www.l-iz.de\/der-tag\/2026\/01\/1\" height=\"https:\/\/www.l-iz.de\/der-tag\/2026\/01\/1\"\/><\/p>\n<p>Auch f\u00fcr Sachsen wurde am heutigen Montag eine Warnung zu den aktuellen Wetterverh\u00e4ltnissen herausgegeben. <a href=\"https:\/\/warnung.bund.de\/meldungen\/dwd.2.49.0.0.276.0.DWD.PVW.1768209840000.5ee9a7e3-8037-415f-bcf0-618461d4d26d.MUL\/AmtlicheUNWETTERWARNUNGvorGLATTEIS\" target=\"_blank\" rel=\"noopener\">Das Bundesamt f\u00fcr Bev\u00f6lkerungsschutz und Katastrophenhilfe warnt vor Glatteis und pl\u00f6tzlich gefrierendem Regen.<\/a><\/p>\n<p>Man solle m\u00f6glichst \u201eAufenthalt im Freien und Fahrten vermeiden bzw. Verhalten im Stra\u00dfenverkehr anpassen\u201c. Auch seien \u201eBeeintr\u00e4chtigungen auf allen Verkehrswegen bis hin zu Sperrungen\/Schlie\u00dfungen\u201c m\u00f6glich \u2013 so beispielsweise heute auf der Zugstrecke von Leipzig nach Riesa. Da auf H\u00f6he von Dahlen eine Weiche eingefroren war, staute sich der Regionalverkehr auf dem Abschnitt.<\/p>\n<p>Auch am Flughafen\/Leipzig (Saale) sowieso am Dresdner Airport reagierte man auf die Extrem-Wetterverh\u00e4ltnisse: So strich die Lufthansa alle Inlandsfl\u00fcge von und nach Sachsen.<\/p>\n<p>Ufer neu am Elsterm\u00fchlgraben<\/p>\n<p>Heute begann die Erneuerung des Ufers am Teilabschnitt des Elsterm\u00fchlgrabens am Ranst\u00e4dter Steinweg. Zwischen Naturkundemuseum und Thomasiusstra\u00dfe werden bis Juli dieses Jahres begr\u00fcnte Uferbermen (Aufweitung des Querprofils des Flusses) gestaltet. Dadurch soll ein naturnaher Verlauf des Gew\u00e4ssers entstehen.<\/p>\n<p>Auch wird ein \u00fcber Treppen begehbarer Zugang zum Wasser geschaffen. Parallel zu den Arbeiten am Ufer wird auch der letzte Teilabschnitt des Elsterm\u00fchlgrabens offengelegt. Die Wiederer\u00f6ffnung des Gew\u00e4ssers ist f\u00fcr Juli 2026 geplant.<\/p>\n<p><a href=\"https:\/\/www.l-iz.de\/politik\/brennpunkt\/2026\/01\/ab-montag-ufer-elstermuhlgraben-wird-gestaltet-643572\" target=\"_blank\" rel=\"noopener\">Ausf\u00fchrlicher hat unser Redakteur Ralf Julke hier \u00fcber das Thema berichtet<\/a>.<\/p>\n<p>Demo in Connewitz<\/p>\n<p><a href=\"https:\/\/www.l-iz.de\/politik\/engagement\/2026\/01\/zehn-jahre-nach-neonazi-sturm-auf-connewitz-aufruf-demo-wolfgang-heinze-strasse-montagabend-643558\" target=\"_blank\" rel=\"noopener\">In Leipzig-Connewitz wurde f\u00fcr den heutigen Montagabend zur Demonstration aufgerufen.<\/a> Nachdem sich am gestrigen Sonntag der \u00dcberfall auf das linke Viertel durch mehrere hundert Personen aus der rechtsextremen Szene zum zehnten Mal j\u00e4hrte, wolle man mit der Aktion ein weiteres Zeichen setzen und erneut \u201eauf Spurensuche\u201c gehen.<\/p>\n<p>Am 11. Januar 2016, dem ersten Jahrestag des damaligen Leipziger Pegida-Ablegers Legida, waren mehr als 200 schwarz gekleidete und teils mit \u00c4xten, Stangen und Totschl\u00e4gern bewaffnete Personen durch das linksalternativ gepr\u00e4gten Connewitz gezogen und Menschen eingesch\u00fcchtert, angegriffen und bedroht.<\/p>\n<p>Es wurden au\u00dferdem Autos, Gesch\u00e4fte und Wohnh\u00e4user demoliert. In einem Bistro wurde die Decke durch einen Sprengsatz besch\u00e4digt, der Thekenmitarbeiter und die G\u00e4ste fl\u00fcchteten in Panik durch eine Hintert\u00fcr. Der entstandene Schaden belief sich insgesamt auf rund 113.000 Euro.<\/p>\n<p>In den in den letzten Jahren gelaufenen Strafprozessen gingen f\u00fcr die T\u00e4ter recht glimpflich aus: Kaum einer der Beteiligten erhielt eine Haftstrafe, oftmals wurden Bew\u00e4hrungsstrafen verh\u00e4ngt. Zudem hatte die gerichtliche Aufarbeitung fast zwei Jahre auf sich warten lassen: Der erste Prozess gegen zwei Beteiligte hatte\u00a0<a href=\"https:\/\/www.l-iz.de\/leben\/faelle-unfaelle\/2018\/08\/Neonazi-Angriff-am-11-Januar-2016-Erster-Prozess-in-Leipzig-hat-begonnen-229227\" target=\"_blank\" rel=\"noopener\">erst im August 2018 begonnen<\/a>.<\/p>\n<p>Die LZ wird bei der Demonstration vor Ort sein und zu sp\u00e4terer Stunde Fotos und gegebenenfalls ein Update liefern.<\/p>\n<p><strong>Update, 21.15 Uhr:<\/strong> Etwa 500 Personen beteiligten sich an der Demonstration, welche nach einer Anfangskundgebung auf der Wolfgang-Heinze-Stra\u00dfe verschiedene Schaupl\u00e4tze und mit dem Angriff in Zusammenhang stehende Orte im S\u00fcden Leipzigs ablief. Eigenen Beobachtungen nach verlief die Demonstration friedlich.<\/p>\n<ul class=\"swiper-wrapper kf-gallery-photos\">\n<li class=\"swiper-slide\"><img decoding=\"async\" width=\"698\" height=\"465\" src=\"https:\/\/www.europesays.com\/de\/wp-content\/uploads\/2026\/01\/5415939338215821890-698x465.jpg\" class=\"attachment-large size-large\" alt=\"\" loading=\"lazy\"  \/>Demonstration anl\u00e4sslich des 10. Jahrestages des Nazi-Angriffs auf Connewitz. Foto: Lucas B\u00f6hme<\/li>\n<li class=\"swiper-slide\"><img decoding=\"async\" width=\"698\" height=\"465\" src=\"https:\/\/www.europesays.com\/de\/wp-content\/uploads\/2026\/01\/Demo_Connewitz-698x465.jpg\" class=\"attachment-large size-large\" alt=\"\" loading=\"lazy\"  \/>Demonstration anl\u00e4sslich des 10. Jahrestages des Nazi-Angriffs auf Connewitz. Foto: Lucas B\u00f6hme<\/li>\n<\/ul>\n<p><img decoding=\"async\" width=\"50\" height=\"50\" src=\"https:\/\/www.europesays.com\/de\/wp-content\/uploads\/2026\/01\/5415939338215821890-50x50.jpg\" class=\"slide-thumb-image\" alt=\"\" loading=\"lazy\"  \/><img decoding=\"async\" width=\"50\" height=\"50\" src=\"https:\/\/www.europesays.com\/de\/wp-content\/uploads\/2026\/01\/Demo_Connewitz-50x50.jpg\" class=\"slide-thumb-image\" alt=\"\" loading=\"lazy\"  \/><br \/>\nRekorddefizit, Speckg\u00fcrtelromantik und Lake Cospuden<\/p>\n<p><strong>Wor\u00fcber die LZ heute berichtet hat:<\/strong><\/p>\n<p><a href=\"https:\/\/www.l-iz.de\/politik\/sachsen\/2026\/01\/sachsischer-stadte-und-gemeindetag-rekorddefizit-herbst-2025-1-milliarde-euro-643698\" target=\"_blank\" rel=\"noopener\">S\u00e4chsischer St\u00e4dte- und Gemeindetag: Rekorddefizit schon im Herbst 2025 \u00fcber 1 Milliarde Euro<\/a><\/p>\n<p><a href=\"https:\/\/www.l-iz.de\/politik\/brennpunkt\/2026\/01\/ruckmarsdorf-soll-recycling-baustoffzentrum-entstehen-643643\" target=\"_blank\" rel=\"noopener\">In R\u00fcckmarsdorf soll ein Recycling- und Baustoffzentrum entstehen<\/a><\/p>\n<p><a href=\"https:\/\/www.l-iz.de\/en\/politics\/hotspot\/2026\/01\/lake-cospuden-oekoloewe-files-objection-to-declaration-allowing-boat-traffic-643771\" target=\"_blank\" rel=\"noopener\">Lake Cospuden: \u00d6kol\u00f6we Files Objection to Declaration Allowing Boat Traffic\u00a0<\/a><\/p>\n<p><a href=\"https:\/\/www.l-iz.de\/politik\/brennpunkt\/2026\/01\/leer-stehender-wohnturm-in-grunau-geschieht-bald-etwas-breisgaustrasse-643663\" target=\"_blank\" rel=\"noopener\">Leer stehender Wohnturm in Gr\u00fcnau: Geschieht bald etwas in der Breisgaustra\u00dfe?<\/a><\/p>\n<p><a href=\"https:\/\/www.l-iz.de\/leben\/gesellschaft\/2026\/01\/die-freiheit-die-ich-meine-grosse-resonanz-bundesweiter-schreibwettbewerb-643727\" target=\"_blank\" rel=\"noopener\">Die Freiheit, die ich meine: Gro\u00dfe Resonanz zum bundesweiten Schreibwettbewerb<\/a><\/p>\n<p><a href=\"https:\/\/www.l-iz.de\/sport\/weitere\/2026\/01\/speckgurtelromantik-skitag-leipziger-neuseenland-643719\" target=\"_blank\" rel=\"noopener\">Speckg\u00fcrtelromantik: Ein Skitag im Leipziger Neuseenland<\/a><\/p>\n<p><a href=\"https:\/\/www.l-iz.de\/politik\/sachsen\/2026\/01\/sachsens-kommunen-in-der-schuldenfalle-cdu-fraktion-will-wieder-kurzen-spd-fraktion-fordert-politikwechsel-643704\" target=\"_blank\" rel=\"noopener\">Sachsens Kommunen in der Schuldenfalle: CDU-Fraktion will wieder k\u00fcrzen, SPD-Fraktion fordert Politikwechsel<\/a><\/p>\n<p><a href=\"https:\/\/www.l-iz.de\/en\/top-posts-en\/2026\/01\/birds-in-winter-how-to-feed-them-properly-and-what-you-should-never-do-643798\" target=\"_blank\" rel=\"noopener\">Birds in winter: How to Feed Them Properly and What You Should Never Do\u00a0<\/a><\/p>\n<p>M\u00fcller-Urteil und Gegenprotest im Iran<\/p>\n<p><strong>Was heute au\u00dferdem wichtig war:<\/strong><\/p>\n<p>Am Landgericht fand heute der vorerst letzte Prozesstag im Fall um die Schlagers\u00e4ngerin Melanie M\u00fcller (37) statt. Die Oschatzerin soll auf einem Konzert im September 2022 in Leipzig den Hitlergru\u00df gezeigt haben. Im August 2024 hatte das Leipziger Amtsgericht sie deshalb wegen des Verwendens von Kennzeichen verfassungswidriger und terroristischer Organisationen sowie Drogenbesitzes zu einer Gesamtgeldstrafe von 160 Tagess\u00e4tzen zu je 500 Euro, insgesamt also 80.000 Euro, verurteilt.\u00a0Gegen das Urteil hatte M\u00fcller Berufung eingelegt.<\/p>\n<p><a href=\"https:\/\/www.l-iz.de\/leben\/faelle-unfaelle\/2026\/01\/landgericht-melanie-mueller-nach-berufungsprozess-um-sogenannten-hitlergruss-zu-3-500-euro-geldstrafe-verurteilt-643779\" target=\"_blank\" rel=\"noopener\">Unser Redakteur Lucas B\u00f6hme hat den Fall begleitet und hier ausf\u00fchrlich \u00fcber den Ausgang des heutigen Prozesstages berichtet.<\/a><\/p>\n<p><a href=\"https:\/\/www.tagesschau.de\/ausland\/asien\/iran-gegendemonstration-internet-100.html\" target=\"_blank\" rel=\"noopener\">Medienberichten zufolge<\/a> hat das Mullah-Regime, gegen welches seit mehreren Tagen Massenproteste im Iran stattfinden, nun wiederum eigene Anh\u00e4nger*innen zum Gegenprotest aufgerufen. In den Berichten sprach man von einem \u201eiranischen Aufstand gegen amerikanisch-zionistischen Terrorismus\u201c, aufgrund fehlender Pressefreiheit im Land k\u00f6nnen derartige Aussagen allerdings nur schwer \u00fcberpr\u00fcft werden.<\/p>\n","protected":false},"excerpt":{"rendered":"Glatteis und K\u00e4lte haben nahezu ganz Deutschland fest im Griff. Auch f\u00fcr Sachsen wurde eine Wetterwarnung herausgegeben. Au\u00dferdem:&hellip;\n","protected":false},"author":2,"featured_media":713507,"comment_status":"","ping_status":"","sticky":false,"template":"","format":"standard","meta":{"footnotes":""},"categories":[1832],"tags":[38497,3364,507,2409,29,30,71,859,4951],"class_list":{"0":"post-713506","1":"post","2":"type-post","3":"status-publish","4":"format-standard","5":"has-post-thumbnail","7":"category-leipzig","8":"tag-connewitz","9":"tag-de","10":"tag-demonstration","11":"tag-der-tag","12":"tag-deutschland","13":"tag-germany","14":"tag-leipzig","15":"tag-sachsen","16":"tag-winter"},"share_on_mastodon":{"url":"https:\/\/pubeurope.com\/@de\/115884267085199734","error":""},"_links":{"self":[{"href":"https:\/\/www.europesays.com\/de\/wp-json\/wp\/v2\/posts\/713506","targetHints":{"allow":["GET"]}}],"collection":[{"href":"https:\/\/www.europesays.com\/de\/wp-json\/wp\/v2\/posts"}],"about":[{"href":"https:\/\/www.europesays.com\/de\/wp-json\/wp\/v2\/types\/post"}],"author":[{"embeddable":true,"href":"https:\/\/www.europesays.com\/de\/wp-json\/wp\/v2\/users\/2"}],"replies":[{"embeddable":true,"href":"https:\/\/www.europesays.com\/de\/wp-json\/wp\/v2\/comments?post=713506"}],"version-history":[{"count":0,"href":"https:\/\/www.europesays.com\/de\/wp-json\/wp\/v2\/posts\/713506\/revisions"}],"wp:featuredmedia":[{"embeddable":true,"href":"https:\/\/www.europesays.com\/de\/wp-json\/wp\/v2\/media\/713507"}],"wp:attachment":[{"href":"https:\/\/www.europesays.com\/de\/wp-json\/wp\/v2\/media?parent=713506"}],"wp:term":[{"taxonomy":"category","embeddable":true,"href":"https:\/\/www.europesays.com\/de\/wp-json\/wp\/v2\/categories?post=713506"},{"taxonomy":"post_tag","embeddable":true,"href":"https:\/\/www.europesays.com\/de\/wp-json\/wp\/v2\/tags?post=713506"}],"curies":[{"name":"wp","href":"https:\/\/api.w.org\/{rel}","templated":true}]}}