{"id":713578,"date":"2026-01-12T22:11:15","date_gmt":"2026-01-12T22:11:15","guid":{"rendered":"https:\/\/www.europesays.com\/de\/713578\/"},"modified":"2026-01-12T22:11:15","modified_gmt":"2026-01-12T22:11:15","slug":"trickdiebe-in-wiesbaden-erbeuten-mehrere-schmuckstuecke-und-bargeld","status":"publish","type":"post","link":"https:\/\/www.europesays.com\/de\/713578\/","title":{"rendered":"Trickdiebe in Wiesbaden erbeuten mehrere Schmuckst\u00fccke und Bargeld"},"content":{"rendered":"<p>&#13;<br \/>\n        &#13;<br \/>\n&#13;<br \/>\n        &#13;<\/p>\n<p>            <a href=\"https:\/\/www.rheinmainverlag.de\/wp-content\/uploads\/2022\/11\/Jeanette1980-Pixabay.jpg\" data-caption=\"(Symbolfoto: Jeanette1980 Pixabay)\" target=\"_blank\" rel=\"noopener\"><img loading=\"lazy\" decoding=\"async\" width=\"696\" height=\"458\" class=\"entry-thumb td-modal-image\" src=\"data:image\/svg+xml,%3Csvg%20xmlns=\" http:=\"\" data-lazy- data-lazy- alt=\"\" title=\"Polizei rmv\" data-lazy-src=\"https:\/\/www.europesays.com\/de\/wp-content\/uploads\/2025\/08\/Jeanette1980-Pixabay-696x458.jpg\"\/><\/a>(Symbolfoto: Jeanette1980 Pixabay)<\/p>\n<p>Am gestrigen Sonntagnachmittag (11.) erbeuteten Trickdiebe in Wiesbaden mehrere Schmuckst\u00fccke und Bargeld, indem sie eine \u00e4ltere Dame mit einem Vorwand ablenkten.<\/p>\n<p>Am Sonntag gegen 16 klingelte ein m\u00e4nnlicher T\u00e4ter bei einer \u00e4lteren Dame in der Eintrachtstra\u00dfe und bat die \u00e4ltere Dame ins Erdgeschoss des Mehrfamilienhauses, wo er ihr angeblich einen Hinweis an der Informationstafel zeigen wollte. W\u00e4hrend dieses ca 30 Minuten andauernden Gespr\u00e4chs im Hausflur muss sich mindestens ein weiterer T\u00e4ter unbemerkt Zutritt zur Wohnung der Frau verschafft haben. Die \u00e4ltere Dame stellte einige Stunden sp\u00e4ter das Fehlen von mehreren Halsketten aus ihrem Schmuckk\u00e4stchen sowie Bargeld fest.<\/p>\n<p>Der m\u00e4nnliche T\u00e4ter, der die Gesch\u00e4digte ablenkte, sei laut dieser zwischen 30 bis 40 Jahre alt gewesen, 165 bis 170 cm gro\u00df, s\u00fcdl\u00e4ndischer Ph\u00e4notyp, habe einen Vollbart und sei mit einer dunklen Jacke, einer dunklen Hose und dunklen Schuhe bekleidet gewesen.<\/p>\n<p>Die Polizei Wiesbaden hat die Ermittlungen aufgenommen und nimmt Hinweise unter der Rufnummer 0611\/345-2140 entgegen.<\/p>\n<p>(Text: PM PP Westhessen)<\/p>\n<p><a href=\"https:\/\/www.rheinmainverlag.de\/author\/ahessberger\/\" target=\"_blank\" rel=\"noopener\"><img loading=\"lazy\" decoding=\"async\" src=\"data:image\/svg+xml,%3Csvg%20xmlns=\" http:=\"\" width=\"200\" height=\"200\" alt=\"\" itemprop=\"image\" data-lazy-src=\"https:\/\/www.europesays.com\/de\/wp-content\/uploads\/2025\/04\/Katja_Hessberger.jpg\"\/><\/a><\/p>\n<p>\u2026 erschlie\u00dft sich ihre Welt, indem sie viel Zeit in der Natur verbringt. Bei langen Fahrradtouren und sch\u00f6ne Wanderungen tankt sie Kraft. Lokale Themen sind ihre Welt. Sowohl in den Printprodukten als auch online informiert sie am liebsten \u00fcber Polizeiberichte, Tiergeschichten und Umweltthemen. Absolute Lieblingsbesch\u00e4ftigung in der Adventszeit: Pl\u00e4tzchen backen.<br \/>Mag: Tiere | Backen | Lokale Geschichten<\/p>\n<p>Set your Author Custom HTML Tab Content on your <a href=\"https:\/\/www.rheinmainverlag.de\/wp-admin\/profile.php#sabox-custom-job-title\" target=\"_blank\" class=\"clickable\" rel=\"noopener\">Profile page<\/a><\/p>\n<p>        &#13;<br \/>\n&#13;<br \/>\n        &#13;<br \/>\n                        &#13;<br \/>\n            &#13;<br \/>\n&#13;<br \/>\n                                                        &#13;<br \/>\n&#13;<\/p>\n","protected":false},"excerpt":{"rendered":"&#13; &#13; &#13; &#13; (Symbolfoto: Jeanette1980 Pixabay) Am gestrigen Sonntagnachmittag (11.) erbeuteten Trickdiebe in Wiesbaden mehrere Schmuckst\u00fccke und&hellip;\n","protected":false},"author":2,"featured_media":372382,"comment_status":"","ping_status":"","sticky":false,"template":"","format":"standard","meta":{"footnotes":""},"categories":[1847],"tags":[3364,29,548,663,3934,30,13,2052,14,15,12,4544],"class_list":{"0":"post-713578","1":"post","2":"type-post","3":"status-publish","4":"format-standard","5":"has-post-thumbnail","7":"category-wiesbaden","8":"tag-de","9":"tag-deutschland","10":"tag-eu","11":"tag-europa","12":"tag-europe","13":"tag-germany","14":"tag-headlines","15":"tag-hessen","16":"tag-nachrichten","17":"tag-news","18":"tag-schlagzeilen","19":"tag-wiesbaden"},"share_on_mastodon":{"url":"https:\/\/pubeurope.com\/@de\/115884424126261889","error":""},"_links":{"self":[{"href":"https:\/\/www.europesays.com\/de\/wp-json\/wp\/v2\/posts\/713578","targetHints":{"allow":["GET"]}}],"collection":[{"href":"https:\/\/www.europesays.com\/de\/wp-json\/wp\/v2\/posts"}],"about":[{"href":"https:\/\/www.europesays.com\/de\/wp-json\/wp\/v2\/types\/post"}],"author":[{"embeddable":true,"href":"https:\/\/www.europesays.com\/de\/wp-json\/wp\/v2\/users\/2"}],"replies":[{"embeddable":true,"href":"https:\/\/www.europesays.com\/de\/wp-json\/wp\/v2\/comments?post=713578"}],"version-history":[{"count":0,"href":"https:\/\/www.europesays.com\/de\/wp-json\/wp\/v2\/posts\/713578\/revisions"}],"wp:featuredmedia":[{"embeddable":true,"href":"https:\/\/www.europesays.com\/de\/wp-json\/wp\/v2\/media\/372382"}],"wp:attachment":[{"href":"https:\/\/www.europesays.com\/de\/wp-json\/wp\/v2\/media?parent=713578"}],"wp:term":[{"taxonomy":"category","embeddable":true,"href":"https:\/\/www.europesays.com\/de\/wp-json\/wp\/v2\/categories?post=713578"},{"taxonomy":"post_tag","embeddable":true,"href":"https:\/\/www.europesays.com\/de\/wp-json\/wp\/v2\/tags?post=713578"}],"curies":[{"name":"wp","href":"https:\/\/api.w.org\/{rel}","templated":true}]}}