{"id":713579,"date":"2026-01-12T22:12:13","date_gmt":"2026-01-12T22:12:13","guid":{"rendered":"https:\/\/www.europesays.com\/de\/713579\/"},"modified":"2026-01-12T22:12:13","modified_gmt":"2026-01-12T22:12:13","slug":"faschingsumzug-durch-innenstadt","status":"publish","type":"post","link":"https:\/\/www.europesays.com\/de\/713579\/","title":{"rendered":"Faschingsumzug durch Innenstadt"},"content":{"rendered":"<p><strong>Augsburg \u2013 <\/strong>Am Rosenmontag, 16. Februar, schl\u00e4ngelt sich zum vierten Mal wieder ein Gaudiwurm durch die Augsburger Innenstadt. Der Faschingsumzug f\u00fcr Kinder und Jugendliche setzt sich um 11.33\u00a0Uhr in Bewegung. Die Strecke f\u00fchrt vom Rathausplatz \u00fcber die Steingasse durch die Annastra\u00dfe zum Martin-Luther-Platz und von dort durch die Philippine-Welser-Stra\u00dfe wieder zur\u00fcck zum Rathausplatz. Wie die Stadt Augsburg mitteilt, seien aktuell 21 Gruppen angemeldet, die auf rund 860 Teilnehmerinnen und Teilnehmer kommen.<\/p>\n<p>Weitere Anmeldungen sind noch bis Freitag, 16. Januar, unter&#8230;<\/p>\n<p>Weiterlesen mit<\/p>\n<p>                                                                                <img decoding=\"async\" src=\"https:\/\/www.europesays.com\/de\/wp-content\/uploads\/2025\/04\/donaukurier-plus.png\" alt=\"Plus-Logo\" class=\"paywall-image\"\/><\/p>\n<p class=\"text-center\">\n            Sie sind bereits registriert oder Plus-Abonnent?<\/p>\n<p>                Hier anmelden<\/p>\n","protected":false},"excerpt":{"rendered":"Augsburg \u2013 Am Rosenmontag, 16. Februar, schl\u00e4ngelt sich zum vierten Mal wieder ein Gaudiwurm durch die Augsburger Innenstadt.&hellip;\n","protected":false},"author":2,"featured_media":713580,"comment_status":"","ping_status":"","sticky":false,"template":"","format":"standard","meta":{"footnotes":""},"categories":[1846],"tags":[680,772,3364,29,548,663,3934,30,13,14,15,12],"class_list":{"0":"post-713579","1":"post","2":"type-post","3":"status-publish","4":"format-standard","5":"has-post-thumbnail","7":"category-augsburg","8":"tag-augsburg","9":"tag-bayern","10":"tag-de","11":"tag-deutschland","12":"tag-eu","13":"tag-europa","14":"tag-europe","15":"tag-germany","16":"tag-headlines","17":"tag-nachrichten","18":"tag-news","19":"tag-schlagzeilen"},"share_on_mastodon":{"url":"https:\/\/pubeurope.com\/@de\/115884428154759078","error":""},"_links":{"self":[{"href":"https:\/\/www.europesays.com\/de\/wp-json\/wp\/v2\/posts\/713579","targetHints":{"allow":["GET"]}}],"collection":[{"href":"https:\/\/www.europesays.com\/de\/wp-json\/wp\/v2\/posts"}],"about":[{"href":"https:\/\/www.europesays.com\/de\/wp-json\/wp\/v2\/types\/post"}],"author":[{"embeddable":true,"href":"https:\/\/www.europesays.com\/de\/wp-json\/wp\/v2\/users\/2"}],"replies":[{"embeddable":true,"href":"https:\/\/www.europesays.com\/de\/wp-json\/wp\/v2\/comments?post=713579"}],"version-history":[{"count":0,"href":"https:\/\/www.europesays.com\/de\/wp-json\/wp\/v2\/posts\/713579\/revisions"}],"wp:featuredmedia":[{"embeddable":true,"href":"https:\/\/www.europesays.com\/de\/wp-json\/wp\/v2\/media\/713580"}],"wp:attachment":[{"href":"https:\/\/www.europesays.com\/de\/wp-json\/wp\/v2\/media?parent=713579"}],"wp:term":[{"taxonomy":"category","embeddable":true,"href":"https:\/\/www.europesays.com\/de\/wp-json\/wp\/v2\/categories?post=713579"},{"taxonomy":"post_tag","embeddable":true,"href":"https:\/\/www.europesays.com\/de\/wp-json\/wp\/v2\/tags?post=713579"}],"curies":[{"name":"wp","href":"https:\/\/api.w.org\/{rel}","templated":true}]}}