{"id":713605,"date":"2026-01-12T22:29:13","date_gmt":"2026-01-12T22:29:13","guid":{"rendered":"https:\/\/www.europesays.com\/de\/713605\/"},"modified":"2026-01-12T22:29:13","modified_gmt":"2026-01-12T22:29:13","slug":"reaktion-auf-russische-bedrohung-frankreich-startet-rekrutierungskampagne-fuer-freiwilligen-wehrdienst","status":"publish","type":"post","link":"https:\/\/www.europesays.com\/de\/713605\/","title":{"rendered":"Reaktion auf russische Bedrohung &#8211; Frankreich startet Rekrutierungskampagne f\u00fcr freiwilligen Wehrdienst"},"content":{"rendered":"<p>                    <img decoding=\"async\" loading=\"lazy\" class=\"internal-image\" title=\"Eine Soldatin h\u00e4lt ein Gewehr vor der Brust, auf ihrem Hemdarm sieht man die franz\u00f6sische Fahne.\" alt=\"Eine Soldatin h\u00e4lt ein Gewehr vor der Brust, auf ihrem Hemdarm sieht man die franz\u00f6sische Fahne.\" src=\"https:\/\/www.europesays.com\/de\/wp-content\/uploads\/2026\/01\/frankreich-armee-soldaten-aufruestung-100-1920x1080.jpg\" \/><\/p>\n<p>                  Frankreich will mehr M\u00e4nner und Frauen f\u00fcr den Wehrdienst gewinnen. (AFP \/ LUDOVIC MARIN)<\/p>\n<p>Die Armee teilte mit, Zielgruppe seien 18- bis 25-j\u00e4hrige M\u00e4nner und Frauen, die bereit seien, &#8222;einen Beitrag zur Widerstandsf\u00e4higkeit der Nation&#8220; zu leisten.<\/p>\n<p>Die franz\u00f6sische Regierung hatte den Wehrdienst als Reaktion auf die zunehmende Bedrohung durch Russland eingef\u00fchrt. Er dauert zehn Monate, als Sold \u200bgibt \u200bes monatlich \u200betwa 800 Euro. Der erste Jahrgang soll im September starten, mit zun\u00e4chst 3.000 Freiwilligen. Bis 2030 soll die Zahl auf mindestens 10.000 steigen.<\/p>\n<p>Die Wehrpflicht in Frankreich ist seit 1997 ausgesetzt.<\/p>\n<p>Diese Nachricht wurde am 12.01.2026 im Programm Deutschlandfunk gesendet.<\/p>\n","protected":false},"excerpt":{"rendered":"Frankreich will mehr M\u00e4nner und Frauen f\u00fcr den Wehrdienst gewinnen. (AFP \/ LUDOVIC MARIN) Die Armee teilte mit,&hellip;\n","protected":false},"author":2,"featured_media":713606,"comment_status":"","ping_status":"","sticky":false,"template":"","format":"standard","meta":{"footnotes":""},"categories":[3974],"tags":[331,332,548,663,3934,3980,156,13,14,15,12],"class_list":{"0":"post-713605","1":"post","2":"type-post","3":"status-publish","4":"format-standard","5":"has-post-thumbnail","7":"category-frankreich","8":"tag-aktuelle-nachrichten","9":"tag-aktuelle-news","10":"tag-eu","11":"tag-europa","12":"tag-europe","13":"tag-france","14":"tag-frankreich","15":"tag-headlines","16":"tag-nachrichten","17":"tag-news","18":"tag-schlagzeilen"},"share_on_mastodon":{"url":"https:\/\/pubeurope.com\/@de\/115884494911930388","error":""},"_links":{"self":[{"href":"https:\/\/www.europesays.com\/de\/wp-json\/wp\/v2\/posts\/713605","targetHints":{"allow":["GET"]}}],"collection":[{"href":"https:\/\/www.europesays.com\/de\/wp-json\/wp\/v2\/posts"}],"about":[{"href":"https:\/\/www.europesays.com\/de\/wp-json\/wp\/v2\/types\/post"}],"author":[{"embeddable":true,"href":"https:\/\/www.europesays.com\/de\/wp-json\/wp\/v2\/users\/2"}],"replies":[{"embeddable":true,"href":"https:\/\/www.europesays.com\/de\/wp-json\/wp\/v2\/comments?post=713605"}],"version-history":[{"count":0,"href":"https:\/\/www.europesays.com\/de\/wp-json\/wp\/v2\/posts\/713605\/revisions"}],"wp:featuredmedia":[{"embeddable":true,"href":"https:\/\/www.europesays.com\/de\/wp-json\/wp\/v2\/media\/713606"}],"wp:attachment":[{"href":"https:\/\/www.europesays.com\/de\/wp-json\/wp\/v2\/media?parent=713605"}],"wp:term":[{"taxonomy":"category","embeddable":true,"href":"https:\/\/www.europesays.com\/de\/wp-json\/wp\/v2\/categories?post=713605"},{"taxonomy":"post_tag","embeddable":true,"href":"https:\/\/www.europesays.com\/de\/wp-json\/wp\/v2\/tags?post=713605"}],"curies":[{"name":"wp","href":"https:\/\/api.w.org\/{rel}","templated":true}]}}