{"id":713607,"date":"2026-01-12T22:31:11","date_gmt":"2026-01-12T22:31:11","guid":{"rendered":"https:\/\/www.europesays.com\/de\/713607\/"},"modified":"2026-01-12T22:31:11","modified_gmt":"2026-01-12T22:31:11","slug":"europa-rueckkehr-angebot-fuer-kante","status":"publish","type":"post","link":"https:\/\/www.europesays.com\/de\/713607\/","title":{"rendered":"Europa-R\u00fcckkehr: Angebot f\u00fcr Kant\u00e9"},"content":{"rendered":"<p>N\u2019Golo <a href=\"https:\/\/www.fussballtransfers.com\/spieler\/ngolo-kante\/\" target=\"_blank\" rel=\"noopener\">Kant\u00e9<\/a> k\u00f6nnte bald seinem Beruf wieder in Europa nachgehen. Dem franz\u00f6sischen Nationalspieler liegt laut Yagiz Sabuncuoglu ein Angebot von <a href=\"https:\/\/www.fussballtransfers.com\/verein\/fenerbahce\/\" target=\"_blank\" rel=\"noopener\">Fenerbahce<\/a> vor. Am Dienstag soll ein Treffen zwischen dem Berater des 34-J\u00e4hrigen und den Offiziellen der Gelben Kanarienv\u00f6gel stattfinden.<\/p>\n<p>            Unter der Anzeige geht&#8217;s weiter<\/p>\n<p>Seit 2023 steht Kant\u00e9 in Saudi Arabien bei Al Ittihad unter Vertrag. Sein Arbeitspapier ist noch bis Sommer g\u00fcltig. Nun k\u00f6nnte es zum vorzeitigen Abschied aus der W\u00fcste kommen. Obwohl der umtriebige Sechser nicht mehr in Europas Spitzenfu\u00dfball vertreten ist, wurde er im vergangenen November wieder f\u00fcr die Nationalmannschaft nominiert.<\/p>\n","protected":false},"excerpt":{"rendered":"N\u2019Golo Kant\u00e9 k\u00f6nnte bald seinem Beruf wieder in Europa nachgehen. Dem franz\u00f6sischen Nationalspieler liegt laut Yagiz Sabuncuoglu ein&hellip;\n","protected":false},"author":2,"featured_media":713608,"comment_status":"","ping_status":"","sticky":false,"template":"","format":"standard","meta":{"footnotes":""},"categories":[3933],"tags":[331,332,548,663,158,3934,3935,13,14,15,12],"class_list":{"0":"post-713607","1":"post","2":"type-post","3":"status-publish","4":"format-standard","5":"has-post-thumbnail","7":"category-eu","8":"tag-aktuelle-nachrichten","9":"tag-aktuelle-news","10":"tag-eu","11":"tag-europa","12":"tag-europaeische-union","13":"tag-europe","14":"tag-european-union","15":"tag-headlines","16":"tag-nachrichten","17":"tag-news","18":"tag-schlagzeilen"},"share_on_mastodon":{"url":"https:\/\/pubeurope.com\/@de\/115884502777935009","error":""},"_links":{"self":[{"href":"https:\/\/www.europesays.com\/de\/wp-json\/wp\/v2\/posts\/713607","targetHints":{"allow":["GET"]}}],"collection":[{"href":"https:\/\/www.europesays.com\/de\/wp-json\/wp\/v2\/posts"}],"about":[{"href":"https:\/\/www.europesays.com\/de\/wp-json\/wp\/v2\/types\/post"}],"author":[{"embeddable":true,"href":"https:\/\/www.europesays.com\/de\/wp-json\/wp\/v2\/users\/2"}],"replies":[{"embeddable":true,"href":"https:\/\/www.europesays.com\/de\/wp-json\/wp\/v2\/comments?post=713607"}],"version-history":[{"count":0,"href":"https:\/\/www.europesays.com\/de\/wp-json\/wp\/v2\/posts\/713607\/revisions"}],"wp:featuredmedia":[{"embeddable":true,"href":"https:\/\/www.europesays.com\/de\/wp-json\/wp\/v2\/media\/713608"}],"wp:attachment":[{"href":"https:\/\/www.europesays.com\/de\/wp-json\/wp\/v2\/media?parent=713607"}],"wp:term":[{"taxonomy":"category","embeddable":true,"href":"https:\/\/www.europesays.com\/de\/wp-json\/wp\/v2\/categories?post=713607"},{"taxonomy":"post_tag","embeddable":true,"href":"https:\/\/www.europesays.com\/de\/wp-json\/wp\/v2\/tags?post=713607"}],"curies":[{"name":"wp","href":"https:\/\/api.w.org\/{rel}","templated":true}]}}