{"id":713644,"date":"2026-01-12T22:51:11","date_gmt":"2026-01-12T22:51:11","guid":{"rendered":"https:\/\/www.europesays.com\/de\/713644\/"},"modified":"2026-01-12T22:51:11","modified_gmt":"2026-01-12T22:51:11","slug":"wir-koennen-uns-nicht-staendig-hinter-problemen-verstecken","status":"publish","type":"post","link":"https:\/\/www.europesays.com\/de\/713644\/","title":{"rendered":"\u201eWir k\u00f6nnen uns nicht st\u00e4ndig hinter Problemen verstecken\u201c"},"content":{"rendered":"<p class=\"bold\">\n\t\t\t\t\t\t\t\t\t\t\tDresden.<br \/>\n\t\t\t\t\t\t\t\t\t\t\t\t\t\t\t\tBei vielen Patienten w\u00e4chst die Unzufriedenheit \u00fcber lange Wartezeiten auf einen Facharzttermin. Theoretisch soll die Terminservicestelle unter der Rufnummer 116 117 in dringenden F\u00e4llen innerhalb von vier Wochen einen Termin vermitteln. Praktisch allerdings klappt das oft nicht. \u00dcber Ursachen und L\u00f6sungsm\u00f6glichkeiten sprach die \u201eFreie Presse\u201c mit Dr. Stefan Windau, Vorstandsvorsitzender der Kassen\u00e4rztlichen Vereinigung Sachsen, die die Terminservicestelle betreibt.\t\t\t\t<\/p>\n<p>            \u201eFreie Presse\u201c: Herr Dr. Windau, wie h\u00e4ufig wird der Terminservice 116117 von Patienten in Sachsen genutzt, die dringend einen Facharzt suchen?<\/p>\n<p>\t\t<img decoding=\"async\" class=\"fp-plus-logo\" src=\"https:\/\/www.freiepresse.de\/img\/fpplus.svg\" alt=\"Freie Presse plus Logo\"\/><\/p>\n<p>Registrieren und testen.<\/p>\n<p>Jetzt mit Ihrer Registrierung 1 Monat gratis testen und alle Beitr\u00e4ge lesen.<\/p>\n<p>Schon Abonnent? Melden Sie sich mit ihren Zugangsdaten an.<\/p>\n","protected":false},"excerpt":{"rendered":"Dresden. Bei vielen Patienten w\u00e4chst die Unzufriedenheit \u00fcber lange Wartezeiten auf einen Facharzttermin. Theoretisch soll die Terminservicestelle unter&hellip;\n","protected":false},"author":2,"featured_media":713645,"comment_status":"","ping_status":"","sticky":false,"template":"","format":"standard","meta":{"footnotes":""},"categories":[1832],"tags":[3364,29,30,12930,71,859],"class_list":{"0":"post-713644","1":"post","2":"type-post","3":"status-publish","4":"format-standard","5":"has-post-thumbnail","7":"category-leipzig","8":"tag-de","9":"tag-deutschland","10":"tag-germany","11":"tag-impfungen","12":"tag-leipzig","13":"tag-sachsen"},"share_on_mastodon":{"url":"https:\/\/pubeurope.com\/@de\/115884581491486401","error":""},"_links":{"self":[{"href":"https:\/\/www.europesays.com\/de\/wp-json\/wp\/v2\/posts\/713644","targetHints":{"allow":["GET"]}}],"collection":[{"href":"https:\/\/www.europesays.com\/de\/wp-json\/wp\/v2\/posts"}],"about":[{"href":"https:\/\/www.europesays.com\/de\/wp-json\/wp\/v2\/types\/post"}],"author":[{"embeddable":true,"href":"https:\/\/www.europesays.com\/de\/wp-json\/wp\/v2\/users\/2"}],"replies":[{"embeddable":true,"href":"https:\/\/www.europesays.com\/de\/wp-json\/wp\/v2\/comments?post=713644"}],"version-history":[{"count":0,"href":"https:\/\/www.europesays.com\/de\/wp-json\/wp\/v2\/posts\/713644\/revisions"}],"wp:featuredmedia":[{"embeddable":true,"href":"https:\/\/www.europesays.com\/de\/wp-json\/wp\/v2\/media\/713645"}],"wp:attachment":[{"href":"https:\/\/www.europesays.com\/de\/wp-json\/wp\/v2\/media?parent=713644"}],"wp:term":[{"taxonomy":"category","embeddable":true,"href":"https:\/\/www.europesays.com\/de\/wp-json\/wp\/v2\/categories?post=713644"},{"taxonomy":"post_tag","embeddable":true,"href":"https:\/\/www.europesays.com\/de\/wp-json\/wp\/v2\/tags?post=713644"}],"curies":[{"name":"wp","href":"https:\/\/api.w.org\/{rel}","templated":true}]}}