{"id":713677,"date":"2026-01-12T23:08:16","date_gmt":"2026-01-12T23:08:16","guid":{"rendered":"https:\/\/www.europesays.com\/de\/713677\/"},"modified":"2026-01-12T23:08:16","modified_gmt":"2026-01-12T23:08:16","slug":"berlin-beschaeftigte-von-berliner-buehnen-zum-warnstreik-aufgerufen","status":"publish","type":"post","link":"https:\/\/www.europesays.com\/de\/713677\/","title":{"rendered":"Berlin: Besch\u00e4ftigte von Berliner B\u00fchnen zum Warnstreik aufgerufen"},"content":{"rendered":"<p>            <img loading=\"lazy\" decoding=\"async\" class=\"ts-image\" src=\"https:\/\/www.europesays.com\/de\/wp-content\/uploads\/2026\/01\/rbb-audio-rbb24-11-01-2026-patrik-buchmueller-100.jpg\" alt=\"Demonstranten protestieren mit Schild &quot;Ja nichts ist ok Volksb\u00fchne&quot; (Quelle: dpa\/Stefan Boness)\" title=\"Audio: rbb24 Inforadio | 12.01.2026 | Patrik Buchm\u00fcller | dpa\/Stefan Boness\"\/><\/p>\n<p class=\"metatextline\">Stand: 12.01.2026 20:47 Uhr<\/p>\n<p class=\"article-head__shorttext\">\n        <strong>An Berliner B\u00fchnen soll es am Montag und Dienstag einen Ausstand geben. Die Gewerkschaft Verdi hat w\u00e4hrend der laufenden Tarifverhandlungen dazu aufgerufen.<\/strong>\n    <\/p>\n<ul class=\"bulletpoint-list \">\n<li>Besch\u00e4ftigte der Berliner B\u00fchnen Montag und Dienstag zu Streik aufgerufen<\/li>\n<li>Hintergrund sind laufende Tarifverhandlungen<\/li>\n<li>Situation an Schaub\u00fchne laut Gewerkschaft besonders angespannt<\/li>\n<\/ul>\n<p class=\"textabsatz m-ten m-offset-one l-eight l-offset-two columns twelve\">Die Besch\u00e4ftigten der Schaub\u00fchne Berlin, der Volksb\u00fchne und des Maxim-Gorki-Theaters sind am Montag von der Gewerkschaft Verdi zu einem Warnstreik aufgerufen. Hintergrund sind die laufenden Tarifverhandlungen zum Tarifvertrag der L\u00e4nder (TV-L).<\/p>\n<p>Im Rahmen des Streiks ist am Montag ab 18 Uhr eine Kundgebung vor der Schaub\u00fchne am Lehniner Platz geplant, teilte Verdi mit.<\/p>\n<p>Am Dienstag solle der Streik dann auf das Berliner Ensemble, das Deutschen Theater, die Stiftung Oper, das Konzerthaus und das Theater an der Parkau ausgeweitet werden. F\u00fcr 10:30 Uhr am Dienstag ist dann eine gro\u00dfe Kundgebung vor dem Haus der Berliner Festspiele angek\u00fcndigt.<\/p>\n<p>    Verdi: Tarif-Situation an der Schaub\u00fchne besonders problematisch<\/p>\n<p class=\"textabsatz m-ten m-offset-one l-eight l-offset-two columns twelve\">&#8222;Wir protestieren vor dem Haus der Berliner Festspiele, um deutlich zu machen, dass hinter den Kulturproduktionen Menschen stehen, die von ihrer Arbeit leben m\u00fcssen. Die Wut der Besch\u00e4ftigten \u00fcber die Missachtung durch die Sparpolitik der letzten Jahre sitzt tief. (&#8230;) Sieben Prozent mehr Gehalt, mindestens jedoch 300 Euro, sind das Mindeste, was die Kolleg*innen jetzt verdient haben&#8220;, teilte der Verdi-Landesfachbereichsleiter f\u00fcr den Bereich Kultur in Berlin-Brandenburg, Lucas Krentel, mit.<\/p>\n<p>Der Kundgebungsort am Montag wurde laut der Gewerkschaft bewusst gew\u00e4hlt, weil die Tarifsituation an der Schaub\u00fchne nach Angaben der Gewerkschaft besonders problematisch sei. Anders als an der Volksb\u00fchne und am Maxim-Gorki-Theater w\u00fcrden dort Tariferh\u00f6hungen aus dem TV-L nicht automatisch \u00fcbernommen. Das f\u00fchre zu Unsicherheit und Ungleichbehandlung der Besch\u00e4ftigten, kritisierte die Gewerkschaft.<\/p>\n<p>Die Gewerkschaft fordert f\u00fcr die Schaub\u00fchne eine verbindliche Regelung, nach der Entgeltsteigerungen aus dem TV-L automatisch \u00fcbertragen werden. Mit der Kundgebung wollen sich auch Besch\u00e4ftigte der beiden anderen B\u00fchnen solidarisieren.<\/p>\n<p class=\"textabsatz m-ten m-offset-one l-eight l-offset-two columns twelve\">Sendung: rbb24 Inforadio, 12.01.2026, 14 Uhr<\/p>\n<p>                                        <a class=\"backlink__link\" href=\"https:\/\/www.rbb24.de\/kultur\/beitrag\/2026\/01\/theater-berlin-schaubuehne-volksbuehne-maxim-gorki-warnstreik-tarif-streit-verdi.html\" target=\"_blank\" rel=\"noopener\"><\/p>\n<p>                                                <img decoding=\"async\" src=\"https:\/\/images.tagesschau.de\/image\/898f19c3-6760-4be2-a33f-1fa765216ec2\/AAABlap_olM\/AAABmyZDc0k\/original\/lra-rbb-logo-100.svg\" alt=\"Rundfunk Berlin-Brandenburg\"\/><\/p>\n<p>                                        <\/a><\/p>\n","protected":false},"excerpt":{"rendered":"Stand: 12.01.2026 20:47 Uhr An Berliner B\u00fchnen soll es am Montag und Dienstag einen Ausstand geben. Die Gewerkschaft&hellip;\n","protected":false},"author":2,"featured_media":713678,"comment_status":"","ping_status":"","sticky":false,"template":"","format":"standard","meta":{"footnotes":""},"categories":[1825],"tags":[296,29,30,2239],"class_list":{"0":"post-713677","1":"post","2":"type-post","3":"status-publish","4":"format-standard","5":"has-post-thumbnail","7":"category-berlin","8":"tag-berlin","9":"tag-deutschland","10":"tag-germany","11":"tag-rbb"},"share_on_mastodon":{"url":"https:\/\/pubeurope.com\/@de\/115884648527097379","error":""},"_links":{"self":[{"href":"https:\/\/www.europesays.com\/de\/wp-json\/wp\/v2\/posts\/713677","targetHints":{"allow":["GET"]}}],"collection":[{"href":"https:\/\/www.europesays.com\/de\/wp-json\/wp\/v2\/posts"}],"about":[{"href":"https:\/\/www.europesays.com\/de\/wp-json\/wp\/v2\/types\/post"}],"author":[{"embeddable":true,"href":"https:\/\/www.europesays.com\/de\/wp-json\/wp\/v2\/users\/2"}],"replies":[{"embeddable":true,"href":"https:\/\/www.europesays.com\/de\/wp-json\/wp\/v2\/comments?post=713677"}],"version-history":[{"count":0,"href":"https:\/\/www.europesays.com\/de\/wp-json\/wp\/v2\/posts\/713677\/revisions"}],"wp:featuredmedia":[{"embeddable":true,"href":"https:\/\/www.europesays.com\/de\/wp-json\/wp\/v2\/media\/713678"}],"wp:attachment":[{"href":"https:\/\/www.europesays.com\/de\/wp-json\/wp\/v2\/media?parent=713677"}],"wp:term":[{"taxonomy":"category","embeddable":true,"href":"https:\/\/www.europesays.com\/de\/wp-json\/wp\/v2\/categories?post=713677"},{"taxonomy":"post_tag","embeddable":true,"href":"https:\/\/www.europesays.com\/de\/wp-json\/wp\/v2\/tags?post=713677"}],"curies":[{"name":"wp","href":"https:\/\/api.w.org\/{rel}","templated":true}]}}