{"id":713687,"date":"2026-01-12T23:14:11","date_gmt":"2026-01-12T23:14:11","guid":{"rendered":"https:\/\/www.europesays.com\/de\/713687\/"},"modified":"2026-01-12T23:14:11","modified_gmt":"2026-01-12T23:14:11","slug":"alle-paare-und-singles-in-runde-2","status":"publish","type":"post","link":"https:\/\/www.europesays.com\/de\/713687\/","title":{"rendered":"Alle Paare und Singles in Runde 2"},"content":{"rendered":"<p>Bildquelle: \u00a9 Netflix1 \/ 27<\/p>\n<p>Wenn du \u00fcber diese Links einkaufst, erhalten wir eine Provision, die unsere<br \/>\nredaktionelle Arbeit unterst\u00fctzt. Der Preis f\u00fcr dich bleibt dabei<br \/>\nunver\u00e4ndert. Diese Affiliate-Links sind durch ein  Symbol<br \/>\ngekennzeichnet. \u00a0<a class=\"alice-affiliate-info__link\" href=\"https:\/\/www.kino.de\/erloesmodelle\/\" target=\"_blank\" rel=\"noopener\">Mehr erfahren.<\/a><\/p>\n<p>In <a href=\"https:\/\/www.kino.de\/streaming\/love-is-blind-germany-2026-staffel-2-auf-netflix-wann-kommt-die-finale-hochzeitsfolge-9--01K2C4SD5K2NTS7KAKPD9VS11X\" target=\"_blank\" rel=\"noopener\">\u201eLove is Blind: Germany\u201c Staffel 2<\/a>, die am 8. Januar auf Netflix gestartet ist, suchen erneut 30 deutsche Singles ihr blindes Liebesgl\u00fcck in den Pods. Diese Kandidat*innen daten 2026 in der Reality-Show, mit dem Ziel, am Ende vor dem Traualtar zu landen. Die Hochzeiten sehen wir am 15. Januar 2026. Welche Singles dabei sind, seht ihr hier. Nachfolgend sind au\u00dferdem die inzwischen verlobten Paare aufgef\u00fchrt (Achtung, Spoiler!).<\/p>\n<p>Bildquelle: \u00a9 Netflix2 \/ 27<\/p>\n<ul class=\"alice-list\">\n<li>25 Jahre alt<\/li>\n<li>Kommunikationsspezialistin<\/li>\n<li>Motto: \u201eIch brauche eine starke Schulter zum Anlehnen.\u201c<\/li>\n<\/ul>\n<p>Bildquelle: \u00a9 Netflix3 \/ 27<\/p>\n<ul class=\"alice-list\">\n<li>31 Jahre alt<\/li>\n<li>Pflegefachfrau<\/li>\n<li>Motto: \u201eMeine Love Language: meinen Liebsten soll es gut gehen.\u201c<\/li>\n<\/ul>\n<p>Bildquelle: \u00a9 Netflix4 \/ 27<\/p>\n<ul class=\"alice-list\">\n<li>38 Jahre alt<\/li>\n<li>Unternehmer im Onlinehandel<\/li>\n<li>Dating-Gest\u00e4ndnis: \u201eIch hatte noch die das Gef\u00fchl, die Eine getroffen zu haben.\u201c<\/li>\n<\/ul>\n<p>Bildquelle: \u00a9 Netflix5 \/ 27<\/p>\n<ul class=\"alice-list\">\n<li>32 Jahre alt<\/li>\n<li>Studioleiterin Medical Spa<\/li>\n<li>Motto: \u201eIch m\u00f6chte keine Mama f\u00fcr einen Mann sein.\u201c<\/li>\n<\/ul>\n<p>Bildquelle: \u00a9 Netflix6 \/ 27<\/p>\n<ul class=\"alice-list\">\n<li>31 Jahre alt<\/li>\n<li>Eink\u00e4uferin im Gastronomiegro\u00dfhandel<\/li>\n<li>Motto: \u201eIch bin so viel mehr als nur die s\u00fc\u00dfe, liebe Celia.\u201c<\/li>\n<\/ul>\n<p>Bildquelle: \u00a9 Netflix7 \/ 27<\/p>\n<ul class=\"alice-list\">\n<li>35 Jahre alt<\/li>\n<li>Marketingmanagerin<\/li>\n<li>Dating-Gest\u00e4ndnis: \u201eViele sagen, ich bin unnahbar. Bei dem Richtigen kann ich mich \u00f6ffnen.\u201c<\/li>\n<\/ul>\n<p>Bildquelle: \u00a9 Netflix8 \/ 27<\/p>\n<ul class=\"alice-list\">\n<li>38 Jahre alt<\/li>\n<li>E-Commerce Unternehmer<\/li>\n<li>Dating-Gest\u00e4ndnis: \u201eIch habe noch nie \u201aIch liebe dich&#8216; gesagt.\u201c<\/li>\n<\/ul>\n<p>Bildquelle: \u00a9 Netflix9 \/ 27<\/p>\n<ul class=\"alice-list\">\n<li>30 Jahre alt<\/li>\n<li>Immobilienmakler<\/li>\n<li>Motto: \u201eIch suche in den Pods nach meinem fehlenden Puzzlest\u00fcck.\u201c<\/li>\n<\/ul>\n<p>Bildquelle: \u00a9 Netflix10 \/ 27<\/p>\n<ul class=\"alice-list\">\n<li>30 Jahre alt<\/li>\n<li>Gymnasiallehrer<\/li>\n<li>Dating-Gest\u00e4ndnis: \u201eAls Single w\u00fcrde ich niemals richtig gl\u00fccklich werden.\u201c<\/li>\n<\/ul>\n<p>Bildquelle: \u00a9 Netflix11 \/ 27<\/p>\n<ul class=\"alice-list\">\n<li>31 Jahre alt<\/li>\n<li>Erzieherin<\/li>\n<li>Motto: \u201eIch m\u00f6chte einen Partner, der eine Konstante in meinem Leben ist.\u201c<\/li>\n<\/ul>\n<p>Bildquelle: \u00a9 Netflix12 \/ 27<\/p>\n<ul class=\"alice-list\">\n<li>33 Jahre alt<\/li>\n<li>Gr\u00fcnderin eines Sportstudios<\/li>\n<li>Motto: \u201eWenn mir jemand gef\u00e4llt, gehe ich all in!\u201c<\/li>\n<\/ul>\n<p>Bildquelle: \u00a9 Netflix13 \/ 27<\/p>\n<ul class=\"alice-list\">\n<li>28 Jahre alt<\/li>\n<li>Account Manager<\/li>\n<li>Motto: \u201eMit meiner Ehefrau will ich ein Team sein.\u201c<\/li>\n<\/ul>\n<p>Bildquelle: \u00a9 Netflix14 \/ 27<\/p>\n<ul class=\"alice-list\">\n<li>36 Jahre alt<\/li>\n<li>Regionalleiter einer Versicherung<\/li>\n<li>Dating-Gest\u00e4ndnis: \u201eMein Dating-Leben war bisher nicht tiefgr\u00fcndig genug.\u201c<\/li>\n<\/ul>\n<p>Bildquelle: \u00a9 Netflix15 \/ 27<\/p>\n<ul class=\"alice-list\">\n<li>31 Jahre alt<\/li>\n<li>Pflegefachmann<\/li>\n<li>Dating-Gest\u00e4ndnis: \u201eFrauen verurteilen mich oft wegen meines Aussehens.\u201c<\/li>\n<\/ul>\n<p>Bildquelle: \u00a9 Netflix16 \/ 27<\/p>\n<ul class=\"alice-list\">\n<li>31 Jahre alt<\/li>\n<li>Software Designerin<\/li>\n<li>Motto: \u201eDie Ehe meiner Eltern ist mein Vorbild.\u201c<\/li>\n<\/ul>\n<p>Bildquelle: \u00a9 Netflix17 \/ 27<\/p>\n<ul class=\"alice-list\">\n<li>35 Jahre alt<\/li>\n<li>Sozialp\u00e4dagogin<\/li>\n<li>Motto: \u201eSpiritualit\u00e4t ist mir wichtig.\u201c<\/li>\n<\/ul>\n<p>Bildquelle: \u00a9 Netflix18 \/ 27<\/p>\n<ul class=\"alice-list\">\n<li>35 Jahre alt<\/li>\n<li>Projektplaner<\/li>\n<li>Motto: \u201eMir ist wichtig, meine Familie versorgen zu k\u00f6nnen, bevor ich eine gr\u00fcnde.\u201c<\/li>\n<\/ul>\n<p>Bildquelle: \u00a9 Netflix19 \/ 27<\/p>\n<ul class=\"alice-list\">\n<li>32 Jahre alt<\/li>\n<li>Fitnesscoach<\/li>\n<li>Motto: \u201eEhe bedeutet f\u00fcr mich, die gleichen Ziele zu haben.\u201c<\/li>\n<\/ul>\n<p>Bildquelle: \u00a9 Netflix20 \/ 27<\/p>\n<ul class=\"alice-list\">\n<li>31 Jahre alt<\/li>\n<li>HR-Managerin<\/li>\n<li>Dating-Gest\u00e4ndnis: \u201eIch bin kein offenes Buch.\u201c<\/li>\n<\/ul>\n<p>Bildquelle: \u00a9 Netflix21 \/ 27<\/p>\n<ul class=\"alice-list\">\n<li>30 Jahre alt<\/li>\n<li>Webproduzent &amp; Songwriter<\/li>\n<li>Motto: \u201eIch lasse meiner Partnerin Freiraum, den sie braucht.\u201c<\/li>\n<\/ul>\n<p>Bildquelle: \u00a9 Netflix22 \/ 27<\/p>\n<p>Der 36-j\u00e4hrige Eventmanager Konstantin und die 32-j\u00e4hrige Verkaufsleiterin Jessi verlobten sich in den Pods als erstes Paar von Staffel 2 in Folge 2. Es folgte ein euphorisches und kussreiches erstes Treffen beim Reveal au\u00dferhalb der Pods. Die Vorfreude auf eine gemeinsame Zukunft ist gro\u00df. Werden sie am Ende tats\u00e4chlich heiraten?<\/p>\n<p>Bildquelle: \u00a9 Netflix23 \/ 27<\/p>\n<p>Der Store Manager Jubriel und die HR-Managerin Wandi (beide 28) verlobten sich in Folge 3 als zweites Paar. Beim ersten Blickkontakt im Reveal fehlen ihnen die Worte. Es folgenden gefl\u00fcsterte Liebesbekenntnisse und z\u00e4rtliche K\u00fcsse. Die beiden scheinen auf Wolke 7 zu schweben. <strong>Spoiler:<\/strong> In Folge 5 hat es sich schon ausgeflittert, denn die beiden beenden ihre Beziehung.<\/p>\n<p>Bildquelle: \u00a9 Netflix24 \/ 27<\/p>\n<p>Die 29-j\u00e4hrige HR-Referentin Josy und der 33-j\u00e4hrige IT-Berater Gunnar verlobten sich in Folge 3 als drittes Paar der Pods. Beim Reveal wirkte die Freude im ersten Moment eher Verhalten von Josys Seite, die Gunnars Kompliment zum Aussehen nicht erwidern konnte. Ob die Liebe in ihrem Fall wirklich blind ist? Folge 9 wird es ab dem 15. Januar 2026 auf Netflix zeigen.<\/p>\n<p>Bildquelle: \u00a9 Netflix25 \/ 27<\/p>\n<p>Der 27-j\u00e4hrige Jura-Student Jan und die 26-j\u00e4hrige HR-Managerin Loan verlobten sich in Folge 4 als viertes Paar der Pods. Das erste Treffen im Reveal ist gepr\u00e4gt von ungl\u00e4ubiger Freude, doch anschlie\u00dfend m\u00fcssen beide den ersten Eindruck erstmal sacken lassen. <strong>Spoiler:<\/strong> Erwartung und Realit\u00e4t waren hier wohl nicht wirklich kompatibel, denn nach den Flitterwochen auf Kreta brechen die beiden das Experiment in Folge 7 ab.<\/p>\n<p>Bildquelle: \u00a9 Netflix26 \/ 27<\/p>\n<p>Der 42-j\u00e4hrige Investmentberater Andi und die 30-j\u00e4hrige IT-Beraterin Yasmin verlobten sich als f\u00fcnftes und letztes Paar der Pods in Folge 4. Das erste Treffen im Reveal \u00fcberw\u00e4ltigt die beiden. Die Optik scheint zu stimmen und das Paar sehr gl\u00fccklich mit seiner Entscheidung. <strong>Spoiler:<\/strong> Andi sagt vor dem Traualtar in Folge 8 \u201eJa\u201c. Wie Yasmins Antwort ausf\u00e4llt, sehen wir erst in der finalen Folge 9.<\/p>\n<p>Love Is Blind: Germany &#8211; Staffel 2 (Trailer Deutsch)27 \/ 27<\/p>\n","protected":false},"excerpt":{"rendered":"Bildquelle: \u00a9 Netflix1 \/ 27 Wenn du \u00fcber diese Links einkaufst, erhalten wir eine Provision, die unsere redaktionelle&hellip;\n","protected":false},"author":2,"featured_media":713688,"comment_status":"","ping_status":"","sticky":false,"template":"","format":"standard","meta":{"footnotes":""},"categories":[1773],"tags":[29,214,30,471,1780,215],"class_list":{"0":"post-713687","1":"post","2":"type-post","3":"status-publish","4":"format-standard","5":"has-post-thumbnail","7":"category-serien","8":"tag-deutschland","9":"tag-entertainment","10":"tag-germany","11":"tag-serien","12":"tag-series","13":"tag-unterhaltung"},"share_on_mastodon":{"url":"https:\/\/pubeurope.com\/@de\/115884672639156265","error":""},"_links":{"self":[{"href":"https:\/\/www.europesays.com\/de\/wp-json\/wp\/v2\/posts\/713687","targetHints":{"allow":["GET"]}}],"collection":[{"href":"https:\/\/www.europesays.com\/de\/wp-json\/wp\/v2\/posts"}],"about":[{"href":"https:\/\/www.europesays.com\/de\/wp-json\/wp\/v2\/types\/post"}],"author":[{"embeddable":true,"href":"https:\/\/www.europesays.com\/de\/wp-json\/wp\/v2\/users\/2"}],"replies":[{"embeddable":true,"href":"https:\/\/www.europesays.com\/de\/wp-json\/wp\/v2\/comments?post=713687"}],"version-history":[{"count":0,"href":"https:\/\/www.europesays.com\/de\/wp-json\/wp\/v2\/posts\/713687\/revisions"}],"wp:featuredmedia":[{"embeddable":true,"href":"https:\/\/www.europesays.com\/de\/wp-json\/wp\/v2\/media\/713688"}],"wp:attachment":[{"href":"https:\/\/www.europesays.com\/de\/wp-json\/wp\/v2\/media?parent=713687"}],"wp:term":[{"taxonomy":"category","embeddable":true,"href":"https:\/\/www.europesays.com\/de\/wp-json\/wp\/v2\/categories?post=713687"},{"taxonomy":"post_tag","embeddable":true,"href":"https:\/\/www.europesays.com\/de\/wp-json\/wp\/v2\/tags?post=713687"}],"curies":[{"name":"wp","href":"https:\/\/api.w.org\/{rel}","templated":true}]}}