{"id":713703,"date":"2026-01-12T23:22:14","date_gmt":"2026-01-12T23:22:14","guid":{"rendered":"https:\/\/www.europesays.com\/de\/713703\/"},"modified":"2026-01-12T23:22:14","modified_gmt":"2026-01-12T23:22:14","slug":"polen-fluechtiger-ex-justizminister-ziobro-erhaelt-offenbar-asyl-in-ungarn","status":"publish","type":"post","link":"https:\/\/www.europesays.com\/de\/713703\/","title":{"rendered":"Polen: Fl\u00fcchtiger Ex-Justizminister Ziobro erh\u00e4lt offenbar Asyl in Ungarn"},"content":{"rendered":"<p class=\"paragraph article__item\">Der wegen Korruptionsvorw\u00fcrfen aus dem Land geflohene ehemalige polnische Justizminister Zbigniew Ziobro hat nach eigenen Angaben in Ungarn <a class=\"rtr-entity\" href=\"https:\/\/www.zeit.de\/thema\/asyl\" target=\"_blank\" rel=\"noopener\">Asyl<\/a> erhalten. Die ungarischen Beh\u00f6rden h\u00e4tten ihm Schutz gew\u00e4hrt und er habe beschlossen, diesen in Anspruch zu nehmen, teilte Ziobro auf X mit. Er bedankte sich zudem beim ungarischen Regierungschef Viktor Orb\u00e1n und warf Polen &#8222;Banditenwesen&#8220; sowie &#8222;die<br \/>\nstufenweise Einrichtung einer Diktatur&#8220; vor.\u00a0\n<\/p>\n<p class=\"paragraph article__item\"><a class=\"rtr-entity\" href=\"https:\/\/www.zeit.de\/thema\/ungarn\" target=\"_blank\" rel=\"noopener\">Ungarns<\/a> Au\u00dfenminister P\u00e9ter Szijj\u00e1rt\u00f3 best\u00e4tigte lediglich, sein Land habe &#8222;Personen, die in Polen politisch verfolgt werden, Asyl oder einen Fl\u00fcchtlingsstatus gew\u00e4hrt&#8220;. N\u00e4here Angaben zu den konkreten Betroffenen machte er nicht.\u00a0\n<\/p>\n<p class=\"paragraph article__item\">Die polnische Regierung hatte bereits erwartet, dass der<br \/>\nfl\u00fcchtige 55-j\u00e4hrige Politiker in Ungarn Asyl bekommen w\u00fcrde. Ende<br \/>\n 2024 hatte schon der ebenfalls <a href=\"https:\/\/www.zeit.de\/politik\/ausland\/2024-12\/marcin-romanowski-ungarn-asyl-polen-botschafter\" class=\"\" target=\"_blank\" rel=\"noopener\">von der Staatsanwaltschaft gesuchte stellvertretende Justizminister Marcin Romanowski Asyl erhalten<\/a>.\u00a0\n<\/p>\n<p>        Ex-Justizminister wird unter anderem Machtmissbrauch und Korruption vorgeworfen        <\/p>\n<p class=\"paragraph article__item\"><a class=\"rtr-entity\" href=\"https:\/\/www.zeit.de\/thema\/polen\" target=\"_blank\" rel=\"noopener\">Polens<\/a> Generalstaatsanwaltschaft ermittelt gegen Ziobro<br \/>\n wegen 26 Straftatbest\u00e4nden,\u00a0darunter Machtmissbrauch und Leitung einer organisierten<br \/>\nkriminellen Vereinigung und der Verdacht auf<br \/>\nVeruntreuung von umgerechnet 35 Millionen Euro. Konkret wird Ziobro in dem Gerichtsverfahren unter anderem vorgeworfen, als Minister der damaligen rechtskonservativen PiS-Regierung Millionenbetr\u00e4ge aus einem &#8222;Gerechtigkeits-Fonds&#8220; f\u00fcr Opfer von<br \/>\nVerbrechen veruntreut und f\u00fcr politische Zwecke verwendet zu haben.\u00a0\n<\/p>\n<p>                            \u00a9\u00a0Lea Dohle<\/p>\n<p>\n                                        Newsletter<br \/>\n                                        Was jetzt? \u2013 Der t\u00e4gliche Morgen\u00fcberblick<\/p>\n<p class=\"newsletter-signup__text\">Starten Sie mit unserem kurzen Nachrichten-Newsletter in den Tag. Erhalten Sie zudem freitags das digitale Magazin ZEIT am Wochenende.<\/p>\n<p class=\"newsletter-signup__datapolicy\" hidden=\"\">\n            Mit Ihrer Registrierung nehmen Sie die <a href=\"https:\/\/datenschutz.zeit.de\/zon#Newsletter\" target=\"_blank\" rel=\"noopener\">Datenschutzerkl\u00e4rung<\/a> zur Kenntnis.\n        <\/p>\n<p>    Vielen Dank! Wir haben Ihnen eine E-Mail geschickt.<\/p>\n<p>Pr\u00fcfen Sie Ihr Postfach und best\u00e4tigen Sie das Newsletter-Abonnement.<\/p>\n<p class=\"paragraph article__item\">Au\u00dferdem soll er das Geld illegal f\u00fcr die Anschaffung der israelischen Spionagesoftware Pegasus genutzt haben. Nach Angaben der aktuellen Regierung wurde die<br \/>\nSoftware dann eingesetzt, um politische Gegner der PiS ins Visier zu nehmen.\u00a0Pegasus nutzt<br \/>\nSicherheitsl\u00fccken von Smartphones, um weitreichenden Zugriff auf Daten<br \/>\nzu erlangen. Auch das Abh\u00f6ren von Gespr\u00e4chen ist damit m\u00f6glich.\u00a0\n<\/p>\n<p>        Parlament entzog Ziobro im vergangenen Jahr seine parlamentarische Immunit\u00e4t        <\/p>\n<p class=\"paragraph article__item\">Bei einem Schuldspruch drohen Ziobro in Polen bis zu 25 Jahre Haft. Er selbst bestreitet die<br \/>\n Vorw\u00fcrfe bis dato und unterstellt <a href=\"https:\/\/www.zeit.de\/politik\/ausland\/2025-12\/gipfel-bruessel-donald-tusk-russisches-vermoegen\" class=\"\" target=\"_blank\" rel=\"noopener\">der Regierung von Ministerpr\u00e4sident<br \/>\nDonald Tusk<\/a> eine &#8222;Hexenjagd&#8220; gegen die konservative Opposition. Nachdem Ziobro im<br \/>\nvergangenen Jahr nach Ungarn floh, stimmte das Parlament im November daf\u00fcr, dem Ex-Minister seine parlamentarische Immunit\u00e4t zu entziehen.\n<\/p>\n<p class=\"paragraph article__item\">Zwischen 2015 und 2023 war Ziobro Justizminister und Generalstaatsanwalt<br \/>\n in den Regierungen der nationalkonservativen PiS-Partei. In<br \/>\n dieser Zeit nahm er grundlegende Reformen zur <a href=\"https:\/\/www.zeit.de\/politik\/ausland\/2023-12\/polen-parlament-justizreform-verfassungswidrig\" class=\"\" target=\"_blank\" rel=\"noopener\">Umgestaltung des polnischen Justizsystems<\/a> vor. Die Justizreform sorgte f\u00fcr Konflikte<br \/>\nsowohl<br \/>\ninnerhalb Polens als auch f\u00fcr Konfrontationen mit der Europ\u00e4ischen<br \/>\nKommission. Im Oktober 2023 verlor die PiS-Partei die Parlamentswahl und<br \/>\n ist<br \/>\nseitdem die gr\u00f6\u00dfte Oppositionspartei Polens. Die<br \/>\n<a href=\"https:\/\/www.zeit.de\/politik\/ausland\/2025-07\/polen-regierung-tusk-vize-aussenminister\" class=\"\" target=\"_blank\" rel=\"noopener\">Mitte-Links-Koalition von Regierungschef Donald Tusk<\/a> bem\u00fcht sich<br \/>\nseitdem, die umstrittenen Justizreformen der PiS-Regierung r\u00fcckg\u00e4ngig zu<br \/>\n machen.\n<\/p>\n<p>            Polen        <\/p>\n<p>Mehr zum Thema<\/p>\n<p>                <a href=\"https:\/\/www.zeit.de\/politik\/ausland\/2025-11\/unabhaengigkeitstag-polen-11-november-nationalfeiertag-rechtsextremismus\" data-ct-label=\"Unabh\u00e4ngigkeitstag in Polen: Nationalisten, ihre Gegner und der rote Himmel \u00fcber Warschau\" target=\"_blank\" rel=\"noopener\"><\/p>\n<p>        Z+ (abopflichtiger Inhalt);<\/p>\n<p>    Unabh\u00e4ngigkeitstag in Polen:<br \/>\n                        Nationalisten, ihre Gegner und der rote Himmel \u00fcber Warschau<\/p>\n<p>                <\/a><\/p>\n<p>                <a href=\"https:\/\/www.zeit.de\/politik\/2025-11\/russland-luftraumverletzungen-polen-deutschland-kooperation-nachrichtenpodcast\" data-ct-label=\"Nachrichtenpodcast: Deutschland und Polen beraten \u00fcber russische Aggressionen\" target=\"_blank\" rel=\"noopener\"><\/p>\n<p>                        Nachrichtenpodcast:<br \/>\n                        Deutschland und Polen beraten \u00fcber russische Aggressionen<\/p>\n<p>                <\/a><\/p>\n<p>                <a href=\"https:\/\/www.zeit.de\/2025\/24\/praesidentschaftswahl-polen-rechtsextremismus-karol-nawrocki\" data-ct-label=\"Pr\u00e4sidentschaftswahl in Polen: Nichts ist verloren\" target=\"_blank\" rel=\"noopener\"><\/p>\n<p>        Z+ (abopflichtiger Inhalt);<\/p>\n<p>    Pr\u00e4sidentschaftswahl in Polen:<br \/>\n                        Nichts ist verloren<\/p>\n<p>                <\/a><\/p>\n","protected":false},"excerpt":{"rendered":"Der wegen Korruptionsvorw\u00fcrfen aus dem Land geflohene ehemalige polnische Justizminister Zbigniew Ziobro hat nach eigenen Angaben in Ungarn&hellip;\n","protected":false},"author":2,"featured_media":713704,"comment_status":"","ping_status":"","sticky":false,"template":"","format":"standard","meta":{"footnotes":""},"categories":[3],"tags":[533,13,1015,324,14,15,3917,16,12,10,8,9,11,501,500,103,104],"class_list":{"0":"post-713703","1":"post","2":"type-post","3":"status-publish","4":"format-standard","5":"has-post-thumbnail","7":"category-welt","8":"tag-asyl","9":"tag-headlines","10":"tag-justiz","11":"tag-korruption","12":"tag-nachrichten","13":"tag-news","14":"tag-polen","15":"tag-politik","16":"tag-schlagzeilen","17":"tag-top-news","18":"tag-top-meldungen","19":"tag-topmeldungen","20":"tag-topnews","21":"tag-ungarn","22":"tag-viktor-orban","23":"tag-welt","24":"tag-world"},"share_on_mastodon":{"url":"https:\/\/pubeurope.com\/@de\/115884703231496267","error":""},"_links":{"self":[{"href":"https:\/\/www.europesays.com\/de\/wp-json\/wp\/v2\/posts\/713703","targetHints":{"allow":["GET"]}}],"collection":[{"href":"https:\/\/www.europesays.com\/de\/wp-json\/wp\/v2\/posts"}],"about":[{"href":"https:\/\/www.europesays.com\/de\/wp-json\/wp\/v2\/types\/post"}],"author":[{"embeddable":true,"href":"https:\/\/www.europesays.com\/de\/wp-json\/wp\/v2\/users\/2"}],"replies":[{"embeddable":true,"href":"https:\/\/www.europesays.com\/de\/wp-json\/wp\/v2\/comments?post=713703"}],"version-history":[{"count":0,"href":"https:\/\/www.europesays.com\/de\/wp-json\/wp\/v2\/posts\/713703\/revisions"}],"wp:featuredmedia":[{"embeddable":true,"href":"https:\/\/www.europesays.com\/de\/wp-json\/wp\/v2\/media\/713704"}],"wp:attachment":[{"href":"https:\/\/www.europesays.com\/de\/wp-json\/wp\/v2\/media?parent=713703"}],"wp:term":[{"taxonomy":"category","embeddable":true,"href":"https:\/\/www.europesays.com\/de\/wp-json\/wp\/v2\/categories?post=713703"},{"taxonomy":"post_tag","embeddable":true,"href":"https:\/\/www.europesays.com\/de\/wp-json\/wp\/v2\/tags?post=713703"}],"curies":[{"name":"wp","href":"https:\/\/api.w.org\/{rel}","templated":true}]}}