{"id":713707,"date":"2026-01-12T23:24:27","date_gmt":"2026-01-12T23:24:27","guid":{"rendered":"https:\/\/www.europesays.com\/de\/713707\/"},"modified":"2026-01-12T23:24:27","modified_gmt":"2026-01-12T23:24:27","slug":"fussballbundesliga-hsv-aufsichtsrat-haelt-vorwuerfe-gegen-stefan-kuntz-fuer-glaubhaft","status":"publish","type":"post","link":"https:\/\/www.europesays.com\/de\/713707\/","title":{"rendered":"Fu\u00dfballbundesliga: HSV-Aufsichtsrat h\u00e4lt Vorw\u00fcrfe gegen Stefan Kuntz f\u00fcr glaubhaft"},"content":{"rendered":"<p class=\"paragraph article__item\">Der Aufsichtsrat der <a class=\"rtr-entity\" href=\"https:\/\/www.zeit.de\/thema\/hamburger-sv\" target=\"_blank\" rel=\"noopener\">HSV<\/a> Fu\u00dfball Management AG hat sich in einer <a href=\"https:\/\/www.hsv.de\/news\/statement-des-hsv-aufsichtsrates\" class=\"\" target=\"_blank\" rel=\"noopener\">Stellungnahme<\/a> zu den aktuellen Medienberichten rund um die <a href=\"https:\/\/www.zeit.de\/hamburg\/2026-01\/hamburger-sv-stefan-kuntz-sportvorstand-profisport-fussball-bundesliga\" class=\"\" target=\"_blank\" rel=\"noopener\">Trennung von Vorstandsmitglied Stefan Kuntz<\/a> ge\u00e4u\u00dfert. Wie das Kontrollgremium mitteilte, seien dem Aufsichtsrat im Dezember 2025 schwerwiegende Vorw\u00fcrfe gegen Kuntz zugetragen worden. Daraufhin habe man umgehend externe Anw\u00e4lte eingeschaltet und eine umfassende Aufkl\u00e4rung eingeleitet.\n<\/p>\n<p class=\"paragraph article__item\">Nach sorgf\u00e4ltiger Pr\u00fcfung gelangte der Aufsichtsrat nach eigenen Angaben zu der Einsch\u00e4tzung, dass die Vorw\u00fcrfe glaubhaft seien, und entschied sich f\u00fcr eine schnelle Trennung von Kuntz. Dabei habe der Schutz der betroffenen Personen oberste Priorit\u00e4t gehabt. Kuntz habe der <a href=\"https:\/\/www.zeit.de\/sport\/2026-01\/hsv-stefan-kuntz-vertragsaufloesung-gxe\" class=\"\" target=\"_blank\" rel=\"noopener\">Beendigung des Arbeitsverh\u00e4ltnisses zum 31. Dezember 2025<\/a> zugestimmt und sei anwaltlich vertreten gewesen, teilte das Gremium mit.\u00a0\n<\/p>\n<p class=\"paragraph article__item\">Vorw\u00fcrfe einer &#8222;Verleumdungskampagne&#8220; gegen Kuntz wies der HSV-Aufsichtsrat in seiner Stellungnahme zur\u00fcck und bezeichnete diese als unzutreffend und irref\u00fchrend. Der Verein betonte, kein Fehlverhalten zu dulden und sich klar zu den Werten Toleranz und Respekt zu bekennen. Der Schutz der Pers\u00f6nlichkeitsrechte der Betroffenen stehe weiterhin im Fokus.\n<\/p>\n<p>Trennung vom Hamburger SV<\/p>\n<p>                <a href=\"https:\/\/www.zeit.de\/hamburg\/2026-01\/hamburger-sv-stefan-kuntz-sportvorstand-profisport-fussball-bundesliga\" data-ct-label=\"Hamburger SV: Schnelle Nachbesetzung? Muss gar nicht sein\" target=\"_blank\" rel=\"noopener\"><\/p>\n<p>                        Hamburger SV:<br \/>\n                        Schnelle Nachbesetzung? Muss gar nicht sein<\/p>\n<p>                <\/a><\/p>\n<p>                    Kuntz weist Vorw\u00fcrfe zur\u00fcck        <\/p>\n<p class=\"paragraph article__item\">Zuvor hatte die\u00a0Bild von Anschuldigungen durch HSV-Mitarbeiterinnen gegen den<br \/>\n63-J\u00e4hrigen berichtet. Dem Bericht nach sollen die Vorw\u00fcrfe der<br \/>\nsexuellen Bel\u00e4stigung der eigentliche Grund f\u00fcr die \u00fcberraschende<br \/>\nAufl\u00f6sung seines Vertrags sein.\u00a0\n<\/p>\n<p>                            \u00a9\u00a0unsplash.com<\/p>\n<p>\n                                        Newsletter<br \/>\n                                        Das tut mir gut \u2013 Der ZEIT-Gesundheitsnewsletter<\/p>\n<p class=\"newsletter-signup__text\">Einmal die Woche sammeln wir f\u00fcr Sie im ZEIT-Gesundheitsnewsletter die spannendsten Texte zu allem, was guttut. Darunter Tipps aus Psychologie und Medizin, Sport und Ern\u00e4hrung.<\/p>\n<p class=\"newsletter-signup__datapolicy\" hidden=\"\">\n            Mit Ihrer Registrierung nehmen Sie die <a href=\"https:\/\/datenschutz.zeit.de\/zon#Newsletter\" target=\"_blank\" rel=\"noopener\">Datenschutzerkl\u00e4rung<\/a><br \/>\n     zur Kenntnis.\n        <\/p>\n<p>    Vielen Dank! Wir haben Ihnen eine E-Mail geschickt.<\/p>\n<p>Pr\u00fcfen Sie Ihr Postfach und best\u00e4tigen Sie das Newsletter-Abonnement.<\/p>\n<p class=\"paragraph article__item\">Der fr\u00fchere Nationalspieler widersprach den Vorw\u00fcrfen im Kontext<br \/>\nseines pl\u00f6tzlichen Abschieds als Sportvorstand des Hamburger SV. In<br \/>\neiner Stellungnahme auf dem offiziellen Instagram-Profil des 63-J\u00e4hrigen<br \/>\n hie\u00df es: &#8222;Erst einmal m\u00f6chte ich sagen, dass mich die Vorw\u00fcrfe hart<br \/>\ntreffen. Klar ist: Ich weise diese Vorw\u00fcrfe entschieden zur\u00fcck!&#8220;\n<\/p>\n<p class=\"paragraph article__item\">Weiter teilte Kuntz mit, er habe &#8222;im Sinne meiner Familie und aller mir nahestehenden<br \/>\nPersonen&#8220; seine Anw\u00e4lte eingeschaltet. Diese sollten laut Kuntz &#8222;gegen<br \/>\ndiese falschen Vorw\u00fcrfe und Vorverurteilungen&#8220; vorgehen.\n<\/p>\n<p>                An dieser Stelle ist ein externer Inhalt eingebunden<\/p>\n<p>Zum Anschauen ben\u00f6tigen wir Ihre Zustimmung<\/p>\n<p>\n                Weiter\n            <\/p>\n","protected":false},"excerpt":{"rendered":"Der Aufsichtsrat der HSV Fu\u00dfball Management AG hat sich in einer Stellungnahme zu den aktuellen Medienberichten rund um&hellip;\n","protected":false},"author":2,"featured_media":713708,"comment_status":"","ping_status":"","sticky":false,"template":"","format":"standard","meta":{"footnotes":""},"categories":[5],"tags":[485,111455,3150,13,28946,14,15,7611,12,5502,265,9143,10,8,9,11],"class_list":{"0":"post-713707","1":"post","2":"type-post","3":"status-publish","4":"format-standard","5":"has-post-thumbnail","7":"category-nachrichten","8":"tag-fussball-bundesliga","9":"tag-fussballbundesliga","10":"tag-hamburger-sv","11":"tag-headlines","12":"tag-hintergrund","13":"tag-nachrichten","14":"tag-news","15":"tag-profisport","16":"tag-schlagzeilen","17":"tag-sexueller-missbrauch","18":"tag-sport","19":"tag-stefan-kuntz","20":"tag-top-news","21":"tag-top-meldungen","22":"tag-topmeldungen","23":"tag-topnews"},"share_on_mastodon":{"url":"https:\/\/pubeurope.com\/@de\/115884711175111334","error":""},"_links":{"self":[{"href":"https:\/\/www.europesays.com\/de\/wp-json\/wp\/v2\/posts\/713707","targetHints":{"allow":["GET"]}}],"collection":[{"href":"https:\/\/www.europesays.com\/de\/wp-json\/wp\/v2\/posts"}],"about":[{"href":"https:\/\/www.europesays.com\/de\/wp-json\/wp\/v2\/types\/post"}],"author":[{"embeddable":true,"href":"https:\/\/www.europesays.com\/de\/wp-json\/wp\/v2\/users\/2"}],"replies":[{"embeddable":true,"href":"https:\/\/www.europesays.com\/de\/wp-json\/wp\/v2\/comments?post=713707"}],"version-history":[{"count":0,"href":"https:\/\/www.europesays.com\/de\/wp-json\/wp\/v2\/posts\/713707\/revisions"}],"wp:featuredmedia":[{"embeddable":true,"href":"https:\/\/www.europesays.com\/de\/wp-json\/wp\/v2\/media\/713708"}],"wp:attachment":[{"href":"https:\/\/www.europesays.com\/de\/wp-json\/wp\/v2\/media?parent=713707"}],"wp:term":[{"taxonomy":"category","embeddable":true,"href":"https:\/\/www.europesays.com\/de\/wp-json\/wp\/v2\/categories?post=713707"},{"taxonomy":"post_tag","embeddable":true,"href":"https:\/\/www.europesays.com\/de\/wp-json\/wp\/v2\/tags?post=713707"}],"curies":[{"name":"wp","href":"https:\/\/api.w.org\/{rel}","templated":true}]}}