{"id":713750,"date":"2026-01-12T23:51:13","date_gmt":"2026-01-12T23:51:13","guid":{"rendered":"https:\/\/www.europesays.com\/de\/713750\/"},"modified":"2026-01-12T23:51:13","modified_gmt":"2026-01-12T23:51:13","slug":"proteste-diplomatische-spannungen-zwischen-europa-und-iran-nehmen-zu","status":"publish","type":"post","link":"https:\/\/www.europesays.com\/de\/713750\/","title":{"rendered":"Proteste &#8211; Diplomatische Spannungen zwischen Europa und Iran nehmen zu"},"content":{"rendered":"<p>                    <img decoding=\"async\" loading=\"lazy\" class=\"internal-image\" title=\"Eine iranische Flagge weht im Wind. \" alt=\"Eine iranische Flagge weht im Wind. \" src=\"https:\/\/www.europesays.com\/de\/wp-content\/uploads\/2026\/01\/iran-flagge-102-1920x1080.jpg\" \/><\/p>\n<p>                  Eine iranische Flagge weht im Wind. (picture alliance \/ Connect Images \/ LB Studios)<\/p>\n<p>Frankreich und Gro\u00dfbritannien verurteilten erneut das gewaltsame Vorgehen der iranischen Sicherheitskr\u00e4fte. Der franz\u00f6sische Pr\u00e4sident Macron sprach von &#8222;blinder Gewalt&#8220; gegen Demonstranten, die f\u00fcr &#8222;universelle Grundrechte&#8220; auf die Stra\u00dfe gingen. Das EU-Parlament verweigert zudem ab sofort iranischen Diplomaten und Regierungsvertretern den Zutritt. <br \/>Das Au\u00dfenministerium in Teheran bestellte die Botschafter Deutschlands, Frankreichs, Italiens und Gro\u00dfbritanniens ein. Zur Begr\u00fcndung hie\u00df es, die Regierungen der vier L\u00e4nder h\u00e4tten \u00f6ffentlich ihre Unterst\u00fctzung f\u00fcr die regimekritischen Proteste ge\u00e4u\u00dfert.<\/p>\n<p>Nach Angaben einer in Norwegen ans\u00e4ssigen Menschenrechtsorganisation sind bei den Demonstrationen bisher mindestens 648 Menschen get\u00f6tet worden. Gestern hatte es erstmals seit Tagen keine neuen Massenproteste gegeben. Das iranische Staatsfernsehen zeigte stattdessen Aufnahmen von Kundgebungen, auf denen Menschen Unterst\u00fctzung f\u00fcr das Regime gezeigt haben sollen.<\/p>\n<p>Diese Nachricht wurde am 12.01.2026 im Programm Deutschlandfunk gesendet.<\/p>\n","protected":false},"excerpt":{"rendered":"Eine iranische Flagge weht im Wind. (picture alliance \/ Connect Images \/ LB Studios) Frankreich und Gro\u00dfbritannien verurteilten&hellip;\n","protected":false},"author":2,"featured_media":713751,"comment_status":"","ping_status":"","sticky":false,"template":"","format":"standard","meta":{"footnotes":""},"categories":[3933],"tags":[331,332,548,663,158,3934,3935,13,14,15,12],"class_list":{"0":"post-713750","1":"post","2":"type-post","3":"status-publish","4":"format-standard","5":"has-post-thumbnail","7":"category-eu","8":"tag-aktuelle-nachrichten","9":"tag-aktuelle-news","10":"tag-eu","11":"tag-europa","12":"tag-europaeische-union","13":"tag-europe","14":"tag-european-union","15":"tag-headlines","16":"tag-nachrichten","17":"tag-news","18":"tag-schlagzeilen"},"share_on_mastodon":{"url":"https:\/\/pubeurope.com\/@de\/115884817885632886","error":""},"_links":{"self":[{"href":"https:\/\/www.europesays.com\/de\/wp-json\/wp\/v2\/posts\/713750","targetHints":{"allow":["GET"]}}],"collection":[{"href":"https:\/\/www.europesays.com\/de\/wp-json\/wp\/v2\/posts"}],"about":[{"href":"https:\/\/www.europesays.com\/de\/wp-json\/wp\/v2\/types\/post"}],"author":[{"embeddable":true,"href":"https:\/\/www.europesays.com\/de\/wp-json\/wp\/v2\/users\/2"}],"replies":[{"embeddable":true,"href":"https:\/\/www.europesays.com\/de\/wp-json\/wp\/v2\/comments?post=713750"}],"version-history":[{"count":0,"href":"https:\/\/www.europesays.com\/de\/wp-json\/wp\/v2\/posts\/713750\/revisions"}],"wp:featuredmedia":[{"embeddable":true,"href":"https:\/\/www.europesays.com\/de\/wp-json\/wp\/v2\/media\/713751"}],"wp:attachment":[{"href":"https:\/\/www.europesays.com\/de\/wp-json\/wp\/v2\/media?parent=713750"}],"wp:term":[{"taxonomy":"category","embeddable":true,"href":"https:\/\/www.europesays.com\/de\/wp-json\/wp\/v2\/categories?post=713750"},{"taxonomy":"post_tag","embeddable":true,"href":"https:\/\/www.europesays.com\/de\/wp-json\/wp\/v2\/tags?post=713750"}],"curies":[{"name":"wp","href":"https:\/\/api.w.org\/{rel}","templated":true}]}}