{"id":713767,"date":"2026-01-13T00:00:11","date_gmt":"2026-01-13T00:00:11","guid":{"rendered":"https:\/\/www.europesays.com\/de\/713767\/"},"modified":"2026-01-13T00:00:11","modified_gmt":"2026-01-13T00:00:11","slug":"lkw-rammt-auf-der-a6-bei-nuernberg-zwei-autos-eine-person-stirbt","status":"publish","type":"post","link":"https:\/\/www.europesays.com\/de\/713767\/","title":{"rendered":"Lkw rammt auf der A6 bei N\u00fcrnberg zwei Autos \u2013 eine Person stirbt"},"content":{"rendered":"<p class=\"em_text\"><strong>Aufgrund der aktuellen Wetterlage mit gef\u00e4hrlichem Glatteis haben sich auf der <\/strong><strong><a href=\"https:\/\/www.mittelbayerische.de\/A6\" target=\"_blank\" rel=\"nofollow noopener\">A6<\/a><\/strong><strong> bei N\u00fcrnberg zahlreiche <\/strong><strong><a href=\"https:\/\/www.mittelbayerische.de\/Unfall\" target=\"_blank\" rel=\"nofollow noopener\">Unf\u00e4lle <\/a><\/strong><strong>ereignet. Der bis dato schwerste geschah am Montagnachmittag in Fahrtrichtung Heilbronn zwischen dem Kreuz N\u00fcrnberg-S\u00fcd und N\u00fcrnberg-Langwasser. Eine Person starb. Das<\/strong><strong><a href=\"https:\/\/www.mittelbayerische.de\/Polizei\" target=\"_blank\" rel=\"nofollow noopener\"> Polizei<\/a><\/strong><strong>pr\u00e4sidium Mittelfranken rief auf der Plattform X dazu auf, die A6 zu meiden.<\/strong><\/p>\n<p class=\"em_text\">Wie es vonseiten der Polizei hie\u00df, war gegen 13.45 Uhr wom\u00f6glich aufgrund von Blitzeis ein Lkw \u201eau\u00dfer Kontrolle\u201c geraten und schlitterte auf die linke Fahrbahn. Dort rammte der Lastwagen zwei neben ihm fahrende Autos seitlich. Zum Unfallzeitpunkt sa\u00df in einem der Autos eine Person, in dem anderen zwei. Der Lkw-Fahrer war allein im F\u00fchrerhaus. <\/p>\n<p>Der Lkw und eines der Autos fingen im Zuge des Unfalls Feuer. Weiter informiert die Polizei, dass sich in dem brennenden Pkw ein 64-J\u00e4hriger befand, der durch den 54-j\u00e4hrigen Lkw-Fahrer aus dem Fahrzeug schwer verletzt gerettet werden konnte. <\/p>\n<p>    Beifahrer stirbt \u2013 Identit\u00e4t unklar<\/p>\n<p class=\"em_text\">Die andere Person wurde im Auto eingeklemmt und verstarb noch an der Unfallstelle. Die Identit\u00e4t der verstorbenen Person steht bis dato nicht fest. Der Fahrer des weiteren beteiligten Autos konnte sich selbstst\u00e4ndig aus seinem Fahrzeug befreien und wurde lediglich leicht verletzt.<\/p>\n<p>Lesen Sie auch: <a href=\"https:\/\/www.mittelbayerische.de\/20278003\" target=\"_blank\" rel=\"nofollow noopener\">Die Lage in der Region im Newsblog<\/a><\/p>\n<p>Aufgrund der Bergungs- und Aufr\u00e4umarbeiten sowie des Hinzurufens eines Gutachters ist die Unfallstelle in Fahrtrichtung Heilbronn komplett gesperrt worden. Die A6 werde noch etwa zwei Stunden gesperrt sein, sagte der Sprecher auf Nachfrage der Mediengruppe Bayern gegen 22.45 Uhr, die Fahrbahn kann demnach fr\u00fchestens um 0.45 Uhr wieder f\u00fcr den Verkehr freigegeben werden.<\/p>\n<p>Beamte der Verkehrspolizei Feucht hatten vor Ort die Ermittlungen zur Kl\u00e4rung der genauen Unfallursache aufgenommen. Eine entsprechende Umleitung war eingerichtet worden.<\/p>\n<p>    Zahlreiche Unf\u00e4lle: Autofahrer sollen A6 meiden<\/p>\n<p class=\"em_text\">Auf der Plattform X schrieb das Polizeipr\u00e4sidium Mittelfranken, dass es zu \u201emehreren, teils schweren, Verkehrsunf\u00e4llen\u201c auf der A6 gekommen sei. Der Appell: \u201eBitte meidet und umfahrt den Bereich weitr\u00e4umig und achtet auf die anhaltende Gl\u00e4tte!\u201c Dies gelte f\u00fcr die A6 in beiden Fahrtrichtungen zwischen dem Autobahnkreuz N\u00fcrnberg-S\u00fcd und N\u00fcrnberg-Ost.<\/p>\n<p>Der Deutsche Wetterdienst (<a href=\"https:\/\/www.mittelbayerische.de\/wetter\" target=\"_blank\" rel=\"nofollow noopener\">DWD<\/a>) hatte f\u00fcr die Region sowie weite Teile Bayerns eine Unwetterwarnung wegen Gl\u00e4ttegefahr herausgegeben. Gefahr entstand durch gefrierenden Regen und Eisansatz.<\/p>\n<p style=\"text-align:right;\">cfo<\/p>\n","protected":false},"excerpt":{"rendered":"Aufgrund der aktuellen Wetterlage mit gef\u00e4hrlichem Glatteis haben sich auf der A6 bei N\u00fcrnberg zahlreiche Unf\u00e4lle ereignet. Der&hellip;\n","protected":false},"author":2,"featured_media":713768,"comment_status":"","ping_status":"","sticky":false,"template":"","format":"standard","meta":{"footnotes":"","_share_on_mastodon":"0"},"categories":[1837],"tags":[47934,772,3364,29,30,3783,121,1284],"class_list":["post-713767","post","type-post","status-publish","format-standard","has-post-thumbnail","category-nuernberg","tag-a6","tag-bayern","tag-de","tag-deutschland","tag-germany","tag-nuernberg","tag-polizei","tag-unfall"],"share_on_mastodon":{"url":"","error":""},"_links":{"self":[{"href":"https:\/\/www.europesays.com\/de\/wp-json\/wp\/v2\/posts\/713767","targetHints":{"allow":["GET"]}}],"collection":[{"href":"https:\/\/www.europesays.com\/de\/wp-json\/wp\/v2\/posts"}],"about":[{"href":"https:\/\/www.europesays.com\/de\/wp-json\/wp\/v2\/types\/post"}],"author":[{"embeddable":true,"href":"https:\/\/www.europesays.com\/de\/wp-json\/wp\/v2\/users\/2"}],"replies":[{"embeddable":true,"href":"https:\/\/www.europesays.com\/de\/wp-json\/wp\/v2\/comments?post=713767"}],"version-history":[{"count":0,"href":"https:\/\/www.europesays.com\/de\/wp-json\/wp\/v2\/posts\/713767\/revisions"}],"wp:featuredmedia":[{"embeddable":true,"href":"https:\/\/www.europesays.com\/de\/wp-json\/wp\/v2\/media\/713768"}],"wp:attachment":[{"href":"https:\/\/www.europesays.com\/de\/wp-json\/wp\/v2\/media?parent=713767"}],"wp:term":[{"taxonomy":"category","embeddable":true,"href":"https:\/\/www.europesays.com\/de\/wp-json\/wp\/v2\/categories?post=713767"},{"taxonomy":"post_tag","embeddable":true,"href":"https:\/\/www.europesays.com\/de\/wp-json\/wp\/v2\/tags?post=713767"}],"curies":[{"name":"wp","href":"https:\/\/api.w.org\/{rel}","templated":true}]}}