{"id":713771,"date":"2026-01-13T00:02:16","date_gmt":"2026-01-13T00:02:16","guid":{"rendered":"https:\/\/www.europesays.com\/de\/713771\/"},"modified":"2026-01-13T00:02:16","modified_gmt":"2026-01-13T00:02:16","slug":"nahverkehr-uestra-viele-linien-in-region-hannover-fahren-wieder-normal","status":"publish","type":"post","link":"https:\/\/www.europesays.com\/de\/713771\/","title":{"rendered":"Nahverkehr: \u00dcstra: Viele Linien in Region Hannover fahren wieder normal"},"content":{"rendered":"<p>        Nahverkehr<br \/>\n      \u00dcstra: Viele Linien in Region Hannover fahren wieder normal<\/p>\n<p>            Kopiere den aktuellen Link<\/p>\n<p>          Zur Merkliste hinzuf\u00fcgen<\/p>\n<p>Nach Schnee und Gl\u00e4tte rollen viele Busse und Bahnen der \u00dcstra wieder an \u2013 aber nicht an jedem Halt. Wo m\u00fcssen Fahrg\u00e4ste noch mit Einschr\u00e4nkungen rechnen?<\/p>\n<p class=\"typo-body-sc-md is-initial\">Der <a class=\"taxonomy-entity keyword\" data-target-type=\"article\" href=\"https:\/\/www.stern.de\/wirtschaft\/news\/themen\/nahverkehr-4158662.html\" target=\"_blank\" rel=\"noopener\">Nahverkehr<\/a> der \u00dcstra in der Region Hannover soll am Dienstag auf vielen Strecken wieder regul\u00e4r unterwegs sein. Von Betriebsbeginn an sollen die Bus- und Stadtbahnlinien nach dem bekannten Fahrplan verkehren, wie die Verkehrsbetriebe ank\u00fcndigten. Es k\u00f6nnten allerdings noch nicht alle Stadtbahnstrecken vom Anfangs- bis zum Endpunkt bedient werden.\u00a0<\/p>\n<p class=\"typo-body-sc-md\">Wegen Schnee und Gl\u00e4tte war der Bus- und Stadtbahnverkehr in den vergangenen Tagen zeitweise zum Erliegen gekommen.<\/p>\n<p class=\"typo-body-sc-md\">Wie fahren die Stadtbahnen?<\/p>\n<p class=\"typo-body-sc-md\">Die Linie 5, 7, 10 und 13 sollen regul\u00e4r fahren.<\/p>\n<p class=\"typo-body-sc-md\">Auf der Linie 1 in Richtung Langenhagen werde es noch Einschr\u00e4nkungen geben, die Stadtbahnen fahren bis zur Haltestelle Berliner Platz. In der Gegenrichtung werden die Bahnen der Linien 1 und 2 nicht bis Laatzen beziehungsweise Sarstedt fahren. Letzter Halt ist die Haltestelle Peiner Stra\u00dfe.<\/p>\n<p class=\"typo-body-sc-md\">Auf den Linien 2, 3, 4, 6, 8, 9, 11 und 17 sei die Situation &#8222;dynamisch&#8220;, hie\u00df es. Das hei\u00dft, es k\u00f6nne kontinuierlich zu \u00c4nderungen kommen.<\/p>\n<p class=\"typo-body-sc-md\">Die \u00dcstra arbeitet nach eigenen Angaben intensiv daran, alle Sch\u00e4den, die durch die Wetterlage entstanden waren, zu beheben. Nach und nach sollen so weitere Haltestellen wieder integriert werden.<\/p>\n<p><img decoding=\"async\" class=\"image-element__image image\" fetchpriority=\"auto\" loading=\"lazy\"  src=\"https:\/\/www.europesays.com\/de\/wp-content\/uploads\/2025\/08\/1754402297_86_gps-visual-widget.png\"  style=\"aspect-ratio: 3;\" alt=\"Gregor Peter Schmitz mit den Buchstaben GPS\" title=\"Gregor Peter Schmitz mit den Buchstaben GPS\"\/><\/p>\n<p>          Wollen Sie nichts mehr vom stern verpassen?<\/p>\n<p>Pers\u00f6nlich, kompetent und unterhaltsam: Chefredakteur Gregor Peter Schmitz sendet Ihnen jeden Mittwoch in einem kostenlosen Newsletter die wichtigsten Inhalte aus der stern-Redaktion und ordnet ein, wor\u00fcber Deutschland spricht. <a target=\"_blank\" class=\"link--external\" href=\"https:\/\/www.stern.de\/service\/gps-newsletter\/?utm_source=stern_digital&amp;utm_medium=infobox&amp;utm_campaign=stern_nl-gps\" rel=\"nofollow noopener\">Hier geht es zur Registrierung.<\/a><\/p>\n<p class=\"typo-body-sc-md\">Wie fahren die Busse in Stadt und Umland?\u00a0<\/p>\n<p class=\"typo-body-sc-md\">In der Landeshauptstadt sollen fast alle Buslinien regul\u00e4r bedient werden. Lediglich auf der Linie 120 entfielen die Haltestellen Schnepfenweg und Rebhuhnfeld in beide Richtungen sowie der Halt In der Steinbreite in Richtung Aegidientorplatz.\u00a0<\/p>\n<p class=\"typo-body-sc-md\">Im Umland <a class=\"taxonomy-entity place\" data-target-type=\"article\" href=\"https:\/\/www.stern.de\/sport\/fussball\/themen\/hannover-4154790.html\" target=\"_blank\" rel=\"noopener\">Hannovers<\/a> sei ebenfalls ein regul\u00e4res Fahrtenangebot geplant. Nach wie vor sei allerdings mit Versp\u00e4tungen zu rechnen.\u00a0<\/p>\n<p class=\"typo-body-sc-md\">Werden die Schulbusse fahren k\u00f6nnen?<\/p>\n<p class=\"typo-body-sc-md\">Nach Einsch\u00e4tzung der \u00dcstra wird die Erreichbarkeit der Schulen davon abh\u00e4ngen, inwieweit die entsprechenden Haltestellen in den Kommunen freiger\u00e4umt werden konnten.<\/p>\n<p>\n    dpa\n  <\/p>\n","protected":false},"excerpt":{"rendered":"Nahverkehr \u00dcstra: Viele Linien in Region Hannover fahren wieder normal Kopiere den aktuellen Link Zur Merkliste hinzuf\u00fcgen Nach&hellip;\n","protected":false},"author":2,"featured_media":713772,"comment_status":"","ping_status":"","sticky":false,"template":"","format":"standard","meta":{"footnotes":""},"categories":[1836],"tags":[3364,29,30,46,1411],"class_list":{"0":"post-713771","1":"post","2":"type-post","3":"status-publish","4":"format-standard","5":"has-post-thumbnail","7":"category-hannover","8":"tag-de","9":"tag-deutschland","10":"tag-germany","11":"tag-hannover","12":"tag-niedersachsen"},"share_on_mastodon":{"url":"https:\/\/pubeurope.com\/@de\/115884860654032691","error":""},"_links":{"self":[{"href":"https:\/\/www.europesays.com\/de\/wp-json\/wp\/v2\/posts\/713771","targetHints":{"allow":["GET"]}}],"collection":[{"href":"https:\/\/www.europesays.com\/de\/wp-json\/wp\/v2\/posts"}],"about":[{"href":"https:\/\/www.europesays.com\/de\/wp-json\/wp\/v2\/types\/post"}],"author":[{"embeddable":true,"href":"https:\/\/www.europesays.com\/de\/wp-json\/wp\/v2\/users\/2"}],"replies":[{"embeddable":true,"href":"https:\/\/www.europesays.com\/de\/wp-json\/wp\/v2\/comments?post=713771"}],"version-history":[{"count":0,"href":"https:\/\/www.europesays.com\/de\/wp-json\/wp\/v2\/posts\/713771\/revisions"}],"wp:featuredmedia":[{"embeddable":true,"href":"https:\/\/www.europesays.com\/de\/wp-json\/wp\/v2\/media\/713772"}],"wp:attachment":[{"href":"https:\/\/www.europesays.com\/de\/wp-json\/wp\/v2\/media?parent=713771"}],"wp:term":[{"taxonomy":"category","embeddable":true,"href":"https:\/\/www.europesays.com\/de\/wp-json\/wp\/v2\/categories?post=713771"},{"taxonomy":"post_tag","embeddable":true,"href":"https:\/\/www.europesays.com\/de\/wp-json\/wp\/v2\/tags?post=713771"}],"curies":[{"name":"wp","href":"https:\/\/api.w.org\/{rel}","templated":true}]}}