{"id":713789,"date":"2026-01-13T00:11:09","date_gmt":"2026-01-13T00:11:09","guid":{"rendered":"https:\/\/www.europesays.com\/de\/713789\/"},"modified":"2026-01-13T00:11:09","modified_gmt":"2026-01-13T00:11:09","slug":"30-leipziger-kinder-und-jugendkunstausstellung","status":"publish","type":"post","link":"https:\/\/www.europesays.com\/de\/713789\/","title":{"rendered":"30. Leipziger Kinder- und Jugendkunstausstellung"},"content":{"rendered":"<p>Die 30. Auflage der Kinder- und Jugendkunstausstellung (KiJuKu) wird am 17. Januar 2026 um 11 Uhr im Museum der bildenden K\u00fcnste Leipzig (MdbK) durch den amtieren Kulturamtsleiter Tobias Kobe er\u00f6ffnet. Dazu sind alle Leipzigerinnen und Leipziger herzlich eingeladen. Das Thema in diesem Jahr lautet \u201eDie gerade Kurve \u2013 einzigartig ist besser als perfekt\u201c. \u00a0<\/p>\n<p>Die G\u00e4ste erwartet ein umfangreiches Er\u00f6ffnungsprogramm von 11 bis 14.30 Uhr, moderiert von Kindern, begleitet vom Artistik Schulprojekt Leipzig e.V. und dem Chor der F.-A.-Brockhaus-Schule, sowie einer Mitmach-Station, an der kreative Fadenbilder entstehen. Die Ausstellung l\u00e4uft bis zum 15. M\u00e4rz und ist an mehreren, \u00f6ffentlich zug\u00e4nglichen Orten in Leipzig zu erleben, darunter neben dem MdbK das Literaturhaus Leipzig, die Halle 14 sowie die Volkshochschule Leipzig.<\/p>\n<p>Insgesamt wurden 320 Kunstwerke von jungen Leipziger K\u00fcnstlerinnen und K\u00fcnstler im Alter bis 21 Jahre f\u00fcr die diesj\u00e4hrige KiJuKu eingereicht. Neben spielerischer Kreativit\u00e4t thematisieren einige Werke auch Einsamkeit, \u00dcberforderung und Zukunfts\u00e4ngste angesichts globaler Krisen. Die Vielfalt an bildk\u00fcnstlerischen Techniken sowie an Fotografien, Videos und Objekten zeugt vom hohen Engagement und K\u00f6nnen der jungen Kunstschaffenden.\u00a0<\/p>\n<p>Die Auswahl der Werke stellte die Jury, bestehend aus Kindern und Erwachsenen, vor eine anspruchsvolle Aufgabe. Sie w\u00e4hlte 250 Arbeiten f\u00fcr die stadtweite Ausstellung aus. Zw\u00f6lf davon werden im Rahmen der Er\u00f6ffnung besonders gew\u00fcrdigt und mit einer Laudatio vorgestellt. Parallel zur Ausstellung sind alle Arbeiten ab dem 17. Januar in einer Online-Galerie unter <a href=\"https:\/\/kijuku-leipzig.de\/\" target=\"_blank\" class=\"link-body\" rel=\"noreferrer noopener\">www.kijuku-leipzig.de<\/a> zu sehen.<\/p>\n<p>Die Kinder- und Jugendkunstausstellung ist ein Gemeinschaftsprojekt des Kulturamtes der Stadt Leipzig mit dem Haus Steinstra\u00dfe e. V., unterst\u00fctzt von den Ausstellungsorten.<\/p>\n","protected":false},"excerpt":{"rendered":"Die 30. Auflage der Kinder- und Jugendkunstausstellung (KiJuKu) wird am 17. Januar 2026 um 11 Uhr im Museum&hellip;\n","protected":false},"author":2,"featured_media":713790,"comment_status":"","ping_status":"","sticky":false,"template":"","format":"standard","meta":{"footnotes":""},"categories":[1832],"tags":[3364,29,30,71,859],"class_list":{"0":"post-713789","1":"post","2":"type-post","3":"status-publish","4":"format-standard","5":"has-post-thumbnail","7":"category-leipzig","8":"tag-de","9":"tag-deutschland","10":"tag-germany","11":"tag-leipzig","12":"tag-sachsen"},"share_on_mastodon":{"url":"https:\/\/pubeurope.com\/@de\/115884896119788077","error":""},"_links":{"self":[{"href":"https:\/\/www.europesays.com\/de\/wp-json\/wp\/v2\/posts\/713789","targetHints":{"allow":["GET"]}}],"collection":[{"href":"https:\/\/www.europesays.com\/de\/wp-json\/wp\/v2\/posts"}],"about":[{"href":"https:\/\/www.europesays.com\/de\/wp-json\/wp\/v2\/types\/post"}],"author":[{"embeddable":true,"href":"https:\/\/www.europesays.com\/de\/wp-json\/wp\/v2\/users\/2"}],"replies":[{"embeddable":true,"href":"https:\/\/www.europesays.com\/de\/wp-json\/wp\/v2\/comments?post=713789"}],"version-history":[{"count":0,"href":"https:\/\/www.europesays.com\/de\/wp-json\/wp\/v2\/posts\/713789\/revisions"}],"wp:featuredmedia":[{"embeddable":true,"href":"https:\/\/www.europesays.com\/de\/wp-json\/wp\/v2\/media\/713790"}],"wp:attachment":[{"href":"https:\/\/www.europesays.com\/de\/wp-json\/wp\/v2\/media?parent=713789"}],"wp:term":[{"taxonomy":"category","embeddable":true,"href":"https:\/\/www.europesays.com\/de\/wp-json\/wp\/v2\/categories?post=713789"},{"taxonomy":"post_tag","embeddable":true,"href":"https:\/\/www.europesays.com\/de\/wp-json\/wp\/v2\/tags?post=713789"}],"curies":[{"name":"wp","href":"https:\/\/api.w.org\/{rel}","templated":true}]}}