{"id":713791,"date":"2026-01-13T00:12:19","date_gmt":"2026-01-13T00:12:19","guid":{"rendered":"https:\/\/www.europesays.com\/de\/713791\/"},"modified":"2026-01-13T00:12:19","modified_gmt":"2026-01-13T00:12:19","slug":"bericht-werner-kurz-vor-leipzig-abschied","status":"publish","type":"post","link":"https:\/\/www.europesays.com\/de\/713791\/","title":{"rendered":"Bericht: Werner kurz vor Leipzig-Abschied"},"content":{"rendered":"<p>Als <a href=\"https:\/\/www.fussballtransfers.com\/spieler\/timo-werner\/\" target=\"_blank\" rel=\"noopener\">Timo Werner<\/a> <a href=\"https:\/\/www.fussballtransfers.com\/verein\/rb-leipzig\/\" target=\"_blank\" rel=\"noopener\">RB Leipzig<\/a> im Sommer 2020 zum ersten Mal verlie\u00df, ging er als Deutschlands St\u00fcrmer Nummer eins f\u00fcr 53 Millionen Euro zum FC Chelsea. Diesmal verl\u00e4sst er die Sachsen als aussortierter Bankdr\u00fccker.<\/p>\n<p>            Unter der Anzeige geht&#8217;s weiter<\/p>\n<p>Wie \u201aThe Athletic\u2018 berichtet, steht der 29-J\u00e4hrige kurz vor dem Wechsel zu den San Jos\u00e9 <a href=\"https:\/\/www.fussballtransfers.com\/verein\/san-jose-earthquakes\/\" target=\"_blank\" rel=\"noopener\">Earthquakes<\/a> in die nordamerikanische MLS. Zu den Modalit\u00e4ten macht das renommierte Sportportal keine Angaben.<\/p>\n<p>            <a class=\"articleInline__titleMetas\" href=\"https:\/\/www.fussballtransfers.com\/a7099188995597319196-einigung-rb-vor-erstem-winter-transfer\" target=\"_blank\" rel=\"noopener\"><\/p>\n<p>        Einigung: RB vor erstem Winter-Transfer<\/p>\n<p>            <\/a><br \/>\n                            <a class=\"articleInline__imageLink\" href=\"https:\/\/www.fussballtransfers.com\/a7099188995597319196-einigung-rb-vor-erstem-winter-transfer\" target=\"_blank\" rel=\"noopener\"><br \/>\n                        <img loading=\"lazy\" decoding=\"async\" src=\"data:image\/svg+xml,%3Csvg%20xmlns=\" http:=\"\" data-src=\"https:\/\/www.europesays.com\/de\/wp-content\/uploads\/2026\/01\/sani-suleiman-2526.jpg\" alt=\"Einigung: RB vor erstem Winter-Transfer\" width=\"96\" height=\"72\"\/><\/p>\n<p>                <\/a><\/p>\n<p>Da Werner aber nur noch bis Saisonende in Leipzig unter Vertrag steht, dort l\u00e4ngst nicht mehr gebraucht wird und noch dazu Topverdiener ist, ist nicht mit einer Abl\u00f6sezahlung zu rechnen. RB wird eher froh sein, noch etwas Gehalt einzusparen.<\/p>\n","protected":false},"excerpt":{"rendered":"Als Timo Werner RB Leipzig im Sommer 2020 zum ersten Mal verlie\u00df, ging er als Deutschlands St\u00fcrmer Nummer&hellip;\n","protected":false},"author":2,"featured_media":713792,"comment_status":"","ping_status":"","sticky":false,"template":"","format":"standard","meta":{"footnotes":""},"categories":[1832],"tags":[3364,29,30,71,859],"class_list":{"0":"post-713791","1":"post","2":"type-post","3":"status-publish","4":"format-standard","5":"has-post-thumbnail","7":"category-leipzig","8":"tag-de","9":"tag-deutschland","10":"tag-germany","11":"tag-leipzig","12":"tag-sachsen"},"share_on_mastodon":{"url":"https:\/\/pubeurope.com\/@de\/115884899897459967","error":""},"_links":{"self":[{"href":"https:\/\/www.europesays.com\/de\/wp-json\/wp\/v2\/posts\/713791","targetHints":{"allow":["GET"]}}],"collection":[{"href":"https:\/\/www.europesays.com\/de\/wp-json\/wp\/v2\/posts"}],"about":[{"href":"https:\/\/www.europesays.com\/de\/wp-json\/wp\/v2\/types\/post"}],"author":[{"embeddable":true,"href":"https:\/\/www.europesays.com\/de\/wp-json\/wp\/v2\/users\/2"}],"replies":[{"embeddable":true,"href":"https:\/\/www.europesays.com\/de\/wp-json\/wp\/v2\/comments?post=713791"}],"version-history":[{"count":0,"href":"https:\/\/www.europesays.com\/de\/wp-json\/wp\/v2\/posts\/713791\/revisions"}],"wp:featuredmedia":[{"embeddable":true,"href":"https:\/\/www.europesays.com\/de\/wp-json\/wp\/v2\/media\/713792"}],"wp:attachment":[{"href":"https:\/\/www.europesays.com\/de\/wp-json\/wp\/v2\/media?parent=713791"}],"wp:term":[{"taxonomy":"category","embeddable":true,"href":"https:\/\/www.europesays.com\/de\/wp-json\/wp\/v2\/categories?post=713791"},{"taxonomy":"post_tag","embeddable":true,"href":"https:\/\/www.europesays.com\/de\/wp-json\/wp\/v2\/tags?post=713791"}],"curies":[{"name":"wp","href":"https:\/\/api.w.org\/{rel}","templated":true}]}}