{"id":71380,"date":"2025-04-29T19:43:18","date_gmt":"2025-04-29T19:43:18","guid":{"rendered":"https:\/\/www.europesays.com\/de\/71380\/"},"modified":"2025-04-29T19:43:18","modified_gmt":"2025-04-29T19:43:18","slug":"hannover-96-hat-sich-boris-tomiak-verwechselt-sport","status":"publish","type":"post","link":"https:\/\/www.europesays.com\/de\/71380\/","title":{"rendered":"Hannover 96: Hat sich Boris Tomiak verwechselt? | Sport"},"content":{"rendered":"<p><b>Dieser Wechsel k\u00f6nnte nach hinten losgehen.<\/b><\/p>\n<p>Im Winter kam Boris Tomiak (28) f\u00fcr 350.000 Euro vom 1. FC Kaiserslautern zu Hannover 96. Bei den Niedersachsen sollte er zum X-Faktor werden und beim Aufstieg helfen. Doch es kam alles ganz anders.<\/p>\n<p>Von den Top\u00a03 spricht bei den Roten keiner mehr. Als Tabellenneunter hat 96 drei Spieltage vor Schluss auf Relegations-Rang\u00a03 (Magdeburg) vier Z\u00e4hler R\u00fcckstand. Realistischer ist da ein Aufstieg seines Ex-Klubs. Der R\u00fcckstand der \u201eRoten Teufel\u201c auf Platz 3 betr\u00e4gt nur ein P\u00fcnktchen.<\/p>\n<p>Lesen Sie auch<\/p>\n<p><b>\u201eDas ist f\u00fcr mich kein Problem. Ich habe mich langfristig f\u00fcr Hannover entschieden\u201c, betont Tomiak (Vertrag bis 2028). Er erg\u00e4nzt: \u201eIch wei\u00df, dass das Potenzial in 96 steckt, das Ziel Bundesliga in Zukunft zu erreichen.\u201c<\/b><\/p>\n<p>Hannover 96: Tomiak tr\u00e4umt von Bundesliga<\/p>\n<p>In der n\u00e4chsten Saison soll der Defensiv-Spezialist zum F\u00fchrungsspieler reifen, den Abgang von Phil Neumann (28\/ab Sommer bei Birmingham City) kompensieren. \u201eGerade, wenn Leistungstr\u00e4ger wie Phil den Verein verlassen, ist mein Anspruch, diese L\u00fccke zu schlie\u00dfen und Verantwortung zu \u00fcbernehmen\u201c, sagt Tomiak.<\/p>\n<p><b>Helfen soll ihm dabei seine Lautern-Zeit: \u201eIch habe meine ersten Profi-Erfahrungen bei Kaiserslautern gemacht, wo es auch direkt um den Aufstieg ging. Wir haben einiges erlebt, dort war das Stadion immer voll und ich habe schnell gelernt, mit Druck umzugehen. Gerade auf dem Platz tut es mir gut, dass ich Ruhe bewahren kann.\u201c<\/b><\/p>\n<p>Vorentscheidung verpasst: Tor-Knaller schockt K\u00f6ln!<a href=\"https:\/\/www.bild.de\/sport\/fussball\/vorentscheidung-verpasst-tor-knaller-schockt-koeln-6808cec9d40b10440c23d6ed\" class=\"anchor\" rel=\"nofollow noopener\" target=\"_blank\"><img decoding=\"async\" width=\"992\" height=\"558\" alt=\"Teaser-Bild\" src=\"https:\/\/www.europesays.com\/de\/wp-content\/uploads\/2025\/04\/2f8efd42360b3544cd050a6a78dc08b6-landscape,26015215\"   class=\"landscape teaser__image\" loading=\"lazy\"\/><\/a><\/p>\n<p>Quelle: Bild27.04.2025<\/p>\n<p>Nebenbei hofft er, dass seine 96-Kollegen ein Vers\u00e4umnis nicht mehr auf dem Schirm haben. <a href=\"https:\/\/www.bild.de\/sport\/fussball\/hannover-96-trotz-vertrag-fluechtet-dieser-96-profi-nach-der-saison-680f4fcfa395cf64b5a98768\" class=\"text-link\" rel=\"nofollow noopener\" target=\"_blank\">Denn: Einen Einstand hat der Abwehr-Profi bisher nicht gegeben.<\/a> \u201eDaf\u00fcr gab es noch keine Zeit. Ich hoffe, die Kollegen haben vergessen, dass da noch etwas kommen m\u00fcsste\u201c, erz\u00e4hlt Tomiak mit einem Schmunzeln.<\/p>\n<p><a href=\"https:\/\/www.bild.de\/sport\/fussball\/hannover-96-trainer-kandidat-schon-zur-haelfte-im-anflug-680f69ed7886d1408fe55694\" class=\"text-link\" rel=\"nofollow noopener\" target=\"_blank\">Lustig geht es auch in seiner der Familie zu.<\/a> \u201eIch bin seit letztem Jahr auch Vater eines Sohnes. Deswegen ist das Windelwechseln f\u00fcr mich kein Problem und geh\u00f6rt auch zu meinen Aufgaben.\u201c<\/p>\n","protected":false},"excerpt":{"rendered":"Dieser Wechsel k\u00f6nnte nach hinten losgehen. Im Winter kam Boris Tomiak (28) f\u00fcr 350.000 Euro vom 1. FC&hellip;\n","protected":false},"author":2,"featured_media":71381,"comment_status":"","ping_status":"","sticky":false,"template":"","format":"standard","meta":{"footnotes":""},"categories":[1836],"tags":[7974,621,3364,29,1002,30,46,2366,14707,1411,10699,542,45,784],"class_list":{"0":"post-71380","1":"post","2":"type-post","3":"status-publish","4":"format-standard","5":"has-post-thumbnail","7":"category-hannover","8":"tag-1-fc-kaiserslautern","9":"tag-2-bundesliga","10":"tag-de","11":"tag-deutschland","12":"tag-fans","13":"tag-germany","14":"tag-hannover","15":"tag-hannover-96","16":"tag-neumann-phil","17":"tag-niedersachsen","18":"tag-schwank-kevin","19":"tag-sport-leuchtturm-hamburg","20":"tag-texttospeech","21":"tag-zweite-bundesliga"},"share_on_mastodon":{"url":"https:\/\/pubeurope.com\/@de\/114422966111343611","error":""},"_links":{"self":[{"href":"https:\/\/www.europesays.com\/de\/wp-json\/wp\/v2\/posts\/71380","targetHints":{"allow":["GET"]}}],"collection":[{"href":"https:\/\/www.europesays.com\/de\/wp-json\/wp\/v2\/posts"}],"about":[{"href":"https:\/\/www.europesays.com\/de\/wp-json\/wp\/v2\/types\/post"}],"author":[{"embeddable":true,"href":"https:\/\/www.europesays.com\/de\/wp-json\/wp\/v2\/users\/2"}],"replies":[{"embeddable":true,"href":"https:\/\/www.europesays.com\/de\/wp-json\/wp\/v2\/comments?post=71380"}],"version-history":[{"count":0,"href":"https:\/\/www.europesays.com\/de\/wp-json\/wp\/v2\/posts\/71380\/revisions"}],"wp:featuredmedia":[{"embeddable":true,"href":"https:\/\/www.europesays.com\/de\/wp-json\/wp\/v2\/media\/71381"}],"wp:attachment":[{"href":"https:\/\/www.europesays.com\/de\/wp-json\/wp\/v2\/media?parent=71380"}],"wp:term":[{"taxonomy":"category","embeddable":true,"href":"https:\/\/www.europesays.com\/de\/wp-json\/wp\/v2\/categories?post=71380"},{"taxonomy":"post_tag","embeddable":true,"href":"https:\/\/www.europesays.com\/de\/wp-json\/wp\/v2\/tags?post=71380"}],"curies":[{"name":"wp","href":"https:\/\/api.w.org\/{rel}","templated":true}]}}