{"id":713861,"date":"2026-01-13T00:54:11","date_gmt":"2026-01-13T00:54:11","guid":{"rendered":"https:\/\/www.europesays.com\/de\/713861\/"},"modified":"2026-01-13T00:54:11","modified_gmt":"2026-01-13T00:54:11","slug":"sonderausstellung-der-rhein-vom-uferidyll-zur-hochwasserkatastrophe","status":"publish","type":"post","link":"https:\/\/www.europesays.com\/de\/713861\/","title":{"rendered":"Sonderausstellung &#8222;Der Rhein: Vom Uferidyll zur Hochwasserkatastrophe&#8220;"},"content":{"rendered":"<p><img loading=\"lazy\" decoding=\"async\" src=\"https:\/\/www.europesays.com\/de\/wp-content\/uploads\/2026\/01\/ausstellung_hochwasser_kob_1ZZZ.jpg\" alt=\"Ausstellung hochwasser kob 1ZZZ\" width=\"1000\" height=\"689\" class=\"size-full wp-image-618682\"  \/>Hochwasser zum Jahreswechsel 1882\/83, nachkolorierte Aufnahme von Edigheim, Frankenthaler Stra\u00dfe (heute Oppauer Stra\u00dfe), Bildrechte: Stadtarchiv LudwigshafenLudwigshafen \/ Metropolregion Rhein-Neckar(red\/ak) \u2013 Das Karl-Otto-Braun-Museum im Rathaus Oppau, Edigheimer Stra\u00dfe 34, zeigt vom 18. Januar bis 29. M\u00e4rz 2026 die Ausstellung \u201eDer Rhein: Vom Uferidyll zur Hochwasser-katastrophe\u201c. Die Schau ist eine Kooperation des F\u00f6rdervereins des Heimatmuseums mit dem Stadtmuseum Ludwigshafen. Die Ausstellung besch\u00e4ftigt sich mit diesen Fragestellungen: Wie ver\u00e4nderte sich der Rhein im Laufe der Zeit und welche Auswirkungen hatte die Flussbegradigung im 19. Jahrhundert durch Johann Gottfried Tulla? Was ist Hochwasser und welche Arten gibt es? Wie sch\u00fctzten sich die Menschen fr\u00fcher vor \u00dcberschwemmungen, wie heute? Und welche Ma\u00dfnahmen gibt es f\u00fcr Ludwigshafen?<br \/>Im Mittelpunkt der Ausstellung steht die lokale Hochwasserkatastrophe zum Jahreswechsel 1882\/1883:<br \/>In Oppau brach in der Nacht vom 29. auf den 30. Dezember 1882 der Damm am Rhein. Auch andere Ortschaften in der Region wurden zerst\u00f6rt; zahlreiche Menschen verloren ihr Zuhause. Zus\u00e4tzlich kenterte am 2. Januar 1883 ein Rettungsboot und \u00fcber 30 Menschen ertranken. Eigens f\u00fcr die Ausstellung neu aufbereitete historische Fotografien aus den Jahren 1882\/83 erm\u00f6glichen einen ber\u00fchrenden Einblick in das Ausma\u00df der Zerst\u00f6rung.  Auch mittels Kartenmaterial aus verschiedenen Epochen, Medienstationen sowie allgemeinverst\u00e4ndlichen Informations-texten zu diversen Aspekten rund um Hochwasser damals und  heute wird die Dringlichkeit des Themas als wichtige Aufgabe der Gegenwart ins Bewusstsein ger\u00fcckt. Die Ausstellung wurde gef\u00f6rdert von der Stiftung der ehemaligen Stadtsparkasse Ludwigshafen.  Kuratiert wird \u201eDer Rhein: Vom Uferidyll zur Hochwasser-katastrophe\u201c von der Umwelthistorikerin und wissenschaftlichen Volont\u00e4rin am Stadtmuseum, Lena Simon.  Ausstellungser\u00f6ffnung ist am Sonntag, 18. Januar 2026, um 14 Uhr. Gru\u00dfworte sprechen Ortsvorsteher Frank Meier und Lena Simon. Er\u00f6ffnet wird die Ausstellung von der ersten Vorsitzenden des F\u00f6rdervereins des Karl-Otto-Braun-Museums, Sigrid Kern. Um 15 Uhr schlie\u00dft sich ein Festvortrag von Dr. Klaus-J\u00fcrgen Becker, stellvertretender Leiter des Stadtarchivs, an, der \u00fcber Oppau und Edigheim in den letzten Jahrzehnten des  19. Jahrhunderts referiert. G\u00e4ste sind zu einem Umtrunk eingeladen. Musikalisch begleitet wird die Ausstellungser\u00f6ffnung von Christopher Kern. Zur Ausstellung gibt es ein Begleitprogramm, das zwei  Vortr\u00e4ge, zwei Exkursionen, einen Kinderworkshop, eine Kuratorinnenf\u00fchrung und eine Finissage umfasst.  Das Karl-Otto-Braun-Museum ist sonntags von 10 bis 13 Uhr und von 14 bis 17 Uhr ge\u00f6ffnet. Sonder\u00f6ffnungen f\u00fcr Gruppen sind auf Anfrage m\u00f6glich. Der Eintritt in die Ausstellung und zu allen Veranstaltungen ist kostenlos. Das Karl-Otto-Braun-Museum ist nicht barrierefrei.<\/p>\n<p>Begleitprogramm:<br \/>Sonntag, 1. Februar 2026, 15 Uhr: Vortrag<br \/>Hochwasser- und Starkregenvorsorge der Stadt Ludwigshafen<br \/>Rainer Ritthaler leitet seit 24 Jahren den Bereich Umwelt und Klima der Stadtverwaltung Ludwigshafen. An diesem Nachmittag berichtet er Wissenswertes \u00fcber die Hochwasser- und Starkregenvorsorge der Stadt Ludwigshafen und nennt M\u00f6glichkeiten, selbst als B\u00fcrgerinnen und B\u00fcrger aktiv zu werden.  Mit offener Fragerunde und geselligem Umtrunk im Anschluss. Ort: Vortragssaal des Karl-Otto-Braun-Museums\/Oppauer Rathauses, 1. OG<\/p>\n<p>Sonntag, 1. M\u00e4rz 2026, 15 Uhr: Vortrag<br \/>Katastrophenschutz ist unsere Arbeit: das Technische Hilfswerk (THW)<br \/>Patrick Wei\u00df ist langj\u00e4hriges Mitglied im THW-Ortsverband Ludwigshafen. Er war bereits auf vielen Eins\u00e4tzen im In- und Ausland. Auch im Ahrtal hat er nach der Flutkatastrophe im Jahr 2021 beim Wiederaufbau geholfen. Patrick Wei\u00df informiert an diesem Nachmittag \u00fcber die Arbeit des Technischen Hilfswerks und zeigt auf, wieso es Spa\u00df macht sich ehrenamtlich im THW zu engagieren.  Das THW ist eine Bundesbeh\u00f6rde des Innenministeriums, die zu 99 Prozent aus Ehrenamtlichen besteht.<br \/>Mit offener Fragerunde und geselligem Umtrunk im Anschluss. Ort: Vortragssaal des Karl-Otto-Braun-Museums\/Oppauer Rathauses, 1. OG<\/p>\n<p>Samstag, 14. M\u00e4rz 2026, 12 Uhr: Exkursion<br \/>Das Haus \u201eLeben am Strom\u201c in Neupotz \u2013 F\u00fchrung mit Kaffee &amp; Kuchen<br \/>Das Haus \u201eLeben am Strom\u201c ist ein Rheinauen- und Hochwasserschutz-Informationszentrum der Pf\u00e4lzer Verbands-gemeinde Jockgrim. Besucher*innen erfahren dort alles \u00fcber die Entwicklung des Hochwasserschutzes sowie die Auswirkungen auf die Menschen vor Ort. Wir durchwandern dabei auch die Geschichte des Fischer- und Arbeiterdorfes Neupotz \u2013 immer unter dem Aspekt des Hochwasserschutzes. Kostenlose F\u00fchrung, abschlie\u00dfend Kaffee und Kuchen in der angrenzenden \u201ePolderscheune\u201c.<br \/>Eigenst\u00e4ndige Anreise, Treffpunkt ist um 11.45 Uhr am Eingang des Geb\u00e4udes. Weitere Infos unter www.leben-am-strom.de. Adresse: Haus Leben am Strom, Hauptstra\u00dfe 4, 76777 Neupotz. Parkpl\u00e4tze befinden sich im Ort, bitte nicht im Hof des Museums parken. Die Teilnahme ist auf 20 Personen begrenzt, um Anmeldung bis 7. M\u00e4rz per E-Mail an lena.simon@ludwigshafen.de oder unter Telefon 0621 504-2580 wird gebeten.<\/p>\n<p>Samstag, 21. M\u00e4rz 2026, 14 Uhr: Exkursion<br \/>Geht die Pegeluhr richtig? Auf Entdeckungstour \u00fcber die Parkinsel mit den \u201eAuw\u00e4ldlern\u201c<br \/>Woher kommt das Trinkwasser von Ludwigshafen? Was ist und wer misst die Pegeluhr? Und was hat es mit dem Rhein noch so alles auf sich? Bei einem spannenden Spaziergang \u00fcber die Parkinsel erfahren Teilnehmende Wissenswertes \u00fcber die lokale Trinkwassergewinnung, die \u00f6kologische Bedeutung des noch  erhaltenen Auwalds f\u00fcr die Region und die Besonderheiten dieses m\u00e4chtigen Flusses. Treffpunkt: Auf dem Parkplatz vor der Pegeluhr Die Teilnahme ist kostenlos. Die \u201eAuw\u00e4ldler\u201c sind eine Gruppe zertifizierter Natur- und Landschaftsf\u00fchrer in den Pf\u00e4lzer Rheinaue die seit 2014 besteht, freuen sich jedoch \u00fcber Spenden f\u00fcr ihre Arbeit. Um Anmeldung wird gebeten, per E-Mail an 3Auwald@gmail.com oder unter der Telefonnummer 06233 30 04 10 9.<\/p>\n<p>Sonntag, 29. M\u00e4rz 2026,15 Uhr bis 17 Uhr: Kinderworkshop<br \/>\u201eAuf den Spuren des geheimnisvollen Rheingolds\u201c, F\u00fchrung und musikalische Finissage<br \/>Zusammen mit Dr. Regina Heilmann lernen Kinder das Nibelungenlied und den geheimnisvollen Mythos vom bis heute verschollenen Rheingold kennen. Zum Schluss bekommen alle ein Buch \u00fcber das Thema geschenkt. (Dauer: 15 bis 16 Uhr, Altersempfehlung: acht bis elf Jahre).Erwachsene Begleitpersonen k\u00f6nnen w\u00e4hrenddessen letztmalig an einer F\u00fchrung durch Ausstellungskuratorin und Projektleiterin Lena Simon M.A. teilnehmen.Ab 16 Uhr wird das Ende der Ausstellungslaufzeit bei Liedern zum Thema \u201eRhein\u201c und einem geselligen Umtrunk gefeiert.<\/p>\n<p>W\u00e4hrend der \u00d6ffnungszeiten ist das Museum telefonisch erreichbar unter 0621 504-2573. Informationen gibt es im Internet unter www.ludwigshafen.de.<\/p>\n<p>Quelle: Stadt Ludwigshafen<\/p>\n<p class=\"post-modified-info\">Zuletzt aktualisiert am 12. Januar 2026, 22:52<\/p>\n","protected":false},"excerpt":{"rendered":"Hochwasser zum Jahreswechsel 1882\/83, nachkolorierte Aufnahme von Edigheim, Frankenthaler Stra\u00dfe (heute Oppauer Stra\u00dfe), Bildrechte: Stadtarchiv LudwigshafenLudwigshafen \/ Metropolregion&hellip;\n","protected":false},"author":2,"featured_media":713862,"comment_status":"","ping_status":"","sticky":false,"template":"","format":"standard","meta":{"footnotes":""},"categories":[1845],"tags":[14068,31143,18287,61836,2076,1634,18412,1797,12612,29849,3364,29,49624,72713,2136,548,663,3934,32166,6750,11867,30,2989,13,259,198,2280,27726,1114,1563,5212,5998,25476,2096,9834,25488,25489,2264,14,17444,6237,14480,63769,15,58004,164452,62710,4847,8430,23148,22861,2218,5399,5206,28951,12,11813,6857,3041,61988,7557,65812,8928,2185,1464,39146,7540,33603,6423,20270],"class_list":{"0":"post-713861","1":"post","2":"type-post","3":"status-publish","4":"format-standard","5":"has-post-thumbnail","7":"category-mannheim","8":"tag-lernen","9":"tag-31143","10":"tag-18287","11":"tag-61836","12":"tag-ausstellung","13":"tag-baden-wuerttemberg","14":"tag-bereich","15":"tag-buch","16":"tag-buerger","17":"tag-buergerinnen","18":"tag-de","19":"tag-deutschland","20":"tag-edigheim","21":"tag-ehrenamtlichen","22":"tag-entwicklung","23":"tag-eu","24":"tag-europa","25":"tag-europe","26":"tag-frankenthaler-strasse","27":"tag-fuehrung","28":"tag-gemeinde","29":"tag-germany","30":"tag-geschichte","31":"tag-headlines","32":"tag-informationen","33":"tag-internet","34":"tag-jahreswechsel","35":"tag-jockgrim","36":"tag-kinder","37":"tag-klima","38":"tag-kooperation","39":"tag-leben","40":"tag-ludwigshafen","41":"tag-mannheim","42":"tag-menschen","43":"tag-metropolregion","44":"tag-metropolregion-rhein-neckar","45":"tag-museum","46":"tag-nachrichten","47":"tag-nacht","48":"tag-natur","49":"tag-neckar","50":"tag-neupotz","51":"tag-news","52":"tag-oppau","53":"tag-ortsvorsteher","54":"tag-parkinsel","55":"tag-parkplatz","56":"tag-parkplaetze","57":"tag-personen","58":"tag-prozent","59":"tag-rathaus","60":"tag-region","61":"tag-rhein","62":"tag-rhein-neckar","63":"tag-schlagzeilen","64":"tag-sonderausstellung","65":"tag-spenden","66":"tag-stadt","67":"tag-stadt-ludwigshafen","68":"tag-stadtverwaltung","69":"tag-stadtverwaltung-ludwigshafen","70":"tag-stiftung","71":"tag-strom","72":"tag-telefon","73":"tag-thema","74":"tag-thw","75":"tag-treffpunkt","76":"tag-trinkwasser","77":"tag-vortrag"},"share_on_mastodon":{"url":"","error":"Validation failed: Text character limit of 500 exceeded"},"_links":{"self":[{"href":"https:\/\/www.europesays.com\/de\/wp-json\/wp\/v2\/posts\/713861","targetHints":{"allow":["GET"]}}],"collection":[{"href":"https:\/\/www.europesays.com\/de\/wp-json\/wp\/v2\/posts"}],"about":[{"href":"https:\/\/www.europesays.com\/de\/wp-json\/wp\/v2\/types\/post"}],"author":[{"embeddable":true,"href":"https:\/\/www.europesays.com\/de\/wp-json\/wp\/v2\/users\/2"}],"replies":[{"embeddable":true,"href":"https:\/\/www.europesays.com\/de\/wp-json\/wp\/v2\/comments?post=713861"}],"version-history":[{"count":0,"href":"https:\/\/www.europesays.com\/de\/wp-json\/wp\/v2\/posts\/713861\/revisions"}],"wp:featuredmedia":[{"embeddable":true,"href":"https:\/\/www.europesays.com\/de\/wp-json\/wp\/v2\/media\/713862"}],"wp:attachment":[{"href":"https:\/\/www.europesays.com\/de\/wp-json\/wp\/v2\/media?parent=713861"}],"wp:term":[{"taxonomy":"category","embeddable":true,"href":"https:\/\/www.europesays.com\/de\/wp-json\/wp\/v2\/categories?post=713861"},{"taxonomy":"post_tag","embeddable":true,"href":"https:\/\/www.europesays.com\/de\/wp-json\/wp\/v2\/tags?post=713861"}],"curies":[{"name":"wp","href":"https:\/\/api.w.org\/{rel}","templated":true}]}}