{"id":71388,"date":"2025-04-29T19:47:13","date_gmt":"2025-04-29T19:47:13","guid":{"rendered":"https:\/\/www.europesays.com\/de\/71388\/"},"modified":"2025-04-29T19:47:13","modified_gmt":"2025-04-29T19:47:13","slug":"er-stuerzte-aus-40-metern-hoehe-ab-hatte-keine-ueberlebenschance-regional","status":"publish","type":"post","link":"https:\/\/www.europesays.com\/de\/71388\/","title":{"rendered":"Er st\u00fcrzte aus 40 Metern H\u00f6he ab, hatte keine \u00dcberlebenschance | Regional"},"content":{"rendered":"<p>Bremen \u2013 <b>Dramatische Szenen nach einem Volksfest: Ein Arbeiter st\u00fcrzte beim Abbau eines Riesenrads 40 Meter in die Tiefe.<\/b><\/p>\n<p>Das Ungl\u00fcck passierte am Dienstagmittag auf der Osterwiese in <a href=\"https:\/\/www.bild.de\/regional\/bremen\/bremen-regional\/home-16292312.bild.html\" class=\"text-link\" rel=\"nofollow noopener\" target=\"_blank\">Bremen<\/a>. Der 49-J\u00e4hrige sei auf den Boden aufgeprallt, teilte die Polizei mit. Dabei wurde er so schwer verletzt, dass er noch an der Unfallstelle starb.<\/p>\n<p>Der <a href=\"https:\/\/www.bild.de\/themen\/specials\/tod\/ratgeber-todesfall-trauer-nachrichten-25350234.bild.html\" class=\"text-link\" rel=\"nofollow noopener\" target=\"_blank\">Todesfall<\/a> ist ein trauriger Abschluss des fr\u00f6hlichen Volksfestes in Bremen.<\/p>\n<p><img decoding=\"async\" width=\"992\" height=\"558\" alt=\"Unfallort:  das Riesenrad ist bereits zum Teil demontiert\" src=\"https:\/\/www.europesays.com\/de\/wp-content\/uploads\/2025\/04\/ab0e6a2620e216a5f9d6330327231260,2a7a157a\"   class=\"landscape\" loading=\"lazy\"\/><\/p>\n<p class=\"fig__caption__text\">Das Riesenrad war bereits zum Teil demontiert, als der Mann st\u00fcrzte<\/p>\n<p>Foto: Christian Butt<\/p>\n<p>Zeugen mussten nach Unfall betreut werden<\/p>\n<p>Augenzeugen wurden laut Polizei von einem Notfallseelsorger betreut. Ermittler der Kriminalpolizei pr\u00fcfen nun, wie es zu dem <a href=\"https:\/\/www.bild.de\/themen\/ereignisse\/unfaelle\/auto-news-fotos-videos-17004002.bild.html\" class=\"text-link\" rel=\"nofollow noopener\" target=\"_blank\">Unfall<\/a> kam. Auch die Gewerbeaufsicht war vor Ort. <\/p>\n<p>Lesen Sie auch<\/p>\n<p>Die Osterwiese ist neben dem Freimarkt das zweite gro\u00dfe <a href=\"https:\/\/www.bild.de\/themen\/ereignisse\/volksfeste\/politik-nachrichten-news-fotos-videos-20523974.bild.html\" class=\"text-link\" rel=\"nofollow noopener\" target=\"_blank\">Volksfest<\/a> in Bremen. Rund 500.000 Menschen besuchten das Fest in diesem Jahr. <\/p>\n<p>Es endete am Sonntag.<\/p>\n","protected":false},"excerpt":{"rendered":"Bremen \u2013 Dramatische Szenen nach einem Volksfest: Ein Arbeiter st\u00fcrzte beim Abbau eines Riesenrads 40 Meter in die&hellip;\n","protected":false},"author":2,"featured_media":70794,"comment_status":"","ping_status":"","sticky":false,"template":"","format":"standard","meta":{"footnotes":""},"categories":[1824],"tags":[5184,2420,3364,29,30,7339,2508,7023,2288,45,3259,3533,2624,7781,4837],"class_list":{"0":"post-71388","1":"post","2":"type-post","3":"status-publish","4":"format-standard","5":"has-post-thumbnail","7":"category-bremen","8":"tag-arbeitsunfall","9":"tag-bremen","10":"tag-de","11":"tag-deutschland","12":"tag-germany","13":"tag-grossveranstaltungen","14":"tag-kirmes","15":"tag-riesenrad","16":"tag-schroeder-dino","17":"tag-texttospeech","18":"tag-tod","19":"tag-todesfall","20":"tag-unfaelle","21":"tag-unfalltod","22":"tag-volksfeste"},"share_on_mastodon":{"url":"https:\/\/pubeurope.com\/@de\/114422981848990636","error":""},"_links":{"self":[{"href":"https:\/\/www.europesays.com\/de\/wp-json\/wp\/v2\/posts\/71388","targetHints":{"allow":["GET"]}}],"collection":[{"href":"https:\/\/www.europesays.com\/de\/wp-json\/wp\/v2\/posts"}],"about":[{"href":"https:\/\/www.europesays.com\/de\/wp-json\/wp\/v2\/types\/post"}],"author":[{"embeddable":true,"href":"https:\/\/www.europesays.com\/de\/wp-json\/wp\/v2\/users\/2"}],"replies":[{"embeddable":true,"href":"https:\/\/www.europesays.com\/de\/wp-json\/wp\/v2\/comments?post=71388"}],"version-history":[{"count":0,"href":"https:\/\/www.europesays.com\/de\/wp-json\/wp\/v2\/posts\/71388\/revisions"}],"wp:featuredmedia":[{"embeddable":true,"href":"https:\/\/www.europesays.com\/de\/wp-json\/wp\/v2\/media\/70794"}],"wp:attachment":[{"href":"https:\/\/www.europesays.com\/de\/wp-json\/wp\/v2\/media?parent=71388"}],"wp:term":[{"taxonomy":"category","embeddable":true,"href":"https:\/\/www.europesays.com\/de\/wp-json\/wp\/v2\/categories?post=71388"},{"taxonomy":"post_tag","embeddable":true,"href":"https:\/\/www.europesays.com\/de\/wp-json\/wp\/v2\/tags?post=71388"}],"curies":[{"name":"wp","href":"https:\/\/api.w.org\/{rel}","templated":true}]}}