{"id":713884,"date":"2026-01-13T01:07:13","date_gmt":"2026-01-13T01:07:13","guid":{"rendered":"https:\/\/www.europesays.com\/de\/713884\/"},"modified":"2026-01-13T01:07:13","modified_gmt":"2026-01-13T01:07:13","slug":"sicherheitsrat-usa-nennen-russische-angriffe-auf-ukraine-eine-gefaehrliche-eskalation","status":"publish","type":"post","link":"https:\/\/www.europesays.com\/de\/713884\/","title":{"rendered":"Sicherheitsrat &#8211; USA nennen russische Angriffe auf Ukraine eine &#8222;gef\u00e4hrliche Eskalation&#8220;"},"content":{"rendered":"<p>                    <img decoding=\"async\" loading=\"lazy\" class=\"internal-image\" title=\"Ein Foto des russischen Verteidigungsministeriums zeigt das Raketensystem Oreschnik w\u00e4hrend einer \u00dcbung in Belarus.\" alt=\"Ein Foto des russischen Verteidigungsministeriums zeigt das Raketensystem Oreschnik w\u00e4hrend einer \u00dcbung in Belarus.\" src=\"https:\/\/www.europesays.com\/de\/wp-content\/uploads\/2026\/01\/oreschnik-100-1920x1080.jpg\" \/><\/p>\n<p>                  Ein Foto des russischen Verteidigungsministeriums zeigt das Raketensystem Oreschnik w\u00e4hrend einer \u00dcbung in Belarus. (Archivfoto)<br \/>\n                    (AP)<\/p>\n<p>Die stellvertretende US-Botschafterin bei den Vereinten Nationen, Bruce, sagte in New York, dies sei eine weitere gef\u00e4hrliche und unerkl\u00e4rliche Eskalation, w\u00e4hrend die USA mit Kiew, anderen Partnern und Moskau zusammenarbeiteten, um den Krieg durch eine Verhandlungsl\u00f6sung zu beenden. Sie warnte davor, dass die anhaltenden und sich verst\u00e4rkenden Angriffe Russlands auf Energieanlagen und weitere zivile Infrastruktur der Ukraine den Krieg auszuweiten und zu versch\u00e4rfen drohten.<\/p>\n<p>Der britische Botschafter bei der UNO, Kariuki, zeigte sich ebenfalls emp\u00f6rt. Der Angriff nahe der polnischen Grenze sei &#8222;r\u00fccksichtslos&#8220; und gef\u00e4hrde die regionale und internationale Sicherheit. Russland hatte bei dem Gro\u00dfangriff auch eine neue Mittelstreckenrakete eingesetzt, die in der westukrainischen Stadt Lwiw unweit der Grenze zu Polen eingeschlagen war. Die Dringlichkeitssitzung war auf Bitten der Ukraine einberufen worden.<\/p>\n<p>Diese Nachricht wurde am 13.01.2026 im Programm Deutschlandfunk gesendet.<\/p>\n","protected":false},"excerpt":{"rendered":"Ein Foto des russischen Verteidigungsministeriums zeigt das Raketensystem Oreschnik w\u00e4hrend einer \u00dcbung in Belarus. (Archivfoto) (AP) Die stellvertretende&hellip;\n","protected":false},"author":2,"featured_media":713885,"comment_status":"","ping_status":"","sticky":false,"template":"","format":"standard","meta":{"footnotes":""},"categories":[3977],"tags":[331,332,13,14,15,12,4017,4018,4016,64,4019,4020],"class_list":{"0":"post-713884","1":"post","2":"type-post","3":"status-publish","4":"format-standard","5":"has-post-thumbnail","7":"category-usa","8":"tag-aktuelle-nachrichten","9":"tag-aktuelle-news","10":"tag-headlines","11":"tag-nachrichten","12":"tag-news","13":"tag-schlagzeilen","14":"tag-united-states","15":"tag-united-states-of-america","16":"tag-us","17":"tag-usa","18":"tag-vereinigte-staaten","19":"tag-vereinigte-staaten-von-amerika"},"share_on_mastodon":{"url":"https:\/\/pubeurope.com\/@de\/115885116246289696","error":""},"_links":{"self":[{"href":"https:\/\/www.europesays.com\/de\/wp-json\/wp\/v2\/posts\/713884","targetHints":{"allow":["GET"]}}],"collection":[{"href":"https:\/\/www.europesays.com\/de\/wp-json\/wp\/v2\/posts"}],"about":[{"href":"https:\/\/www.europesays.com\/de\/wp-json\/wp\/v2\/types\/post"}],"author":[{"embeddable":true,"href":"https:\/\/www.europesays.com\/de\/wp-json\/wp\/v2\/users\/2"}],"replies":[{"embeddable":true,"href":"https:\/\/www.europesays.com\/de\/wp-json\/wp\/v2\/comments?post=713884"}],"version-history":[{"count":0,"href":"https:\/\/www.europesays.com\/de\/wp-json\/wp\/v2\/posts\/713884\/revisions"}],"wp:featuredmedia":[{"embeddable":true,"href":"https:\/\/www.europesays.com\/de\/wp-json\/wp\/v2\/media\/713885"}],"wp:attachment":[{"href":"https:\/\/www.europesays.com\/de\/wp-json\/wp\/v2\/media?parent=713884"}],"wp:term":[{"taxonomy":"category","embeddable":true,"href":"https:\/\/www.europesays.com\/de\/wp-json\/wp\/v2\/categories?post=713884"},{"taxonomy":"post_tag","embeddable":true,"href":"https:\/\/www.europesays.com\/de\/wp-json\/wp\/v2\/tags?post=713884"}],"curies":[{"name":"wp","href":"https:\/\/api.w.org\/{rel}","templated":true}]}}