{"id":713888,"date":"2026-01-13T01:10:20","date_gmt":"2026-01-13T01:10:20","guid":{"rendered":"https:\/\/www.europesays.com\/de\/713888\/"},"modified":"2026-01-13T01:10:20","modified_gmt":"2026-01-13T01:10:20","slug":"pikante-details-zur-gruendung-der-afle-betriebs-gmbh","status":"publish","type":"post","link":"https:\/\/www.europesays.com\/de\/713888\/","title":{"rendered":"Pikante Details zur Gr\u00fcndung der AFLE-Betriebs-GmbH"},"content":{"rendered":"<p class=\"text_ohne_einzug richtext text-em-55 !leading-serif mx-6 desktop:mx-0\">Seit dem Jahreswechsel hat sich einiges getan bei der <a href=\"https:\/\/rp-online.de\/thema\/american-football\/\" target=\"_blank\" rel=\"noopener\">American Football<\/a> League Europe (AFLE). F\u00fcr jeden sichtbar in der Pr\u00e4sentation, denn das Logo hat sich noch einmal ver\u00e4ndert. Aber auch im Hintergrund: Auf der offiziellen Homepage steht zwar weiterhin nicht viel, zumindest gibt es aber jetzt eine belastbare Adresse: die AFLE-Betriebs-GmbH sitzt wie angek\u00fcndigt in <a href=\"https:\/\/rp-online.de\/thema\/hamburg\/\" target=\"_blank\" rel=\"noopener\">Hamburg<\/a>.<\/p>\n","protected":false},"excerpt":{"rendered":"Seit dem Jahreswechsel hat sich einiges getan bei der American Football League Europe (AFLE). F\u00fcr jeden sichtbar in&hellip;\n","protected":false},"author":2,"featured_media":713889,"comment_status":"","ping_status":"","sticky":false,"template":"","format":"standard","meta":{"footnotes":""},"categories":[3933],"tags":[13558,146917,331,332,55628,164457,548,663,158,3934,3935,692,13,14,15,12,98096,164456,11655,6296],"class_list":{"0":"post-713888","1":"post","2":"type-post","3":"status-publish","4":"format-standard","5":"has-post-thumbnail","7":"category-eu","8":"tag-13558","9":"tag-afle","10":"tag-aktuelle-nachrichten","11":"tag-aktuelle-news","12":"tag-besitzer","13":"tag-betriebs","14":"tag-eu","15":"tag-europa","16":"tag-europaeische-union","17":"tag-europe","18":"tag-european-union","19":"tag-hamburg","20":"tag-headlines","21":"tag-nachrichten","22":"tag-news","23":"tag-schlagzeilen","24":"tag-sitzt","25":"tag-vienna","26":"tag-vikings","27":"tag-wien"},"share_on_mastodon":{"url":"https:\/\/pubeurope.com\/@de\/115885128109830275","error":""},"_links":{"self":[{"href":"https:\/\/www.europesays.com\/de\/wp-json\/wp\/v2\/posts\/713888","targetHints":{"allow":["GET"]}}],"collection":[{"href":"https:\/\/www.europesays.com\/de\/wp-json\/wp\/v2\/posts"}],"about":[{"href":"https:\/\/www.europesays.com\/de\/wp-json\/wp\/v2\/types\/post"}],"author":[{"embeddable":true,"href":"https:\/\/www.europesays.com\/de\/wp-json\/wp\/v2\/users\/2"}],"replies":[{"embeddable":true,"href":"https:\/\/www.europesays.com\/de\/wp-json\/wp\/v2\/comments?post=713888"}],"version-history":[{"count":0,"href":"https:\/\/www.europesays.com\/de\/wp-json\/wp\/v2\/posts\/713888\/revisions"}],"wp:featuredmedia":[{"embeddable":true,"href":"https:\/\/www.europesays.com\/de\/wp-json\/wp\/v2\/media\/713889"}],"wp:attachment":[{"href":"https:\/\/www.europesays.com\/de\/wp-json\/wp\/v2\/media?parent=713888"}],"wp:term":[{"taxonomy":"category","embeddable":true,"href":"https:\/\/www.europesays.com\/de\/wp-json\/wp\/v2\/categories?post=713888"},{"taxonomy":"post_tag","embeddable":true,"href":"https:\/\/www.europesays.com\/de\/wp-json\/wp\/v2\/tags?post=713888"}],"curies":[{"name":"wp","href":"https:\/\/api.w.org\/{rel}","templated":true}]}}