{"id":713906,"date":"2026-01-13T01:20:21","date_gmt":"2026-01-13T01:20:21","guid":{"rendered":"https:\/\/www.europesays.com\/de\/713906\/"},"modified":"2026-01-13T01:20:21","modified_gmt":"2026-01-13T01:20:21","slug":"bayern-unfaelle-auf-spiegelglatter-autobahn-bei-nuernberg-todesfall","status":"publish","type":"post","link":"https:\/\/www.europesays.com\/de\/713906\/","title":{"rendered":"Bayern: Unf\u00e4lle auf spiegelglatter Autobahn bei N\u00fcrnberg \u2013 Todesfall"},"content":{"rendered":"<p>BayernUnf\u00e4lle auf spiegelglatter Autobahn bei N\u00fcrnberg \u2013 Todesfall<img decoding=\"async\" class=\"Image_img__fQCi0 Image_Img_16_9__4BLfH\" loading=\"eager\" fetchpriority=\"high\" src=\"https:\/\/www.europesays.com\/de\/wp-content\/uploads\/2026\/01\/Die-A6-wurde-in-Fahrtrichtung-Heilbronn-gesperrt.webp.webp\" alt=\"Die-A6-wurde-in-Fahrtrichtung-Heilbronn-gesperrt\"\/>TeilenFolgen auf:<a href=\"https:\/\/www.whatsapp.com\/channel\/0029Va5cdVJD8SDp5YZgYF01\" title=\"Auf WhatsApp folgen\" target=\"_blank\" rel=\"noopener\"><img decoding=\"async\" src=\"https:\/\/www.n-tv.de\/socialIcons\/whatsapp.svg\" alt=\"whatsapp\" class=\"ArticleShare_icon__FsrC2\"\/><\/a><a href=\"https:\/\/news.google.com\/publications\/CAAiEPMdif5mpRNxiLOeUpHCwwsqFAgKIhDzHYn-ZqUTcYiznlKRwsML?hl=de&amp;gl=DE&amp;ceid=DE%3Ade\" title=\"Auf Google News folgen\" target=\"_blank\" rel=\"noopener\"><img decoding=\"async\" src=\"https:\/\/www.n-tv.de\/socialIcons\/google.svg\" alt=\"whatsapp\" class=\"ArticleShare_icon__FsrC2\"\/><\/a><\/p>\n<p class=\"Typography_text-m__XI0da Typography_weight-bold__uT6mq storyline_lead_text_leadtext__q_wg8\">Wegen Gl\u00e4ttegefahr gelten in weiten Teilen Bayerns Unwetterwarnungen. Bei einem Unfall nahe N\u00fcrnberg stirbt ein Mensch.<\/p>\n<p class=\"Typography_text-default__P3otY Typography_weight-normal__pqUbH storyline_paragraph_p__qSR5N\">N\u00fcrnberg (dpa\/lby) &#8211; Bei einem schweren Unfall auf der Autobahn 6 bei N\u00fcrnberg ist ein Mensch ums Leben gekommen. Nach Polizeiangaben geriet ein 64-j\u00e4hriger Lastwagenfahrer ins Schlingern und auf die linke Fahrbahnseite, wo er zwei Autos erfasste. Ein Wagen und der Lkw h\u00e4tten Feuer gefangen, sagte der Sprecher. Die Person auf dem Beifahrersitz in dem Auto sei gestorben. Der Lkw-Fahrer sowie die Fahrer der zwei Autos seien verletzt worden.<\/p>\n<p class=\"Typography_text-default__P3otY Typography_weight-normal__pqUbH storyline_paragraph_p__qSR5N\">Wie die Polizei mitteilte, habe der Lkw-Fahrer aus dem brennenden Auto dessen 54 Jahre alten Fahrer gezogen und gerettet. Die Identit\u00e4t der get\u00f6teten Person sei noch nicht gekl\u00e4rt.<\/p>\n<p class=\"Typography_text-default__P3otY Typography_weight-normal__pqUbH storyline_paragraph_p__qSR5N\">Die Polizei in Mittelfranken warnte nach mehreren Unf\u00e4llen auf glatter Fahrbahn vor Fahrten auf der Autobahn 6 s\u00fcdlich von N\u00fcrnberg. Wegen des Brandes wurde die A6 zwischen dem Autobahnkreuz N\u00fcrnberg-S\u00fcd und der Ausfahrt Langwasser in Fahrtrichtung Westen gesperrt. &#8222;Die Fahrbahn dort ist spiegelglatt&#8220;, hie\u00df es.<\/p>\n<p class=\"Typography_text-default__P3otY Typography_weight-normal__pqUbH storyline_paragraph_p__qSR5N\">Auf der Plattform X schrieb die Polizei, es sei zu &#8222;mehreren, teils schweren, Verkehrsunf\u00e4llen&#8220; gekommen. &#8222;Bitte meidet und umfahrt den Bereich weitr\u00e4umig und achtet auf die anhaltende Gl\u00e4tte!&#8220;, hie\u00df es in dem Beitrag.<\/p>\n<p class=\"Typography_text-default__P3otY Typography_weight-normal__pqUbH storyline_paragraph_p__qSR5N\">Der Deutsche Wetterdienst (DWD) hat f\u00fcr die Region sowie weite Teile Bayerns eine Unwetterwarnung wegen Gl\u00e4ttegefahr herausgegeben. Gefahr entstehe durch gefrierenden Regen und Eisansatz.<\/p>\n<p class=\"Typography_text-s__wu_cm Typography_weight-normal__pqUbH Typography_color-darkgrey__sZEnP article-detail-footer_source__KslPc\">Quelle: dpa<\/p>\n","protected":false},"excerpt":{"rendered":"BayernUnf\u00e4lle auf spiegelglatter Autobahn bei N\u00fcrnberg \u2013 TodesfallTeilenFolgen auf: Wegen Gl\u00e4ttegefahr gelten in weiten Teilen Bayerns Unwetterwarnungen. Bei&hellip;\n","protected":false},"author":2,"featured_media":713907,"comment_status":"","ping_status":"","sticky":false,"template":"","format":"standard","meta":{"footnotes":""},"categories":[1837],"tags":[772,3364,29,30,3783],"class_list":{"0":"post-713906","1":"post","2":"type-post","3":"status-publish","4":"format-standard","5":"has-post-thumbnail","7":"category-nuernberg","8":"tag-bayern","9":"tag-de","10":"tag-deutschland","11":"tag-germany","12":"tag-nuernberg"},"share_on_mastodon":{"url":"https:\/\/pubeurope.com\/@de\/115885167390639261","error":""},"_links":{"self":[{"href":"https:\/\/www.europesays.com\/de\/wp-json\/wp\/v2\/posts\/713906","targetHints":{"allow":["GET"]}}],"collection":[{"href":"https:\/\/www.europesays.com\/de\/wp-json\/wp\/v2\/posts"}],"about":[{"href":"https:\/\/www.europesays.com\/de\/wp-json\/wp\/v2\/types\/post"}],"author":[{"embeddable":true,"href":"https:\/\/www.europesays.com\/de\/wp-json\/wp\/v2\/users\/2"}],"replies":[{"embeddable":true,"href":"https:\/\/www.europesays.com\/de\/wp-json\/wp\/v2\/comments?post=713906"}],"version-history":[{"count":0,"href":"https:\/\/www.europesays.com\/de\/wp-json\/wp\/v2\/posts\/713906\/revisions"}],"wp:featuredmedia":[{"embeddable":true,"href":"https:\/\/www.europesays.com\/de\/wp-json\/wp\/v2\/media\/713907"}],"wp:attachment":[{"href":"https:\/\/www.europesays.com\/de\/wp-json\/wp\/v2\/media?parent=713906"}],"wp:term":[{"taxonomy":"category","embeddable":true,"href":"https:\/\/www.europesays.com\/de\/wp-json\/wp\/v2\/categories?post=713906"},{"taxonomy":"post_tag","embeddable":true,"href":"https:\/\/www.europesays.com\/de\/wp-json\/wp\/v2\/tags?post=713906"}],"curies":[{"name":"wp","href":"https:\/\/api.w.org\/{rel}","templated":true}]}}