{"id":713914,"date":"2026-01-13T01:24:10","date_gmt":"2026-01-13T01:24:10","guid":{"rendered":"https:\/\/www.europesays.com\/de\/713914\/"},"modified":"2026-01-13T01:24:10","modified_gmt":"2026-01-13T01:24:10","slug":"carl-maria-von-weber-museum-in-dresden-soll-umfassend-saniert-werden-2","status":"publish","type":"post","link":"https:\/\/www.europesays.com\/de\/713914\/","title":{"rendered":"Carl-Maria-von-Weber-Museum in Dresden soll umfassend saniert werden"},"content":{"rendered":"<p>Carl Maria von Weber war von 1817 bis 1826 k\u00f6niglicher Kapellmeister und Direktor der Deutschen Oper am Dresdner Hoftheater; hier entstand sein ber\u00fchmtestes Werk &#8222;Der Freisch\u00fctz&#8220;. Webers Sommerresidenz ist seit 1957 ein Museum &#8211; und das soll bis Herbst 2028 grundlegend saniert werden. Die Kosten bezifferte die Stadt Dresden auf rund 3,7 Millionen Euro, davon stammen 1,4 Millionen Euro aus Bundesmitteln. Urspr\u00fcnglich sollten die Arbeiten an dem st\u00e4dtischen Museum schon in diesem Jahr abgeschlossen werden; es fehlte jedoch an finanziellen Mitteln. Auch jetzt muss der Stadtrat den Ausgaben erst noch zustimmen. Unabh\u00e4ngig davon will Dresden in diesem Jahr mit zahlreichen Veranstaltungen an Weber erinnern. Anlass ist der 200. Todestag des Komponisten. Auf dem Programm stehen Konzerte, Opernauff\u00fchrungen und Ausstellungen, auch eine Wander-App zu authentischen Orten des Komponisten wurde entwickelt.<\/p>\n","protected":false},"excerpt":{"rendered":"Carl Maria von Weber war von 1817 bis 1826 k\u00f6niglicher Kapellmeister und Direktor der Deutschen Oper am Dresdner&hellip;\n","protected":false},"author":2,"featured_media":713194,"comment_status":"","ping_status":"","sticky":false,"template":"","format":"standard","meta":{"footnotes":""},"categories":[1835],"tags":[3364,29,2386,30,859],"class_list":{"0":"post-713914","1":"post","2":"type-post","3":"status-publish","4":"format-standard","5":"has-post-thumbnail","7":"category-dresden","8":"tag-de","9":"tag-deutschland","10":"tag-dresden","11":"tag-germany","12":"tag-sachsen"},"share_on_mastodon":{"url":"https:\/\/pubeurope.com\/@de\/115885183166655781","error":""},"_links":{"self":[{"href":"https:\/\/www.europesays.com\/de\/wp-json\/wp\/v2\/posts\/713914","targetHints":{"allow":["GET"]}}],"collection":[{"href":"https:\/\/www.europesays.com\/de\/wp-json\/wp\/v2\/posts"}],"about":[{"href":"https:\/\/www.europesays.com\/de\/wp-json\/wp\/v2\/types\/post"}],"author":[{"embeddable":true,"href":"https:\/\/www.europesays.com\/de\/wp-json\/wp\/v2\/users\/2"}],"replies":[{"embeddable":true,"href":"https:\/\/www.europesays.com\/de\/wp-json\/wp\/v2\/comments?post=713914"}],"version-history":[{"count":0,"href":"https:\/\/www.europesays.com\/de\/wp-json\/wp\/v2\/posts\/713914\/revisions"}],"wp:featuredmedia":[{"embeddable":true,"href":"https:\/\/www.europesays.com\/de\/wp-json\/wp\/v2\/media\/713194"}],"wp:attachment":[{"href":"https:\/\/www.europesays.com\/de\/wp-json\/wp\/v2\/media?parent=713914"}],"wp:term":[{"taxonomy":"category","embeddable":true,"href":"https:\/\/www.europesays.com\/de\/wp-json\/wp\/v2\/categories?post=713914"},{"taxonomy":"post_tag","embeddable":true,"href":"https:\/\/www.europesays.com\/de\/wp-json\/wp\/v2\/tags?post=713914"}],"curies":[{"name":"wp","href":"https:\/\/api.w.org\/{rel}","templated":true}]}}