{"id":71395,"date":"2025-04-29T19:51:13","date_gmt":"2025-04-29T19:51:13","guid":{"rendered":"https:\/\/www.europesays.com\/de\/71395\/"},"modified":"2025-04-29T19:51:13","modified_gmt":"2025-04-29T19:51:13","slug":"jugendlicher-aus-dortmund-an-u-bahn-station-kampstrasse-beraubt","status":"publish","type":"post","link":"https:\/\/www.europesays.com\/de\/71395\/","title":{"rendered":"Jugendlicher aus Dortmund an U-Bahn-Station Kampstra\u00dfe beraubt"},"content":{"rendered":"<p>\t\tRaub\u00fcberfall mit Messer an U-Bahn-Station<br \/>\n\t\t\t\t\tOpfer war ein Jugendlicher (16) aus Dortmund <\/p>\n<p>\t29.04.2025 18:35 Uhr<\/p>\n<p>\t\tTeilen<\/p>\n<p>\n\tIn Merkliste \u00fcbernehmen\n<\/p>\n<p>    <a href=\"https:\/\/www.ruhrnachrichten.de\/wp-content\/uploads\/2025\/04\/29\/16\/630_0900_4675516_U_Bahn_Stadtbahn_Kampstrasse_DSW21_Foto-1648x824.jpg\" target=\"_blank\" rel=\"noopener\"><\/p>\n<p>            <img loading=\"lazy\" decoding=\"async\" src=\"https:\/\/www.europesays.com\/de\/wp-content\/uploads\/2025\/04\/630_0900_4675515_U_Bahn_Stadtbahn_Kampstrasse_DSW21_Foto-640x428.jpg\" width=\"640\" height=\"428\"  alt=\"Blick in die U-Bahn-Haltestelle Kampstra\u00dfe in Dortmund.\"\/><\/p>\n<p>    <\/a><br \/>\n    Die U-Bahn-Haltestelle Kampstra\u00dfe. Hier wurde ein Jugendlicher aus Dortmund beraubt. \u00a9 Archiv<\/p>\n<p class=\"article__teaser-text\">Ein Jugendlicher ist mitten am Tag in der belebten U-Bahn-Station Kampstra\u00dfe beraubt worden. Dabei pr\u00e4sentierte der T\u00e4ter ein Messer.<\/p>\n<p>1 Min Lesezeit<\/p>\n<p>Beschreibung des T\u00e4ters<\/p>\n<p>\n\t<a href=\"https:\/\/www.ruhrnachrichten.de\" class=\"button button--brand button--link home-button\" target=\"_blank\" rel=\"noopener\">Zur Startseite<\/a><\/p>\n","protected":false},"excerpt":{"rendered":"Raub\u00fcberfall mit Messer an U-Bahn-Station Opfer war ein Jugendlicher (16) aus Dortmund 29.04.2025 18:35 Uhr Teilen In Merkliste&hellip;\n","protected":false},"author":2,"featured_media":71396,"comment_status":"","ping_status":"","sticky":false,"template":"","format":"standard","meta":{"footnotes":""},"categories":[1833],"tags":[1950,3364,29,217,30,4186,1209],"class_list":{"0":"post-71395","1":"post","2":"type-post","3":"status-publish","4":"format-standard","5":"has-post-thumbnail","7":"category-dortmund","8":"tag-blaulicht","9":"tag-de","10":"tag-deutschland","11":"tag-dortmund","12":"tag-germany","13":"tag-nahverkehr","14":"tag-nordrhein-westfalen"},"share_on_mastodon":{"url":"https:\/\/pubeurope.com\/@de\/114422997528148396","error":""},"_links":{"self":[{"href":"https:\/\/www.europesays.com\/de\/wp-json\/wp\/v2\/posts\/71395","targetHints":{"allow":["GET"]}}],"collection":[{"href":"https:\/\/www.europesays.com\/de\/wp-json\/wp\/v2\/posts"}],"about":[{"href":"https:\/\/www.europesays.com\/de\/wp-json\/wp\/v2\/types\/post"}],"author":[{"embeddable":true,"href":"https:\/\/www.europesays.com\/de\/wp-json\/wp\/v2\/users\/2"}],"replies":[{"embeddable":true,"href":"https:\/\/www.europesays.com\/de\/wp-json\/wp\/v2\/comments?post=71395"}],"version-history":[{"count":0,"href":"https:\/\/www.europesays.com\/de\/wp-json\/wp\/v2\/posts\/71395\/revisions"}],"wp:featuredmedia":[{"embeddable":true,"href":"https:\/\/www.europesays.com\/de\/wp-json\/wp\/v2\/media\/71396"}],"wp:attachment":[{"href":"https:\/\/www.europesays.com\/de\/wp-json\/wp\/v2\/media?parent=71395"}],"wp:term":[{"taxonomy":"category","embeddable":true,"href":"https:\/\/www.europesays.com\/de\/wp-json\/wp\/v2\/categories?post=71395"},{"taxonomy":"post_tag","embeddable":true,"href":"https:\/\/www.europesays.com\/de\/wp-json\/wp\/v2\/tags?post=71395"}],"curies":[{"name":"wp","href":"https:\/\/api.w.org\/{rel}","templated":true}]}}