{"id":713961,"date":"2026-01-13T01:50:27","date_gmt":"2026-01-13T01:50:27","guid":{"rendered":"https:\/\/www.europesays.com\/de\/713961\/"},"modified":"2026-01-13T01:50:27","modified_gmt":"2026-01-13T01:50:27","slug":"berlin-komponist-max-richter-wird-mit-berlinale-kamera-ausgezeichnet","status":"publish","type":"post","link":"https:\/\/www.europesays.com\/de\/713961\/","title":{"rendered":"Berlin: Komponist Max Richter wird mit Berlinale-Kamera ausgezeichnet"},"content":{"rendered":"<p>            <img loading=\"lazy\" decoding=\"async\" class=\"ts-image\" src=\"https:\/\/www.europesays.com\/de\/wp-content\/uploads\/2026\/01\/rbb-audio-rbb24-12-01-26-jonas-buergener-100.jpg\" alt=\"Komponist Max Richter im Konzert (Quelle: dpa)\" title=\"Audio: rbb|24 | 12.01.26 | Jonas B\u00fcrgener | dpa\"\/><\/p>\n<p class=\"metatextline\">Stand: 12.01.2026 18:53 Uhr<\/p>\n<p class=\"textabsatz m-ten m-offset-one l-eight l-offset-two columns twelve\">Der britisch-deutsche Komponist und Klangk\u00fcnstler Max Richter wird bei den 76. Internationalen Filmfestspielen Berlin mit dem Preis Berlinale-Kamera geehrt. M\u00fcller habe mit seinen Filmmusiken Ma\u00dfst\u00e4be gesetzt und die moderne klassische Musik gepr\u00e4gt, teilte die Berlinale am Montag mit.<\/p>\n<p>Der seit 1986 vergebene Preis f\u00fcr Pers\u00f6nlichkeiten und Institutionen, die sich um das Filmschaffen besonders verdient gemacht haben, werde am 18. Februar verliehen.<\/p>\n<p>Richter kombiniere klassische Kompositionstechniken mit elektronischen Elementen, hie\u00df es. Er erhielt unter anderem den Europ\u00e4ischen Filmpreis f\u00fcr &#8222;Waltz with Bashir&#8220; (2008) und war f\u00fcr den Soundtrack von &#8222;Ad Astra&#8220; (2019) f\u00fcr einen Grammy nominiert. J\u00fcngst arbeitete Richter mit Oscar-Preistr\u00e4gerin Chloe Zhao bei ihrem neuen Film &#8222;Hamnet&#8220; zusammen. Die Regisseurin werde die Laudatio auf Richter halten.<\/p>\n<p>    &#8222;Geh\u00f6rt zu den gro\u00dfen zeitgen\u00f6ssischen Komponisten&#8220;<\/p>\n<p class=\"textabsatz m-ten m-offset-one l-eight l-offset-two columns twelve\">Als K\u00fcnstler in der klassischen Musik ver\u00f6ffentlichte Richter etwa &#8222;The Blue Notebooks&#8220; (2004). Seine mehr als achtst\u00fcndige Klangreise &#8222;Sleep&#8220; (2015) in die Welt des Schlafs gelte als eines der ambitioniertesten und kulturell bedeutendsten Projekte der klassischen Musik im 21. Jahrhundert, urteilte die Berlinale. &#8222;Max Richter geh\u00f6rt zu den gro\u00dfen zeitgen\u00f6ssischen Komponisten, und Filmfans k\u00f6nnen sich gl\u00fccklich sch\u00e4tzen, dass er eine so ausgepr\u00e4gte Leidenschaft f\u00fcr das Kino hat&#8220;, erkl\u00e4rte Berlinale-Intendantin Tricia Tuttle.<\/p>\n<p>Das Filmfestival findet vom 12. bis zum 22. Februar statt. Bereits im November wurde die <a href=\"https:\/\/www.rbb24.de\/kultur\/berlinale\/beitraege\/2026\/goldener-ehrenbaer-michelle-yeoh.html\" title=\"Verleihung des Goldenen Ehrenb\u00e4ren an Michelle Yeoh\" class=\"textlink--extern\" target=\"_blank\" rel=\"noopener\">Verleihung des Goldenen Ehrenb\u00e4ren an Michelle Yeoh<\/a> bekannt gegeben.<\/p>\n<p class=\"textabsatz m-ten m-offset-one l-eight l-offset-two columns twelve\">Sendung: rbb|24, 12.01.26, 18:53 Uhr<\/p>\n<p>                                        <a class=\"backlink__link\" href=\"https:\/\/www.rbb24.de\/kultur\/beitrag\/2026\/01\/berlin-berlinale-kamera-komponist-max-richter-auszeichnung-.html\" target=\"_blank\" rel=\"noopener\"><\/p>\n<p>                                                <img decoding=\"async\" src=\"https:\/\/images.tagesschau.de\/image\/898f19c3-6760-4be2-a33f-1fa765216ec2\/AAABlap_olM\/AAABmyZDc0k\/original\/lra-rbb-logo-100.svg\" alt=\"Rundfunk Berlin-Brandenburg\"\/><\/p>\n<p>                                        <\/a><\/p>\n","protected":false},"excerpt":{"rendered":"Stand: 12.01.2026 18:53 Uhr Der britisch-deutsche Komponist und Klangk\u00fcnstler Max Richter wird bei den 76. Internationalen Filmfestspielen Berlin&hellip;\n","protected":false},"author":2,"featured_media":713962,"comment_status":"","ping_status":"","sticky":false,"template":"","format":"standard","meta":{"footnotes":""},"categories":[1825],"tags":[296,29,30,2239],"class_list":{"0":"post-713961","1":"post","2":"type-post","3":"status-publish","4":"format-standard","5":"has-post-thumbnail","7":"category-berlin","8":"tag-berlin","9":"tag-deutschland","10":"tag-germany","11":"tag-rbb"},"share_on_mastodon":{"url":"https:\/\/pubeurope.com\/@de\/115885285404733310","error":""},"_links":{"self":[{"href":"https:\/\/www.europesays.com\/de\/wp-json\/wp\/v2\/posts\/713961","targetHints":{"allow":["GET"]}}],"collection":[{"href":"https:\/\/www.europesays.com\/de\/wp-json\/wp\/v2\/posts"}],"about":[{"href":"https:\/\/www.europesays.com\/de\/wp-json\/wp\/v2\/types\/post"}],"author":[{"embeddable":true,"href":"https:\/\/www.europesays.com\/de\/wp-json\/wp\/v2\/users\/2"}],"replies":[{"embeddable":true,"href":"https:\/\/www.europesays.com\/de\/wp-json\/wp\/v2\/comments?post=713961"}],"version-history":[{"count":0,"href":"https:\/\/www.europesays.com\/de\/wp-json\/wp\/v2\/posts\/713961\/revisions"}],"wp:featuredmedia":[{"embeddable":true,"href":"https:\/\/www.europesays.com\/de\/wp-json\/wp\/v2\/media\/713962"}],"wp:attachment":[{"href":"https:\/\/www.europesays.com\/de\/wp-json\/wp\/v2\/media?parent=713961"}],"wp:term":[{"taxonomy":"category","embeddable":true,"href":"https:\/\/www.europesays.com\/de\/wp-json\/wp\/v2\/categories?post=713961"},{"taxonomy":"post_tag","embeddable":true,"href":"https:\/\/www.europesays.com\/de\/wp-json\/wp\/v2\/tags?post=713961"}],"curies":[{"name":"wp","href":"https:\/\/api.w.org\/{rel}","templated":true}]}}