{"id":713981,"date":"2026-01-13T02:02:21","date_gmt":"2026-01-13T02:02:21","guid":{"rendered":"https:\/\/www.europesays.com\/de\/713981\/"},"modified":"2026-01-13T02:02:21","modified_gmt":"2026-01-13T02:02:21","slug":"nadeloehr-nach-umbau-crans-montana-ermittler-fanden-34-todesopfer-an-der-treppe","status":"publish","type":"post","link":"https:\/\/www.europesays.com\/de\/713981\/","title":{"rendered":"Nadel\u00f6hr nach Umbau: Crans-Montana: Ermittler fanden 34 Todesopfer an der Treppe"},"content":{"rendered":"<p>Nadel\u00f6hr nach UmbauCrans-Montana: Ermittler fanden 34 Todesopfer an der Treppe<\/p>\n<p>12.01.2026, 10:27 Uhr <\/p>\n<p>Artikel anh\u00f6ren(02:52 min)<\/p>\n<p><img decoding=\"async\" class=\"Image_img__fQCi0 Image_Img_16_9__4BLfH widget-picture-inline_maximizable__t_E7h\" loading=\"eager\" fetchpriority=\"high\" src=\"https:\/\/www.europesays.com\/de\/wp-content\/uploads\/2026\/01\/KEYPIX-People-react-as-flowers-and-candles-are-pictured-in-tribute-to-the-victims-on-the-site-of-the.webp\" alt=\"KEYPIX-People-react-as-flowers-and-candles-are-pictured-in-tribute-to-the-victims-on-the-site-of-the-fire-at-the-Le-Constellation-bar-and-lounge-in-Crans-Montana-Switzerland-on-Saturday-January-3-2026-40-persons-lost-their-lives-and-over-100-were-severely-injured-in-the-fire-that-devastated-the-bar-Le-Constellation-on-New-Year-s-Eve-in-the-Swiss-Alps-resort-of-Crans-Montana\"\/>Kerzen und Blumen vor der Ungl\u00fccksbar. (Foto: picture alliance\/KEYSTONE)TeilenFolgen auf:<a href=\"https:\/\/www.whatsapp.com\/channel\/0029Va5cdVJD8SDp5YZgYF01\" title=\"Auf WhatsApp folgen\" target=\"_blank\" rel=\"noopener\"><img decoding=\"async\" src=\"https:\/\/www.n-tv.de\/socialIcons\/whatsapp.svg\" alt=\"whatsapp\" class=\"ArticleShare_icon__FsrC2\"\/><\/a><a href=\"https:\/\/news.google.com\/publications\/CAAiEPMdif5mpRNxiLOeUpHCwwsqFAgKIhDzHYn-ZqUTcYiznlKRwsML?hl=de&amp;gl=DE&amp;ceid=DE%3Ade\" title=\"Auf Google News folgen\" target=\"_blank\" rel=\"noopener\"><img decoding=\"async\" src=\"https:\/\/www.n-tv.de\/socialIcons\/google.svg\" alt=\"whatsapp\" class=\"ArticleShare_icon__FsrC2\"\/><\/a><\/p>\n<p class=\"Typography_text-m__XI0da Typography_weight-bold__uT6mq storyline_lead_text_leadtext__q_wg8\">Nach der Brandkatastrophe in Crans-Montana werden Vorw\u00fcrfe gegen den Betreiber laut, mit schweren Sicherheitsvers\u00e4umnissen zu dem fatalen Geschehen beigetragen zu haben. Im Fokus stehen die Deckenverkleidung, eine verschlossene T\u00fcr und eine umgebaute Treppe. Letztere nicht zu Unrecht, wie sich nun zeigt.<\/p>\n<p class=\"Typography_text-default__P3otY Typography_weight-normal__pqUbH storyline_paragraph_p__qSR5N\">Der Umbau der Treppe in der Bar &#8222;Le Constellation&#8220; im schweizerischen Crans-Montana k\u00f6nnte einem Bericht zufolge besonders zur hohen Totenzahl beigetragen haben. Die italienische Tageszeitung &#8222;Il Giornale&#8220; meldet, dass 34 der 40 Opfer am Fu\u00dfe der Treppe der Bar aufgefunden wurden. Der Handlauf der Treppe sei zudem abgerissen gewesen. Er habe in der N\u00e4he der Leichen gelegen. Es hatte Vorw\u00fcrfe gegeben, dass die Bar f\u00fcr viele Besucher zur Todesfalle wurde, weil Fluchtwege verschlossen oder versperrt waren. Dabei spielte die Treppe eine wichtige Rolle. <\/p>\n<p class=\"Typography_text-default__P3otY Typography_weight-normal__pqUbH storyline_paragraph_p__qSR5N\">2015 hatten die neuen Barbesitzer umfangreiche Umbauten an der Bar vorgenommen. Dazu geh\u00f6rte die Installation der Schallschutzdecke. Die hatte in der Silvesternacht Feuer gefangen. Umgebaut wurde ebenfalls die Treppe aus dem Untergeschoss in das Erdgeschoss &#8211; und das Ganze sehr umfangreich. Laut &#8222;Bild&#8220;-Zeitung war sie urspr\u00fcnglich rund 3 Meter breit. Nach dem Umbau ma\u00df sie nur noch 1,37 Meter, war also nicht mal mehr halb so breit, wie vor 2015. <\/p>\n<p class=\"Typography_text-default__P3otY Typography_weight-normal__pqUbH storyline_paragraph_p__qSR5N\">Insgesamt kamen bei der Brandkatastrophe in der Silvesternacht 40 Menschen ums Leben. Drei der weiteren sechs Opfer wurden demnach vor einer verschlossenen Servicet\u00fcr gefunden, drei weitere Menschen schafften es zwar aus der Bar, starben aber offensichtlich auf dem B\u00fcrgersteig. <\/p>\n<p class=\"Typography_text-default__P3otY Typography_weight-normal__pqUbH storyline_paragraph_p__qSR5N\">Am Wochenende hatte Betreiber Jacques Moretti einger\u00e4umt, dass eine Servicet\u00fcr von innen verschlossen gewesen war. Wie der Schweizer Sender RTS berichtet, habe er im Gespr\u00e4ch mit den Ermittlungsbeh\u00f6rden angegeben, in der Silvesternacht festgestellt zu haben, dass die Nebeneingangst\u00fcr blockiert gewesen sei. Moretti habe sie eigenst\u00e4ndig von au\u00dfen aufgebrochen und hinter der T\u00fcr mehrere leblose K\u00f6rper entdeckt. Es habe sich um eine &#8222;Servicet\u00fcr&#8220; gehandelt, die &#8222;nicht als Notausgang gekennzeichnet&#8220; war. Warum die T\u00fcr verschlossen war, h\u00e4tte sich Moretti dem Bericht zufolge nicht erkl\u00e4ren k\u00f6nnen. <\/p>\n<p class=\"Typography_text-default__P3otY Typography_weight-normal__pqUbH storyline_paragraph_p__qSR5N\">Zuvor hatten ehemalige Angestellte bereits schwere Vorw\u00fcrfe gegen die Betreiber der Bar erhoben. So sei ein Notausgang der Bar stets &#8222;verschlossen gewesen, weil er direkt in ein anderes Geb\u00e4ude f\u00fchrte&#8220;, hatte eine Ex-Mitarbeiterin gesagt. Ihr und dem anderen Personal sei es &#8222;verboten&#8220; gewesen, die T\u00fcr zu \u00f6ffnen.<\/p>\n<p class=\"Typography_text-s__wu_cm Typography_weight-normal__pqUbH Typography_color-darkgrey__sZEnP article-detail-footer_source__KslPc\">Quelle: ntv.de, als<\/p>\n","protected":false},"excerpt":{"rendered":"Nadel\u00f6hr nach UmbauCrans-Montana: Ermittler fanden 34 Todesopfer an der Treppe 12.01.2026, 10:27 Uhr Artikel anh\u00f6ren(02:52 min) Kerzen und&hellip;\n","protected":false},"author":2,"featured_media":713982,"comment_status":"","ping_status":"","sticky":false,"template":"","format":"standard","meta":{"footnotes":""},"categories":[3],"tags":[164470,13,984,14,15,12,293,2281,10,8,9,11,13536,103,104],"class_list":{"0":"post-713981","1":"post","2":"type-post","3":"status-publish","4":"format-standard","5":"has-post-thumbnail","7":"category-welt","8":"tag-brandkatastrophe-in-crans-montana","9":"tag-headlines","10":"tag-international","11":"tag-nachrichten","12":"tag-news","13":"tag-schlagzeilen","14":"tag-schweiz","15":"tag-silvester","16":"tag-top-news","17":"tag-top-meldungen","18":"tag-topmeldungen","19":"tag-topnews","20":"tag-ungluecke","21":"tag-welt","22":"tag-world"},"share_on_mastodon":{"url":"https:\/\/pubeurope.com\/@de\/115885332612704162","error":""},"_links":{"self":[{"href":"https:\/\/www.europesays.com\/de\/wp-json\/wp\/v2\/posts\/713981","targetHints":{"allow":["GET"]}}],"collection":[{"href":"https:\/\/www.europesays.com\/de\/wp-json\/wp\/v2\/posts"}],"about":[{"href":"https:\/\/www.europesays.com\/de\/wp-json\/wp\/v2\/types\/post"}],"author":[{"embeddable":true,"href":"https:\/\/www.europesays.com\/de\/wp-json\/wp\/v2\/users\/2"}],"replies":[{"embeddable":true,"href":"https:\/\/www.europesays.com\/de\/wp-json\/wp\/v2\/comments?post=713981"}],"version-history":[{"count":0,"href":"https:\/\/www.europesays.com\/de\/wp-json\/wp\/v2\/posts\/713981\/revisions"}],"wp:featuredmedia":[{"embeddable":true,"href":"https:\/\/www.europesays.com\/de\/wp-json\/wp\/v2\/media\/713982"}],"wp:attachment":[{"href":"https:\/\/www.europesays.com\/de\/wp-json\/wp\/v2\/media?parent=713981"}],"wp:term":[{"taxonomy":"category","embeddable":true,"href":"https:\/\/www.europesays.com\/de\/wp-json\/wp\/v2\/categories?post=713981"},{"taxonomy":"post_tag","embeddable":true,"href":"https:\/\/www.europesays.com\/de\/wp-json\/wp\/v2\/tags?post=713981"}],"curies":[{"name":"wp","href":"https:\/\/api.w.org\/{rel}","templated":true}]}}