{"id":713983,"date":"2026-01-13T02:03:11","date_gmt":"2026-01-13T02:03:11","guid":{"rendered":"https:\/\/www.europesays.com\/de\/713983\/"},"modified":"2026-01-13T02:03:11","modified_gmt":"2026-01-13T02:03:11","slug":"stunde-der-wintervoegel-wer-jetzt-rausgeht-koennte-die-gebirgsstelze-treffen","status":"publish","type":"post","link":"https:\/\/www.europesays.com\/de\/713983\/","title":{"rendered":"Stunde der Winterv\u00f6gel: Wer jetzt rausgeht, k\u00f6nnte die Gebirgsstelze treffen"},"content":{"rendered":"<p class=\"text\">\nNat\u00fcrlich kann man auch Vogelapps nutzen, oder die Portr\u00e4ts, die der Nabu bereith\u00e4lt, oder <a href=\"https:\/\/www.mdr.de\/wissen\/videos\/aktuell\/bird-net-vogelstimmen-bestimmen-birdnet-app-100.html\" title=\"Birdnet-App: Vogelstimmen erkennen leicht gemacht\" target=\"_blank\" rel=\"noopener\">Birdnet<\/a>, wenn man nur das Zwitschern geh\u00f6rt hat. &#8222;Und dann geht es darum, immer die h\u00f6chste Anzahl der entsprechenden Vogelart zu dokumentieren&#8220;, erkl\u00e4rt Orlam\u00fcnder. &#8222;Also, wenn ich einmal 4 Amseln sehe und noch zweimal 3, dann z\u00e4hl ich trotzdem nur 4. Und mehr ist gar nicht dabei. Die dokumentiere ich dann und \u00fcbermittle das bestenfalls auch \u00fcber ein Online-Formular.&#8220;\n<\/p>\n<p>Haben Sie schon mal eine Gebirgsstelze gesehen<\/p>\n<p class=\"text\">\n\u00dcber 4.000 Vogelfreunde haben allein in Th\u00fcringen im vergangenen Jahr an der Aktion teilgenommen, bundesweit waren es rund 85.000. Der Rekord aus dem ersten Corona-Winter, als 130.000 Menschen ihre Sichtungen gemeldet hatten, ist in diesem Jahr vermutlich nicht in Gefahr. Aber 100.000 w\u00e4ren schon sch\u00f6n, sagt der Nabu-Experte. Je mehr Daten, desto besser k\u00f6nnen die Natursch\u00fctzer die Entwicklungen einordnen. Gerade bei seltenen V\u00f6geln sei das hilfreich. So war vergangenes Jahr die Gebirgsstelze spannend, erkl\u00e4rt Orlam\u00fcnder, &#8222;die im Winter da sein kann, aber jetzt auch an offene Gew\u00e4sser gebunden ist und dann eben nicht so h\u00e4ufig vorkommt und wahrscheinlich auch am Futterhaus nicht zu sehen ist&#8220;.\n<\/p>\n<p>Spatzen machen Sorgen<\/p>\n<p class=\"text\">\nSorgen machen dem Nabu allerdings gerade die V\u00f6gel, die \u00fcberall zu finden sind: Feldsperling und Haussperling. Hier geht die Tendenz nach unten. 2020 wurden noch 4 Tiere pro Garten\/Park gesichtet, 2025 waren es nur noch 2 bis 3. Es gibt auch nat\u00fcrliche Schwankungen, wei\u00df Orlam\u00fcnder, und es sei auch nicht immer jeder Vogel an der gleichen Futterstelle. &#8222;Aber es wird schon deutlich, dass durch den R\u00fcckgang von Strukturen auch im Siedlungsraum, dem R\u00fcckgang von Totholz, dem R\u00fcckgang von wilden Inseln, von \u00fcberst\u00e4ndigem Gras, Asthaufen und so weiter, die Bedingungen f\u00fcr Vogelarten eben schlechter werden.&#8220;\n<\/p>\n<p class=\"text\">\nUmso wichtiger sei es, so Orlam\u00fcnder, sich mit den Tieren auseinanderzusetzen. Am besten nicht nur ein Wochenende im Januar. Und dann gezielt f\u00fcr die Meisen oder f\u00fcr die Sperlinge eine Futterstelle anlegen oder ein Spatzenhaus ans Haus h\u00e4ngen &#8222;oder bei der Sanierung des Dachstuhls darauf achten, dass es halt noch ein paar L\u00fccken gibt, wo die V\u00f6gel br\u00fcten k\u00f6nnen&#8220;.<\/p>\n","protected":false},"excerpt":{"rendered":"Nat\u00fcrlich kann man auch Vogelapps nutzen, oder die Portr\u00e4ts, die der Nabu bereith\u00e4lt, oder Birdnet, wenn man nur&hellip;\n","protected":false},"author":2,"featured_media":713984,"comment_status":"","ping_status":"","sticky":false,"template":"","format":"standard","meta":{"footnotes":""},"categories":[2],"tags":[164474,29,164473,30,13,6759,17695,14,953,15,12,36858,164472,10,8,9,11,28440,164471],"class_list":{"0":"post-713983","1":"post","2":"type-post","3":"status-publish","4":"format-standard","5":"has-post-thumbnail","7":"category-deutschland","8":"tag-amsel","9":"tag-deutschland","10":"tag-feldsperling","11":"tag-germany","12":"tag-headlines","13":"tag-mdr-wissen","14":"tag-nabu","15":"tag-nachrichten","16":"tag-naturschutz","17":"tag-news","18":"tag-schlagzeilen","19":"tag-spatz","20":"tag-stunde-der-wintervoegel","21":"tag-top-news","22":"tag-top-meldungen","23":"tag-topmeldungen","24":"tag-topnews","25":"tag-vogelbeobachtung","26":"tag-vogelzaehlung"},"share_on_mastodon":{"url":"https:\/\/pubeurope.com\/@de\/115885336394584796","error":""},"_links":{"self":[{"href":"https:\/\/www.europesays.com\/de\/wp-json\/wp\/v2\/posts\/713983","targetHints":{"allow":["GET"]}}],"collection":[{"href":"https:\/\/www.europesays.com\/de\/wp-json\/wp\/v2\/posts"}],"about":[{"href":"https:\/\/www.europesays.com\/de\/wp-json\/wp\/v2\/types\/post"}],"author":[{"embeddable":true,"href":"https:\/\/www.europesays.com\/de\/wp-json\/wp\/v2\/users\/2"}],"replies":[{"embeddable":true,"href":"https:\/\/www.europesays.com\/de\/wp-json\/wp\/v2\/comments?post=713983"}],"version-history":[{"count":0,"href":"https:\/\/www.europesays.com\/de\/wp-json\/wp\/v2\/posts\/713983\/revisions"}],"wp:featuredmedia":[{"embeddable":true,"href":"https:\/\/www.europesays.com\/de\/wp-json\/wp\/v2\/media\/713984"}],"wp:attachment":[{"href":"https:\/\/www.europesays.com\/de\/wp-json\/wp\/v2\/media?parent=713983"}],"wp:term":[{"taxonomy":"category","embeddable":true,"href":"https:\/\/www.europesays.com\/de\/wp-json\/wp\/v2\/categories?post=713983"},{"taxonomy":"post_tag","embeddable":true,"href":"https:\/\/www.europesays.com\/de\/wp-json\/wp\/v2\/tags?post=713983"}],"curies":[{"name":"wp","href":"https:\/\/api.w.org\/{rel}","templated":true}]}}