{"id":713987,"date":"2026-01-13T02:05:29","date_gmt":"2026-01-13T02:05:29","guid":{"rendered":"https:\/\/www.europesays.com\/de\/713987\/"},"modified":"2026-01-13T02:05:29","modified_gmt":"2026-01-13T02:05:29","slug":"aktuelle-news-ereignisse-und-geschichten-vom-montag-13","status":"publish","type":"post","link":"https:\/\/www.europesays.com\/de\/713987\/","title":{"rendered":"Aktuelle News, Ereignisse und Geschichten vom Montag"},"content":{"rendered":"<p class=\"fp-paragraph\">Was passiert heute am <strong>Montag, 12. Januar,<\/strong> in Halle? Welche Stra\u00dfen sind gesperrt, wo gibt\u2019s Neues aus Politik, Kultur und Sport \u2013 und welche gute Nachricht sorgt f\u00fcr Gespr\u00e4chsstoff?<\/p>\n<p class=\"fp-paragraph\">Im Liveticker der Lokalredaktion Halle erfahren Sie den ganzen Tag \u00fcber alles Wichtige aus Halle. Wenn heute etwas passiert, lesen Sie es zuerst hier.<\/p>\n<p>Eine ganze Stadt auf einen Wisch<\/p>\n<p class=\"fp-paragraph\">Was war eigentlich vor dem Wochenende? Hier finden Sie <a href=\"https:\/\/www.mz.de\/lokal\/halle-saale\/heute-in-halle-freitag-090126-newsblog-4177681\" target=\"_blank\" rel=\"noopener\">den Newsblog von Freitag, 9. Januar<\/a>. Immer der aktuelle Ticker vom Tag steht unter <a rel=\"noopener\" target=\"_new\" href=\"https:\/\/www.mz.de\/thema\/heute-in-halle\">Heute in Halle<\/a>. Und hier erkl\u00e4ren wir Ihnen, was Sie dort sonst noch alles finden: <a href=\"https:\/\/www.mz.de\/lokal\/halle-saale\/das-ist-der-blog-heute-in-halle-alle-news-auf-einen-wisch-4114116\" target=\"_blank\" rel=\"noopener\">Newsblog, Newsletter und Podcast<\/a>.<\/p>\n<p class=\"fp-paragraph\">Wer den Blog auf dem Handy oder Tablet \u00f6ffnet und aktualisiert, hat immer die aktuellsten Nachrichten aus Halle auf dem Bildschirm \u2013 ganz ohne langes Suchen.<\/p>\n<p>Das ist neu am Montag in Halle:<\/p>\n<p>22.32 Uhr \u2013 Schwerer Unfall mit Rettungswagen auf der B6<\/p>\n<p class=\"fp-paragraph\">Schwerer Unfall auf der B6 im Saalekreis: Rettungswagen mit Patientin kollidiert an Kreuzung mit Pkw. Autofahrerin schwer verletzt.<br \/><a href=\"https:\/\/www.mz.de\/lokal\/halle-saale\/schwerer-unfall-mit-rettungswagen-auf-der-b6-bei-halle-4179992\" target=\"_blank\" rel=\"noopener\">Schwerer Unfall mit Rettungswagen auf der B6 bei Halle<\/a><\/p>\n<p><img decoding=\"async\" class=\"fp-lazyload lazyload\" src=\"https:\/\/www.europesays.com\/de\/wp-content\/uploads\/2026\/01\/fb7fdf9f-271c-4d50-976a-e5203a838823.jpeg\"  data- style=\"display: block; width: 100%;\" loading=\"lazy\" alt=\"Ein Rettungswagen mit Patienten an Bord krachte auf der B6 Kreuzung Dieskau-Zwintsch\u00f6na in ein Auto.\"\/>Ein Rettungswagen mit Patienten an Bord krachte auf der B6 Kreuzung Dieskau-Zwintsch\u00f6na in ein Auto.<\/p>\n<p> (Foto: Marvin Matzulla)<\/p>\n<p class=\"fp-paragraph\"><strong>Kennen Sie schon unseren Newsletter?<\/strong> Wenn Sie sich hier anmelden, kommt <strong><a href=\"https:\/\/www.mz.de\/newsletter\/halle\" target=\"_blank\" rel=\"noopener\">Hier in Halle<\/a><\/strong> jeden Morgen von Montag bis Samstag direkt per Mail zu Ihnen.<\/p>\n<p class=\"fp-paragraph\">Lesen Sie heute von <strong>Denny Kleindienst<\/strong>: <a href=\"https:\/\/www.mz.de\/newsletter\/halle\/panne-im-warnsystem-sirenen-schlagen-falschlicherweise-alarm-4179346\" target=\"_blank\" rel=\"noopener\">Panne im Warnsystem: Sirenen schlagen f\u00e4lschlicherweise Alarm<\/a><\/p>\n<p>18.49 Uhr \u2013 Das ist der Podcast vom 12. Januar<\/p>\n<p class=\"fp-paragraph\">Der Fehlalarm vom Samstag entpuppt sich offenbar als Cyber-Angriff, Halle hat jetzt auch ein Kinderprinzenpaar, die Stadt ehrt ihre Sportler des Jahres: Das und mehr zu h\u00f6ren gibt es <a href=\"https:\/\/www.mz.de\/podcast\/aktuelle-nachrichten-heute-in-halle-das-ist-der-podcast-mit-den-schlagzeilen-von-montag-12-januar-4086590\" target=\"_blank\" rel=\"noopener\">im Podcast von Montag, 12. Januar<\/a>.<\/p>\n<p class=\"fp-paragraph\"><strong>Sie wollen lieber zuh\u00f6ren als lesen?<\/strong> <strong><a href=\"https:\/\/www.mz.de\/podcast\/halle-saale-aktuelle-nachrichten-podcast-4086590\" target=\"_blank\" rel=\"noopener\">\u201eHeute in Halle&#8220;<\/a> <\/strong>gibt es deshalb auch als Podcast: Hier und \u00fcberall, wo es Podcasts gibt, h\u00f6ren Sie jeden Abend die Schlagzeilen des Tages.<\/p>\n<p>18.02 Uhr \u2013 Hohe Strafen nach Einbr\u00fcchen ins Wuk-Theater<\/p>\n<p class=\"fp-paragraph\">Knapp zwei Jahre nach den Einbr\u00fcchen in das Wuk-Theaterquartier sind zwei T\u00e4ter jetzt verurteilt worden. Welche Strafen die Hallenser bekommen haben.<br \/><a href=\"https:\/\/www.mz.de\/lokal\/halle-saale\/das-war-ein-schock-fur-mich-gericht-in-halle-verurteilt-theater-einbrecher-4179917\" target=\"_blank\" rel=\"noopener\">\u201eDas war ein Schock f\u00fcr mich\u201c &#8211; Gericht in Halle verurteilt Theater-Einbrecher<\/a><\/p>\n<p>17.38 Uhr \u2013 Volleyball-Talent hat gro\u00dfe Ziele<\/p>\n<p class=\"fp-paragraph\">Au\u00dfenangreifer Tom Borchert zeigt sich bei den cerebricks Volley Goats als St\u00fctze, trotz seiner \u201enur\u201c 1,88 Meter. Wie er sich auf dem Parkett behauptet.<br \/><a href=\"https:\/\/www.mz.de\/lokal\/halle-saale\/cerebricks-volley-goats-volleyball-bundesliga-diese-karriereziele-hat-talent-tom-borchert-4179840\" target=\"_blank\" rel=\"noopener\">Volleyball-Bundesliga in Halle: Diese Karriereziele hat Talent Tom Borchert<\/a><\/p>\n<p><img decoding=\"async\" class=\"fp-lazyload lazyload\" src=\"https:\/\/www.europesays.com\/de\/wp-content\/uploads\/2026\/01\/f8bbfcbc-6316-4ec8-b460-cabe5c51ba0e.jpeg\"  data- style=\"display: block; width: 100%;\" loading=\"lazy\" alt=\"Tom Borchers zeigte gegen Tabellenf\u00fchrer L\u00fcneburg sein bestes Spiel.\"\/>Tom Borchers zeigte gegen Tabellenf\u00fchrer L\u00fcneburg sein bestes Spiel.<\/p>\n<p> (Foto: IMAGO\/Ballasch)<\/p>\n<p>16.27 Uhr \u2013 So klappt es mit der neuen S5 ab Trotha<\/p>\n<p class=\"fp-paragraph\">Die S5 und die S5X fahren jetzt bis in Halles Norden. Dadurch ver\u00e4ndern sich Reisegewohnheiten, was nicht jedem passt. Am Bahnmuseum wartet indes eine \u00dcberraschung.<br \/><a href=\"https:\/\/www.mz.de\/lokal\/halle-saale\/s-bahnen-fahren-jetzt-von-leipzig-nach-halle-trotha-warum-das-viele-pendler-argert-4179621\" target=\"_blank\" rel=\"noopener\">S-Bahnen fahren jetzt von Leipzig nach Halle-Trotha &#8211; warum das viele Pendler \u00e4rgert<\/a><\/p>\n<p><img decoding=\"async\" class=\"fp-lazyload lazyload\" src=\"https:\/\/www.europesays.com\/de\/wp-content\/uploads\/2026\/01\/24a7fd37-5194-4b5f-964d-0ef52aabe2da.jpeg\"  data- style=\"display: block; width: 100%;\" loading=\"lazy\" alt=\"Das \u00fcbliche Bild: Gedr\u00e4nge beim Einstieg in die S-Bahn nach Leipzig. (\"\/>Das \u00fcbliche Bild: Gedr\u00e4nge beim Einstieg in die S-Bahn nach Leipzig. (<\/p>\n<p> Foto: Dirk Skrzypczak)<\/p>\n<p>16.08 Uhr \u2013 Fehlalarm-Angriff: Das sagt die Innenministerin<\/p>\n<p class=\"fp-paragraph\">Nach dem Cyber-Angriff mit dem Fehlalarm in Halle hat sich auch Sachsen-Anhalts Innenministerin Tamara Zieschang (CDU) am Montag zu dem Zwischenfall. Auch sie <a href=\"https:\/\/www.mz.de\/lokal\/halle-saale\/sirenen-fehlalarm-cyber-angriff-lockdown-polizei-hacker-4179730\" target=\"_blank\" rel=\"noopener\">nimmt den Vorfall sehr ernst<\/a>.<\/p>\n<p>15.48 Uhr \u2013 Streusalz auf der A 14 nach Lkw-Unfall<\/p>\n<p class=\"fp-paragraph\">Auf der A14 ist es am Montag zwischen Halle-Pei\u00dfen und Halle-Tornau zu einem Unfall gekommen. Ein Lkw war gegen die Leitplanke gefahren und daraufhin umgekippt. Dabei verteilte der mit Streusalz beladene Lastwagen seine Ladung \u00fcber die Fahrbahn.<br \/><a href=\"https:\/\/www.mz.de\/lokal\/halle-saale\/unfall-a14-autobahn-peissen-tornau-lkw-streusalz-fahrbahn-gesperrt-4179740\" target=\"_blank\" rel=\"noopener\">Unfall auf A14 zwischen Pei\u00dfen und Tornau! Lkw verteilt Streusalz \u00fcber Fahrbahn bei Halle<\/a><\/p>\n<p><img decoding=\"async\" class=\"fp-lazyload lazyload\" src=\"https:\/\/www.europesays.com\/de\/wp-content\/uploads\/2026\/01\/3e113598-1bab-4b25-993f-6c73be0b2d90.jpeg\"  data- style=\"display: block; width: 100%;\" loading=\"lazy\" alt=\"Der Fahrer des tschechischen Lkw war eingeschlafen, gegen eine Leitplanke der A14 bei Halle gefahren und anschlie\u00dfend mit dem Fahrzeug umgekippt. \u00a0\"\/>Der Fahrer des tschechischen Lkw war eingeschlafen, gegen eine Leitplanke der A14 bei Halle gefahren und anschlie\u00dfend mit dem Fahrzeug umgekippt. \u00a0<\/p>\n<p> (Foto: Dirk Skrzypczak)<\/p>\n<p>14.56 Uhr\u00a0\u2013 Fehlalarm: Stadt geht von Cyber-Angriff aus<\/p>\n<p class=\"fp-paragraph\">Der Fehlalarm am Samstagabend in Halle soll ein Cyber-Angriff gewesen sein. Davon geht zumindest die Stadt aus, wie sie gerade bei einer Pressekonferenz erkl\u00e4rt. Lesen Sie hier, <a href=\"https:\/\/www.mz.de\/lokal\/halle-saale\/schreck-am-samstagabend-fehlalarm-stadt-halle-geht-von-cyber-angriff-aus-4179730\" target=\"_blank\" rel=\"noopener\">warum sich die Verantwortlichen da so sicher sind<\/a>.<\/p>\n<p>14.04 Uhr \u2013 So wirkten die Feinde der Republik an der Uni<\/p>\n<p class=\"fp-paragraph\">W\u00e4hrend der Weimarer Republik und w\u00e4hrend der NS-Zeit pr\u00e4gten v\u00f6lkische Studentenbewegungen das Geschehen an der Universit\u00e4t Halle pr\u00e4gten und unterwarfen sich den Nationalsozialisten unterwarfen.<br \/><a href=\"https:\/\/www.mz.de\/lokal\/halle-saale\/so-wirkten-die-feinde-der-republik-an-der-uni-in-halle-4179560\" target=\"_blank\" rel=\"noopener\">Stadtgeschichte: So wirkten die Feinde der Republik an der Uni in Halle<\/a><\/p>\n<p>11.51 Uhr \u2013 Drachenboote in der Schwimmhalle in Neustadt<\/p>\n<p class=\"fp-paragraph\">Zum inzwischen 18. Mal veranstaltete der Drachenbootverein Halle seinen Wettkampf in der Schwimmhalle in Neustadt. Knapp 70 Teams aus ganz Deutschland brachten das Wasser im Becken zur Wallung.<br \/><a href=\"https:\/\/www.mz.de\/lokal\/halle-saale\/mit-drachenbooten-im-schwimmbecken-schwimmhalle-neustadt-wird-zur-wettkampfarena-4179144\" target=\"_blank\" rel=\"noopener\">Mit Drachenbooten im Schwimmbecken: Schwimmhalle Neustadt wird zur Wettkampfarena<\/a><\/p>\n<p><img decoding=\"async\" class=\"fp-lazyload lazyload\" src=\"https:\/\/www.europesays.com\/de\/wp-content\/uploads\/2026\/01\/7c2ebfc9-5538-4c6e-ac56-f1390db48857.jpeg\"  data- style=\"display: block; width: 100%;\" loading=\"lazy\" alt=\"Kr\u00e4ftemessen im selben Boot: Um zu gewinnen, musste das Boot \u00fcber die Wimpelgrenze bewegt werden.\"\/>Kr\u00e4ftemessen im selben Boot: Um zu gewinnen, musste das Boot \u00fcber die Wimpelgrenze bewegt werden.<\/p>\n<p> (Foto: Denny Kleindienst)<\/p>\n<p>10.21 Uhr \u2013 Monkey Island ist zur\u00fcck<\/p>\n<p class=\"fp-paragraph\">Die Menschen in Sachsen-Anhalt gehen gerne ins Theater \u2013 das zeigen nicht nur Statistiken aus dem letzten Jahr, sondern auch das Theaterprojekt \u201eMonkey Island \u2013 Ich will Pirat werden\u201c in Halle. Durch ein erfolgreiches Crowdfunding kann es nun wieder auf die B\u00fchne gebracht werden. So geht es mit dem Projekt weiter.<br \/><a href=\"https:\/\/www.mz.de\/lokal\/halle-saale\/monkey-island-ist-zuruck-neues-kapitel-einer-heldenreise-im-steintor-variete-in-halle-4179475\" target=\"_blank\" rel=\"noopener\">Monkey Island ist zur\u00fcck: Neues Kapitel einer Heldenreise im Steintor Variet\u00e9 in Halle<\/a><\/p>\n<p><img decoding=\"async\" class=\"fp-lazyload lazyload\" src=\"https:\/\/www.europesays.com\/de\/wp-content\/uploads\/2026\/01\/fe5b894b-773c-4a62-9d7f-8352b2a2e1f3.jpeg\"  data- style=\"display: block; width: 100%;\" loading=\"lazy\" alt=\"Der Spendenaufruf f\u00fcr \u201eMonkey Island\u201c im vergangenen Jahr brachte einiges in Bewegung.\u00a0\"\/>Der Spendenaufruf f\u00fcr \u201eMonkey Island\u201c im vergangenen Jahr brachte einiges in Bewegung.\u00a0<\/p>\n<p> (Foto: Chaos Theater Club)<\/p>\n<p>9.33 Uhr \u2013 Ein n\u00e4chtlicher J\u00e4ger in der Stadt<\/p>\n<p class=\"fp-paragraph\">Im neuen Jahr sehen wir t\u00e4glich sehr genau hin, wer unsere tierischen Mitbewohner in Halle sind. Heute am 11. Januar geht es um einen J\u00e4ger, der gerne nachts unterwegs ist.<br \/><a href=\"https:\/\/www.mz.de\/lokal\/halle-saale\/ein-fliegender-jager-auch-in-einer-kirche-in-halle-4179223\" target=\"_blank\" rel=\"noopener\">365 Tage, 365 Tiere: Ein fliegender J\u00e4ger auch in einer Kirche in Halle<\/a><\/p>\n<p><img decoding=\"async\" class=\"fp-lazyload lazyload\" src=\"https:\/\/www.europesays.com\/de\/wp-content\/uploads\/2026\/01\/a01f20ba-abf9-4284-ad00-5c7a5c88fd79.jpeg\"  data- style=\"display: block; width: 100%;\" loading=\"lazy\" alt=\"In einer Kirche in Halle baute sich eine Familie dieser Art ihr Zuhause in der Stadt.\u00a0\"\/>In einer Kirche in Halle baute sich eine Familie dieser Art ihr Zuhause in der Stadt.\u00a0<\/p>\n<p> (Foto: Steffen Schellhorn)<\/p>\n<p>7.23 Uhr \u2013 Verl\u00e4ngert Fabrice Hartmann beim HFC?<\/p>\n<p class=\"fp-paragraph\">Fabrice Hartmann kann beim HFC den Unterschied ausmachen, fehlte aber oft. In die Wintervorbereitung startet er mit neuer Zuversicht. Bleibt der 24-J\u00e4hrige in Halle?<br \/><a href=\"https:\/\/www.mz.de\/sport\/hallescher-fc\/hallescher-fc-das-verraet-fabrice-hartmann-ueber-die-vertragsgespraeche-4179263\" target=\"_blank\" rel=\"noopener\">Das verr\u00e4t Fabrice Hartmann \u00fcber die Vertragsgespr\u00e4che mit dem HFC<\/a><\/p>\n<p><img decoding=\"async\" class=\"fp-lazyload lazyload\" src=\"https:\/\/www.europesays.com\/de\/wp-content\/uploads\/2026\/01\/5c20ae6d-f2d0-42f7-8391-7524ea91d866.jpeg\"  data- style=\"display: block; width: 100%;\" loading=\"lazy\" alt=\"Fabrice Hartmann konnte bislang nur sieben von 19 Saisonpartien absolvieren.\"\/>Fabrice Hartmann konnte bislang nur sieben von 19 Saisonpartien absolvieren.<\/p>\n<p> (Foto: IMAGO\/Lobeca)<\/p>\n<p class=\"fp-paragraph\">Wie bringen Fu\u00dfballer ihre H\u00f6chstleistung auf den Platz? <a href=\"https:\/\/www.mz.de\/podcast\/folge-35-tracking-hopserlauf-und-gummibarchen-so-halt-der-hfc-seine-profis-fit-und-leistungsbereit-4170459\" target=\"_blank\" rel=\"noopener\">In der neuen Folge unseres Podcasts \u201eChemie kennt keine Liga\u201c<\/a> geben Athletiktrainer Denis Hasenbeck sowie Sportwissenschaftler John Brandes spannende Einblicke hinter die Kulissen.<\/p>\n<p>6.50 Uhr \u2013 Das ist Halles erstes Kinderprinzenpaar<\/p>\n<p class=\"fp-paragraph\">Vor den bald anstehenden Karnevalsveranstaltungen haben die Saalenarren gleich zwei neue Prinzenpaare proklamiert. Dabei flossen sogar Tr\u00e4nen.<br \/><a href=\"https:\/\/www.mz.de\/lokal\/halle-saale\/darauf-ein-helau-halles-saalenarren-kuren-erstmals-auch-ein-kinderprinzenpaar-4179282\" target=\"_blank\" rel=\"noopener\">Darauf ein Helau: Halles Saalenarren k\u00fcren erstmals auch ein Kinderprinzenpaar<\/a><\/p>\n<p><img decoding=\"async\" class=\"fp-lazyload lazyload\" src=\"https:\/\/www.europesays.com\/de\/wp-content\/uploads\/2026\/01\/1768269927_691_d014811d-1b04-4880-9bdd-28dd6c2e929e.jpeg\"  data- style=\"display: block; width: 100%;\" loading=\"lazy\" alt=\"Selenia I. und Benedikt I. sind das erste Kinderprinzenpaar der halleschen Saalenarren.\u00a0\"\/>Selenia I. und Benedikt I. sind das erste Kinderprinzenpaar der halleschen Saalenarren.\u00a0<\/p>\n<p> (Foto: Denny Kleindienst)<\/p>\n<p>6.28 Uhr \u2013 Wer verst\u00e4rkt die Au\u00dfenbahn beim HFC?<\/p>\n<p class=\"fp-paragraph\">Der Hallesche FC will im Winter den Kader optimieren, Priorit\u00e4t liegt auf Verst\u00e4rkung der Au\u00dfenbahnen. Wie es um die Personalien Erich Berko und Theo Ogbidi steht.<br \/><a href=\"https:\/\/www.mz.de\/sport\/hallescher-fc\/regionalliga-nordost-wie-konkret-sind-erich-berko-und-theo-ogbidi-beim-hfc-4178566\" target=\"_blank\" rel=\"noopener\">Wie konkret sind die Personalien Erich Berko und Theo Ogbidi beim HFC?<\/a><\/p>\n<p><img decoding=\"async\" class=\"fp-lazyload lazyload\" src=\"https:\/\/www.europesays.com\/de\/wp-content\/uploads\/2026\/01\/1768269928_741_1cb17991-17be-4fb6-8c7a-5474cf57a156.jpeg\"  data- style=\"display: block; width: 100%;\" loading=\"lazy\" alt=\"Erich Berko spielte bis zum Sommer 2024 f\u00fcr den HFC.\"\/>Erich Berko spielte bis zum Sommer 2024 f\u00fcr den HFC.<\/p>\n<p> (Foto: IMAGO\/Lucca Fundel)<\/p>\n<p>6.10 Uhr \u2013 Quarterback schweigt: Was wird aus der Schorre?<\/p>\n<p class=\"fp-paragraph\">Der Quarterback Immobilien AG aus Leipzig geh\u00f6ren zwei Hochhausscheiben in Halle-Neustadt, ebenso eine Brachfl\u00e4che am Ritterhaus. Stehen die Vorhaben vor dem Aus?<br \/><a href=\"https:\/\/www.mz.de\/lokal\/halle-saale\/investor-aus-leipzig-auf-tauchstation-was-wird-aus-der-schorre-und-anderen-grossprojekten-in-halle-4178571\" target=\"_blank\" rel=\"noopener\">Investor aus Leipzig auf Tauchstation &#8211; was wird aus der Schorre und anderen Gro\u00dfprojekten in Halle?<\/a><\/p>\n<p><img decoding=\"async\" class=\"fp-lazyload lazyload\" src=\"https:\/\/www.europesays.com\/de\/wp-content\/uploads\/2026\/01\/1768269929_794_1acce591-65c6-4c27-b536-28b7a9b1e226.jpeg\"  data- style=\"display: block; width: 100%;\" loading=\"lazy\" alt=\"Mehr als nur eine Winterpause: An der Schorre wird seit Monaten nicht mehr gearbeitet. Der Grund ist unklar.\"\/>Mehr als nur eine Winterpause: An der Schorre wird seit Monaten nicht mehr gearbeitet. Der Grund ist unklar.<\/p>\n<p> (Foto: Dirk Skrzypczak)<\/p>\n<p>5.51 Uhr \u2013 Was steckt hinter dem Fehlalarm von Samstagabend?<\/p>\n<p class=\"fp-paragraph\">Am Samstagabend l\u00f6sten alle Sirenen in Halle aus. Gefahr bestand laut Feuerwehr aber nicht. Was bisher \u00fcber den Vorfall bekannt ist.<br \/><a href=\"https:\/\/www.mz.de\/lokal\/halle-saale\/sirenen-alarm-verwirrung-sicherheit-fehler-ursache-4178987\" target=\"_blank\" rel=\"noopener\">Katastrophenschutz in Halle: Das steckt hinter dem r\u00e4tselhafte Sirenenalarm am Samstagabend in Halle<\/a><\/p>\n<p><img decoding=\"async\" class=\"fp-lazyload lazyload\" src=\"https:\/\/www.europesays.com\/de\/wp-content\/uploads\/2026\/01\/1768269929_956_58d3b400-c703-4e4f-a502-09af564baf80.jpeg\"  data- style=\"display: block; width: 100%;\" loading=\"lazy\" alt=\"Am Samstagabend gegen 22 Uhr l\u00f6sten pl\u00f6tzlich alle Sirenen im Stadtgebiet von Halle aus. Ein Notfall lag aber nicht vor. Noch in der Nacht begann die Aufarbeitung des Fehlalarms.\u00a0\"\/>Am Samstagabend gegen 22 Uhr l\u00f6sten pl\u00f6tzlich alle Sirenen im Stadtgebiet von Halle aus. Ein Notfall lag aber nicht vor. Noch in der Nacht begann die Aufarbeitung des Fehlalarms.\u00a0<\/p>\n<p> (Foto: Yvonne Heyer\/Archiv)<\/p>\n<p>Newsletter und Podcast<\/p>\n<ul class=\"list-content\">\n<li class=\"list-item\"><a href=\"https:\/\/www.mz.de\/newsletter\/halle\" target=\"_blank\" rel=\"noopener\">Newsletter \u201eHier in Halle\u201c<\/a> \u2013 Montag bis Samstag fr\u00fch die wichtigsten News aus der Stadt<\/li>\n<li class=\"list-item\"><a href=\"https:\/\/www.mz.de\/podcast\/halle-saale-aktuelle-nachrichten-podcast-4086590\" target=\"_blank\" rel=\"noopener\">Podcast \u201eHeute in Halle\u201c<\/a> \u2013 t\u00e4glich die Schlagzeilen zum H\u00f6ren<\/li>\n<\/ul>\n<p>Archiv \u2013 die letzten drei Werktage<\/p>\n<p>Halles Tag im \u00dcberblick<\/p>\n<p class=\"fp-paragraph\"><a href=\"https:\/\/www.mz.de\/lokal\/halle-saale\/heute-in-halle-montag-050126-newsblog-4175255\" target=\"_blank\" rel=\"noopener\">Damit sind Sie f\u00fcr heute auf dem Laufenden. Im Laufe des Tages erg\u00e4nzen wir diesen Ticker um neue Meldungen aus Halle \u2013 aktuell, lokal und verl\u00e4sslich. Danke, dass Sie \u201eHeute in Halle\u201c lesen.<\/p>\n","protected":false},"excerpt":{"rendered":"Was passiert heute am Montag, 12. Januar, in Halle? Welche Stra\u00dfen sind gesperrt, wo gibt\u2019s Neues aus Politik,&hellip;\n","protected":false},"author":2,"featured_media":688494,"comment_status":"","ping_status":"","sticky":false,"template":"","format":"standard","meta":{"footnotes":""},"categories":[1860],"tags":[3364,29,548,663,3934,30,4062,17332,13,14,15,17331,860,12],"class_list":{"0":"post-713987","1":"post","2":"type-post","3":"status-publish","4":"format-standard","5":"has-post-thumbnail","7":"category-halle-saale","8":"tag-de","9":"tag-deutschland","10":"tag-eu","11":"tag-europa","12":"tag-europe","13":"tag-germany","14":"tag-halle","15":"tag-halle-saale","16":"tag-headlines","17":"tag-nachrichten","18":"tag-news","19":"tag-saale","20":"tag-sachsen-anhalt","21":"tag-schlagzeilen"},"share_on_mastodon":{"url":"https:\/\/pubeurope.com\/@de\/115885344840282887","error":""},"_links":{"self":[{"href":"https:\/\/www.europesays.com\/de\/wp-json\/wp\/v2\/posts\/713987","targetHints":{"allow":["GET"]}}],"collection":[{"href":"https:\/\/www.europesays.com\/de\/wp-json\/wp\/v2\/posts"}],"about":[{"href":"https:\/\/www.europesays.com\/de\/wp-json\/wp\/v2\/types\/post"}],"author":[{"embeddable":true,"href":"https:\/\/www.europesays.com\/de\/wp-json\/wp\/v2\/users\/2"}],"replies":[{"embeddable":true,"href":"https:\/\/www.europesays.com\/de\/wp-json\/wp\/v2\/comments?post=713987"}],"version-history":[{"count":0,"href":"https:\/\/www.europesays.com\/de\/wp-json\/wp\/v2\/posts\/713987\/revisions"}],"wp:featuredmedia":[{"embeddable":true,"href":"https:\/\/www.europesays.com\/de\/wp-json\/wp\/v2\/media\/688494"}],"wp:attachment":[{"href":"https:\/\/www.europesays.com\/de\/wp-json\/wp\/v2\/media?parent=713987"}],"wp:term":[{"taxonomy":"category","embeddable":true,"href":"https:\/\/www.europesays.com\/de\/wp-json\/wp\/v2\/categories?post=713987"},{"taxonomy":"post_tag","embeddable":true,"href":"https:\/\/www.europesays.com\/de\/wp-json\/wp\/v2\/tags?post=713987"}],"curies":[{"name":"wp","href":"https:\/\/api.w.org\/{rel}","templated":true}]}}