{"id":713991,"date":"2026-01-13T02:08:11","date_gmt":"2026-01-13T02:08:11","guid":{"rendered":"https:\/\/www.europesays.com\/de\/713991\/"},"modified":"2026-01-13T02:08:11","modified_gmt":"2026-01-13T02:08:11","slug":"indische-auszubildende-erleben-in-hohenstein-ernstthal-erstmals-schnee","status":"publish","type":"post","link":"https:\/\/www.europesays.com\/de\/713991\/","title":{"rendered":"Indische Auszubildende erleben in Hohenstein-Ernstthal erstmals Schnee"},"content":{"rendered":"<p class=\"bold\">\n\t\t\t\t\t\t\t\t\t\tTemperaturen um 30 Grad sind sie gewohnt, Schnee hingegen nicht: Indische Auszubildende erleben derzeit ihren ersten echten Winter. Wie gehen sie damit um?\t\t\t\t<\/p>\n<p>\t\t\t\t Nach den milden Wintern der letzten Jahren wirbeln extreme K\u00e4lte und Schnee das Leben derzeit durcheinander. Das ist selbst f\u00fcr manchen \u00fcberraschend, der \u201eechte Winter\u201c von fr\u00fcher noch kennt. Doch f\u00fcr einige junge Leute in Hohenstein-Ernstthal ist diese Witterung tats\u00e4chlich ein v\u00f6llig unbekanntes Ph\u00e4nomen. Wo sie herkommen, liegt die&#8230;<\/p>\n<p>\t\t<img decoding=\"async\" class=\"fp-plus-logo\" src=\"https:\/\/www.freiepresse.de\/img\/fpplus.svg\" alt=\"Freie Presse plus Logo\"\/><\/p>\n<p>Registrieren und testen.<\/p>\n<p>Jetzt mit Ihrer Registrierung 1 Monat gratis testen und alle Beitr\u00e4ge lesen.<\/p>\n<p>Schon Abonnent? Melden Sie sich mit ihren Zugangsdaten an.<\/p>\n","protected":false},"excerpt":{"rendered":"Temperaturen um 30 Grad sind sie gewohnt, Schnee hingegen nicht: Indische Auszubildende erleben derzeit ihren ersten echten Winter.&hellip;\n","protected":false},"author":2,"featured_media":713992,"comment_status":"","ping_status":"","sticky":false,"template":"","format":"standard","meta":{"footnotes":""},"categories":[1851],"tags":[4568,2770,3364,29,548,663,3934,30,13,14,15,859,12],"class_list":{"0":"post-713991","1":"post","2":"type-post","3":"status-publish","4":"format-standard","5":"has-post-thumbnail","7":"category-chemnitz","8":"tag-schulen","9":"tag-chemnitz","10":"tag-de","11":"tag-deutschland","12":"tag-eu","13":"tag-europa","14":"tag-europe","15":"tag-germany","16":"tag-headlines","17":"tag-nachrichten","18":"tag-news","19":"tag-sachsen","20":"tag-schlagzeilen"},"share_on_mastodon":{"url":"https:\/\/pubeurope.com\/@de\/115885356123834579","error":""},"_links":{"self":[{"href":"https:\/\/www.europesays.com\/de\/wp-json\/wp\/v2\/posts\/713991","targetHints":{"allow":["GET"]}}],"collection":[{"href":"https:\/\/www.europesays.com\/de\/wp-json\/wp\/v2\/posts"}],"about":[{"href":"https:\/\/www.europesays.com\/de\/wp-json\/wp\/v2\/types\/post"}],"author":[{"embeddable":true,"href":"https:\/\/www.europesays.com\/de\/wp-json\/wp\/v2\/users\/2"}],"replies":[{"embeddable":true,"href":"https:\/\/www.europesays.com\/de\/wp-json\/wp\/v2\/comments?post=713991"}],"version-history":[{"count":0,"href":"https:\/\/www.europesays.com\/de\/wp-json\/wp\/v2\/posts\/713991\/revisions"}],"wp:featuredmedia":[{"embeddable":true,"href":"https:\/\/www.europesays.com\/de\/wp-json\/wp\/v2\/media\/713992"}],"wp:attachment":[{"href":"https:\/\/www.europesays.com\/de\/wp-json\/wp\/v2\/media?parent=713991"}],"wp:term":[{"taxonomy":"category","embeddable":true,"href":"https:\/\/www.europesays.com\/de\/wp-json\/wp\/v2\/categories?post=713991"},{"taxonomy":"post_tag","embeddable":true,"href":"https:\/\/www.europesays.com\/de\/wp-json\/wp\/v2\/tags?post=713991"}],"curies":[{"name":"wp","href":"https:\/\/api.w.org\/{rel}","templated":true}]}}