{"id":713993,"date":"2026-01-13T02:09:20","date_gmt":"2026-01-13T02:09:20","guid":{"rendered":"https:\/\/www.europesays.com\/de\/713993\/"},"modified":"2026-01-13T02:09:20","modified_gmt":"2026-01-13T02:09:20","slug":"prokurist-wird-interims-chef-bei-der-wirtschaftsfoerderung-braunschweig","status":"publish","type":"post","link":"https:\/\/www.europesays.com\/de\/713993\/","title":{"rendered":"Prokurist wird Interims-Chef bei der Wirtschaftsf\u00f6rderung Braunschweig"},"content":{"rendered":"<p><img decoding=\"async\" src=\"https:\/\/www.europesays.com\/de\/wp-content\/uploads\/2026\/01\/BSZ_Wechsel_Geschaeftsfuehrung_Dez_2025-scaled-e1766068801927-780x441.jpg\" alt=\"\" class=\"wp-image-135744\"\/>Gerold Leppa (links) \u00fcbergibt an J\u00f6rg Meyer. | Foto: BSZ<\/p>\n<p><strong>J\u00f6rg Meyer<\/strong>, Prokurist der Braunschweig Zukunft GmbH, hat die Gesch\u00e4ftsf\u00fchrung der st\u00e4dtischen Wirtschaftsf\u00f6rderungsgesellschaft \u00fcbernommen. Er folgt auf Gerold Leppa, der das Amt im Zuge seines Wechsels zum Dezernenten f\u00fcr Stadtplanung, Verkehr, Bau und Wirtschaft niederlegt und k\u00fcnftig dem Aufsichtsrat der Gesellschaft vorsteht. Meyer ist seit der Gr\u00fcndung der Braunschweig Zukunft GmbH im Jahr [&#8230;]<\/p>\n","protected":false},"excerpt":{"rendered":"Gerold Leppa (links) \u00fcbergibt an J\u00f6rg Meyer. | Foto: BSZ J\u00f6rg Meyer, Prokurist der Braunschweig Zukunft GmbH, hat&hellip;\n","protected":false},"author":2,"featured_media":713994,"comment_status":"","ping_status":"","sticky":false,"template":"","format":"standard","meta":{"footnotes":""},"categories":[1850],"tags":[6429,3364,29,548,663,3934,30,13,14,15,1411,12],"class_list":{"0":"post-713993","1":"post","2":"type-post","3":"status-publish","4":"format-standard","5":"has-post-thumbnail","7":"category-braunschweig","8":"tag-braunschweig","9":"tag-de","10":"tag-deutschland","11":"tag-eu","12":"tag-europa","13":"tag-europe","14":"tag-germany","15":"tag-headlines","16":"tag-nachrichten","17":"tag-news","18":"tag-niedersachsen","19":"tag-schlagzeilen"},"share_on_mastodon":{"url":"https:\/\/pubeurope.com\/@de\/115885360045293578","error":""},"_links":{"self":[{"href":"https:\/\/www.europesays.com\/de\/wp-json\/wp\/v2\/posts\/713993","targetHints":{"allow":["GET"]}}],"collection":[{"href":"https:\/\/www.europesays.com\/de\/wp-json\/wp\/v2\/posts"}],"about":[{"href":"https:\/\/www.europesays.com\/de\/wp-json\/wp\/v2\/types\/post"}],"author":[{"embeddable":true,"href":"https:\/\/www.europesays.com\/de\/wp-json\/wp\/v2\/users\/2"}],"replies":[{"embeddable":true,"href":"https:\/\/www.europesays.com\/de\/wp-json\/wp\/v2\/comments?post=713993"}],"version-history":[{"count":0,"href":"https:\/\/www.europesays.com\/de\/wp-json\/wp\/v2\/posts\/713993\/revisions"}],"wp:featuredmedia":[{"embeddable":true,"href":"https:\/\/www.europesays.com\/de\/wp-json\/wp\/v2\/media\/713994"}],"wp:attachment":[{"href":"https:\/\/www.europesays.com\/de\/wp-json\/wp\/v2\/media?parent=713993"}],"wp:term":[{"taxonomy":"category","embeddable":true,"href":"https:\/\/www.europesays.com\/de\/wp-json\/wp\/v2\/categories?post=713993"},{"taxonomy":"post_tag","embeddable":true,"href":"https:\/\/www.europesays.com\/de\/wp-json\/wp\/v2\/tags?post=713993"}],"curies":[{"name":"wp","href":"https:\/\/api.w.org\/{rel}","templated":true}]}}