{"id":713995,"date":"2026-01-13T02:10:21","date_gmt":"2026-01-13T02:10:21","guid":{"rendered":"https:\/\/www.europesays.com\/de\/713995\/"},"modified":"2026-01-13T02:10:21","modified_gmt":"2026-01-13T02:10:21","slug":"heroen-moenchengladbach","status":"publish","type":"post","link":"https:\/\/www.europesays.com\/de\/713995\/","title":{"rendered":"Heroen &#8211; Moenchengladbach"},"content":{"rendered":"<p><strong>Krefeld. <\/strong>Im <strong>4. Sinfoniekonzert<\/strong> \u201eHeroen\u201c der Niederrheinischen Sinfoniker, das <strong>am Freitag, 6. Februar um 20 Uhr im Seidenweberhaus <\/strong>stattfindet, gibt es ein Wiedersehen mit dem Schlagzeuger Alexej Gerassimez. Bereits zum vierten Mal nach 2014, 2016 und 2022 ist der Musiker, der das Publikum jedes Mal zu Begeisterungsst\u00fcrmen hinriss, bei den Niederrheinischen Sinfonikern zu Gast. Alexej Gerassimez ist so vielseitig wie sein Instrumentarium: Sein Repertoire reicht von Klassik und Neuer Musik \u00fcber Jazz bis zu Minimal Music und erweitert sich stetig durch eigene Kompositionen und Werke, die f\u00fcr ihn komponiert werden. Diesmal zeigt er sein K\u00f6nnen im Schlagzeugkonzert Conjurer von John Corigliano. Es behandelt nacheinander drei Substanzen, aus denen Schlaginstrumente bestehen k\u00f6nnen: Holz, Metall und Membran. Der Solist stellt diese stets alleine vor und beschw\u00f6rt wie ein Zauberer das musikalische Material herauf, das er sodann gemeinsam mit dem Orchester verarbeitet.<\/p>\n<p>Er\u00f6ffnet wird der Abend mit Charles Ives\u2018 ber\u00fchmtem The unanswered question: Sechsmal stellt die Trompete die \u201eewige Seinsfrage\u201c (Ives), beim siebten Mal erh\u00e4lt sie keine Antwort mehr.<\/p>\n<p>Eine spannende Verbindung der Stile pr\u00e4gt die vierte Sinfonie von Philip Glass. Als Grundlage w\u00e4hlte er sechs Titel aus David Bowies in Zusammenarbeit mit Brian Eno entstandenem legend\u00e4ren Album Heroes, reflektiert diese Songs, bindet sie in seinen typischen repetitiven Minimal Music-Stil ein und zeigt sie im Klang des gro\u00dfen Orchesters in neuem Licht.<\/p>\n<p>Als Einstimmung auf den Abend spielen Mitglieder der Niederrheinischen Sinfoniker am Samstag, 31. Januar um 20 Uhr im Freiraum Kunst (Ostwall 64-66, Krefeld) ein <strong>Sonder-Kammerkonzert<\/strong> mit Werken von Philip Glass, Arvo P\u00e4rt u.a.<\/p>\n<p><strong>Konzertkarten sind erh\u00e4ltlich: an der Theaterkasse KR, Tel.: 02151\/805-125, <\/strong><a href=\"https:\/\/www.moenchengladbach.de\/de\/aktuell-aktiv\/newsroom\/mailto:theaterkasse-kr@theater-kr-mg.de\" target=\"_blank\" rel=\"noopener\"><strong>theaterkasse-kr@theater-kr-mg.de<\/strong><\/a><strong>, online unter <\/strong><a href=\"http:\/\/www.theater-kr-mg.de\" target=\"_blank\" rel=\"noreferrer noopener\"><strong>www.theater-kr-mg.de<\/strong><\/a><strong> sowie am Konzerttag an der Tageskasse. <\/strong><\/p>\n<p><strong>4. Sinfoniekonzert<br \/>Heroen<\/strong><\/p>\n<p><strong>Charles Ives <\/strong>The unanswered question<br \/><strong>John Corigliano <\/strong>Conjurer. Konzert f\u00fcr Percussion und Streichorchester<br \/><strong>Philip Glass <\/strong>Sinfonie Nr. 4 \u201eHeroes\u201c (nach der Musik von David Bowie und Brian Eno)<\/p>\n<p><strong>Alexej Gerassimez <\/strong>Schlagzeug<br \/><strong>Niederrheinische Sinfoniker<br \/>GMD Mihkel K\u00fctson<\/strong> Dirigent<strong\/><\/p>\n<p>Freitag, 6. Februar 2026, 20 Uhr, Seidenweberhaus Krefeld<\/p>\n<p>Konzerteinf\u00fchrung: 19.15 Uhr<\/p>\n<p>Sonder-Kammerkonzert zur Einstimmung auf den Abend: Samstag, 31. Januar, 20 Uhr, Freiraum Kunst (Ostwall 64-66, Krefeld)<\/p>\n","protected":false},"excerpt":{"rendered":"Krefeld. Im 4. Sinfoniekonzert \u201eHeroen\u201c der Niederrheinischen Sinfoniker, das am Freitag, 6. Februar um 20 Uhr im Seidenweberhaus&hellip;\n","protected":false},"author":2,"featured_media":713996,"comment_status":"","ping_status":"","sticky":false,"template":"","format":"standard","meta":{"footnotes":""},"categories":[1849],"tags":[3364,29,548,663,3934,30,13,4455,14,15,1209,12],"class_list":{"0":"post-713995","1":"post","2":"type-post","3":"status-publish","4":"format-standard","5":"has-post-thumbnail","7":"category-moenchengladbach","8":"tag-de","9":"tag-deutschland","10":"tag-eu","11":"tag-europa","12":"tag-europe","13":"tag-germany","14":"tag-headlines","15":"tag-moenchengladbach","16":"tag-nachrichten","17":"tag-news","18":"tag-nordrhein-westfalen","19":"tag-schlagzeilen"},"share_on_mastodon":{"url":"https:\/\/pubeurope.com\/@de\/115885363873884939","error":""},"_links":{"self":[{"href":"https:\/\/www.europesays.com\/de\/wp-json\/wp\/v2\/posts\/713995","targetHints":{"allow":["GET"]}}],"collection":[{"href":"https:\/\/www.europesays.com\/de\/wp-json\/wp\/v2\/posts"}],"about":[{"href":"https:\/\/www.europesays.com\/de\/wp-json\/wp\/v2\/types\/post"}],"author":[{"embeddable":true,"href":"https:\/\/www.europesays.com\/de\/wp-json\/wp\/v2\/users\/2"}],"replies":[{"embeddable":true,"href":"https:\/\/www.europesays.com\/de\/wp-json\/wp\/v2\/comments?post=713995"}],"version-history":[{"count":0,"href":"https:\/\/www.europesays.com\/de\/wp-json\/wp\/v2\/posts\/713995\/revisions"}],"wp:featuredmedia":[{"embeddable":true,"href":"https:\/\/www.europesays.com\/de\/wp-json\/wp\/v2\/media\/713996"}],"wp:attachment":[{"href":"https:\/\/www.europesays.com\/de\/wp-json\/wp\/v2\/media?parent=713995"}],"wp:term":[{"taxonomy":"category","embeddable":true,"href":"https:\/\/www.europesays.com\/de\/wp-json\/wp\/v2\/categories?post=713995"},{"taxonomy":"post_tag","embeddable":true,"href":"https:\/\/www.europesays.com\/de\/wp-json\/wp\/v2\/tags?post=713995"}],"curies":[{"name":"wp","href":"https:\/\/api.w.org\/{rel}","templated":true}]}}