{"id":713998,"date":"2026-01-13T02:12:10","date_gmt":"2026-01-13T02:12:10","guid":{"rendered":"https:\/\/www.europesays.com\/de\/713998\/"},"modified":"2026-01-13T02:12:10","modified_gmt":"2026-01-13T02:12:10","slug":"lka-he-schusswaffengebrauch-waehrend-polizeieinsatz-38-jaehriger-schwer-verletzt","status":"publish","type":"post","link":"https:\/\/www.europesays.com\/de\/713998\/","title":{"rendered":"LKA-HE: Schusswaffengebrauch w\u00e4hrend Polizeieinsatz &#8211; 38-J\u00e4hriger schwer verletzt"},"content":{"rendered":"<p class=\"date\">13.01.2026 \u2013 01:27<\/p>\n<p class=\"customer\">\n                        <a class=\"story-customer\" title=\"weiter zum newsroom von Hessisches Landeskriminalamt\" href=\"https:\/\/www.presseportal.de\/blaulicht\/nr\/43563\" target=\"_blank\" rel=\"noopener\">Hessisches Landeskriminalamt<\/a>\n                    <\/p>\n<p><a data-category=\"citylink-story-view\" data-action=\"click\" data-label=\"Citylink in Meldungsansicht\" class=\"story-city event-trigger\" href=\"https:\/\/www.presseportal.de\/regional\/Wiesbaden%20%252F%20Hanau\" title=\"News aus Wiesbaden \/ Hanau \" target=\"_blank\" rel=\"noopener\">Wiesbaden \/ Hanau<\/a> (ots)<\/p>\n<p>Gemeinsame Pressemitteilung der Staatsanwaltschaft Hanau und des Hessischen Landeskriminalamts<\/p>\n<p>W\u00e4hrend eines Polizeieinsatzes kam es Montagabend (12.01.) gegen 20.25 Uhr im Maintaler Ortsteil Wachenbuchen zu einem Schusswaffengebrauch durch eingesetzte Polizeibeamte. Ein 38-j\u00e4hriger Mann wurde dabei schwer verletzt.<\/p>\n<p>Nach einer vorangegangenen Einsatz- und Bedrohungssituation wurde nach dem Mann polizeilich gefahndet. Die eingesetzten Polizeibeamten trafen den 38-J\u00e4hrigen schlie\u00dflich in der Bachstra\u00dfe \/ &#8222;Alt Wachenbuchen&#8220; in Maintal an. Dieser befand sich mutma\u00dflich in einem psychischen Ausnahmezustand.<\/p>\n<p>Hier soll er nach ersten Erkenntnissen ein Messer sowie einen stock\u00e4hnlichen Gegenstand mit sich gef\u00fchrt haben. In der Folge wurde zun\u00e4chst ein Diensthund gegen den Mann eingesetzt. Danach kam es zum Schusswaffengebrauch und zum Einsatz des Distanzelektroimpulsger\u00e4tes (DEIG) durch die Polizei, wodurch der Mann schwer verletzt wurde.<\/p>\n<p>W\u00e4hrend dieser Einsatzsituation hat sich der 38-J\u00e4hrige mit dem von ihm mitgef\u00fchrten Messer selbst im Bereich des Halses verletzt. Die eingesetzten Beamten leisteten sofort erste Hilfe. Derzeit wird er in einem Krankenhaus intensivmedizinisch behandelt.<\/p>\n<p>Die genauen Hintergr\u00fcnde und der Einsatzablauf sind Gegenstand der laufenden Ermittlungen. Das Hessische Landeskriminalamt hat, wie in diesen F\u00e4llen \u00fcblich, aus Neutralit\u00e4tsgr\u00fcnden die Ermittlungen zusammen mit der Staatsanwaltschaft Hanau \u00fcbernommen. Aktuell werden Spuren am Tatort gesichert, die anschlie\u00dfend ausgewertet werden m\u00fcssen.<\/p>\n<p>Die Pressehoheit obliegt der zust\u00e4ndigen Staatsanwaltschaft Hanau. Derzeit k\u00f6nnen keine weiteren Ausk\u00fcnfte erteilt werden.<\/p>\n<p class=\"contact-headline\">R\u00fcckfragen bitte an:<\/p>\n<p class=\"contact-text\">Hessisches Landeskriminalamt<br \/>Virginie Wegner <br \/>Telefon: 0611\/83-80100<br \/>E-Mail: <a href=\"https:\/\/www.presseportal.de\/blaulicht\/pm\/43563\/mailto: kommunikation.hlka@polizei.hessen.de\" class=\"uri-mailto\" target=\"_blank\" rel=\"noopener\"> kommunikation.hlka@polizei.hessen.de<\/a><br \/><a target=\"_blank\" class=\"uri-ext outbound\" rel=\"noopener\" href=\"http:\/\/www.polizei.hessen.de\">http:\/\/www.polizei.hessen.de<\/a><\/p>\n<p class=\"originator\">Original-Content von: Hessisches Landeskriminalamt, \u00fcbermittelt durch news aktuell<\/p>\n","protected":false},"excerpt":{"rendered":"13.01.2026 \u2013 01:27 Hessisches Landeskriminalamt Wiesbaden \/ Hanau (ots) Gemeinsame Pressemitteilung der Staatsanwaltschaft Hanau und des Hessischen Landeskriminalamts&hellip;\n","protected":false},"author":2,"featured_media":386213,"comment_status":"","ping_status":"","sticky":false,"template":"","format":"standard","meta":{"footnotes":""},"categories":[1847],"tags":[3364,29,548,663,3934,30,1087,13,2052,177,14,15,121,178,180,179,181,12,4544],"class_list":{"0":"post-713998","1":"post","2":"type-post","3":"status-publish","4":"format-standard","5":"has-post-thumbnail","7":"category-wiesbaden","8":"tag-de","9":"tag-deutschland","10":"tag-eu","11":"tag-europa","12":"tag-europe","13":"tag-germany","14":"tag-he","15":"tag-headlines","16":"tag-hessen","17":"tag-kriminalitt","18":"tag-nachrichten","19":"tag-news","20":"tag-polizei","21":"tag-presse","22":"tag-pressemeldung","23":"tag-pressemitteilung","24":"tag-pressemitteilungen","25":"tag-schlagzeilen","26":"tag-wiesbaden"},"share_on_mastodon":{"url":"https:\/\/pubeurope.com\/@de\/115885371762539928","error":""},"_links":{"self":[{"href":"https:\/\/www.europesays.com\/de\/wp-json\/wp\/v2\/posts\/713998","targetHints":{"allow":["GET"]}}],"collection":[{"href":"https:\/\/www.europesays.com\/de\/wp-json\/wp\/v2\/posts"}],"about":[{"href":"https:\/\/www.europesays.com\/de\/wp-json\/wp\/v2\/types\/post"}],"author":[{"embeddable":true,"href":"https:\/\/www.europesays.com\/de\/wp-json\/wp\/v2\/users\/2"}],"replies":[{"embeddable":true,"href":"https:\/\/www.europesays.com\/de\/wp-json\/wp\/v2\/comments?post=713998"}],"version-history":[{"count":0,"href":"https:\/\/www.europesays.com\/de\/wp-json\/wp\/v2\/posts\/713998\/revisions"}],"wp:featuredmedia":[{"embeddable":true,"href":"https:\/\/www.europesays.com\/de\/wp-json\/wp\/v2\/media\/386213"}],"wp:attachment":[{"href":"https:\/\/www.europesays.com\/de\/wp-json\/wp\/v2\/media?parent=713998"}],"wp:term":[{"taxonomy":"category","embeddable":true,"href":"https:\/\/www.europesays.com\/de\/wp-json\/wp\/v2\/categories?post=713998"},{"taxonomy":"post_tag","embeddable":true,"href":"https:\/\/www.europesays.com\/de\/wp-json\/wp\/v2\/tags?post=713998"}],"curies":[{"name":"wp","href":"https:\/\/api.w.org\/{rel}","templated":true}]}}