{"id":714225,"date":"2026-01-13T04:29:17","date_gmt":"2026-01-13T04:29:17","guid":{"rendered":"https:\/\/www.europesays.com\/de\/714225\/"},"modified":"2026-01-13T04:29:17","modified_gmt":"2026-01-13T04:29:17","slug":"bewohner-im-hasenbergl-seit-wochen-ohne-heizung","status":"publish","type":"post","link":"https:\/\/www.europesays.com\/de\/714225\/","title":{"rendered":"Bewohner im Hasenbergl seit Wochen ohne Heizung"},"content":{"rendered":"<p>Heizungs-Drama <\/p>\n<p>Bewohner im Hasenbergl m\u00fcssen seit Wochen frieren<\/p>\n<p>12.01.2026 &#8211; 16:47 UhrLesedauer: 2 Min.<\/p>\n<p><a href=\"#focus-0\" class=\"transition-colors duration-200 block text-current relative\" data-sctrack=\"FocusGalleryImage.Reference\"><img fetchpriority=\"high\" data-testid=\"Opener.Image\" style=\"--lqipURL:url('https:\/\/images.t-online.de\/2026\/01\/JLaMznWM1YPP\/0x218:4000x2250\/fit-in\/150x0\/filters:blur(25)\/image.jpg')\"   loading=\"eager\" src=\"https:\/\/www.europesays.com\/de\/wp-content\/uploads\/2026\/01\/1768278557_184_image.jpg\" alt=\"imago images 0840802986\" title=\"imago images 0840802986\" width=\"4000\" height=\"2250\" class=\"bg-[url:var(--lqipURL)] bg-cover bg-center flex h-full w-full max-w-full\" decoding=\"async\"\/><img style=\"--width:32;--height:32\" loading=\"lazy\" src=\"https:\/\/muenchen.t-online.de\/s\/paper\/_next\/static\/media\/zoom-in.f7dae02f.svg\" alt=\"Vergr\u00f6\u00dfern des Bildes\" title=\"Vergr\u00f6\u00dfern des Bildes\" class=\"block h-[calc(var(--height)_\/_16_*_1rem)] w-[calc(var(--width)_\/_16_*_1rem)] max-w-none absolute bottom-8 right-8 rounded-4 bg-snow p-8\" decoding=\"async\"\/><\/a><\/p>\n<p>Ein Heizungsthermostat (Archivbild): Im M\u00fcnchner Norden funktioniert bei einigen Bewohner seit Wochen keine Heizung. (Quelle: IMAGO\/Henricus L\u00fcschen)<\/p>\n<p class=\"font-bold text-18 leading-17\">Seit Tagen herrschen in M\u00fcnchen eisige Temperaturen. Im Hasenbergl ist es auch in einigen Wohnungen bitterkalt, f\u00e4llt dort bereits seit Tagen schon die Heizung aus.<\/p>\n<p class=\"text-18 leading-17\">Schnee, teilweise zweistellige Minusgrade, Frostwarnungen und zuletzt noch die k\u00e4lteste Nacht des Jahres: Der Winter hat M\u00fcnchen fest im Griff. Wer drau\u00dfen frieren muss, ist froh, wenn er zu Hause im Warmen sein kann. Doch das ist f\u00fcr einige Bewohner im n\u00f6rdlichen Stadtbezirk Feldmoching-Hasenbergl nicht m\u00f6glich. Denn ihre Heizung funktioniert nicht \u2013 und das seit Wochen.<\/p>\n<p class=\"text-18 leading-17\">Wie die &#8222;tz&#8220; berichtet, gibt es in der Linkstra\u00dfe in Dutzenden Wohnungen seit geraumer Zeit fast keine Heizung mehr. Zust\u00e4ndig f\u00fcr die betroffenen Haushalte ist das Wohnungs- und Immobilienunternehmen Dawonia. Auf Anfrage der M\u00fcnchner Redaktion von t-online hei\u00dft es: \u201eDie betroffenen Wohnungen erhalten Fernw\u00e4rme von den Stadtwerken M\u00fcnchen. Nachdem am Freitag ausreichend W\u00e4rmeleistung geliefert worden war, ist die Versorgungsleistung derzeit in einzelnen Wohnungen nicht ausreichend.&#8220;<\/p>\n<p class=\"text-18 leading-17\">Derzeit werde intensiv daran gearbeitet, alle Wohnungen dauerhaft sicher zu versorgen. &#8222;Gemeinsam mit den Stadtwerken sind wir zuversichtlich, dass alle Mieterinnen und Mieter in K\u00fcrze ausreichend W\u00e4rmelieferung erhalten.&#8220; Sollte das im Laufe des Montages nicht sichergestellt werden k\u00f6nnen, biete Dawonia mobile Heizl\u00fcfter als Ersatzversorgung an.<\/p>\n<p class=\"text-18 leading-17\">Die <a class=\"transition-colors duration-200 cursor-pointer text-inherit no-underline text-salemsfur md:hover:text-magenta md:hover:border-magenta md:focus:text-magenta border-current border-b border-solid break-words\" href=\"https:\/\/www.t-online.de\/themen\/stadtwerke-muenchen\/\" data-sctrack=\"BodyAnchor\" rel=\"nofollow noopener\" target=\"_blank\">Stadtwerke M\u00fcnchen<\/a> (SWM) \u00e4u\u00dfern sich wie folgt zu der Situation im Hasenbergl: &#8222;Die SWM wurden am 7. Januar gegen 14 Uhr \u00fcber die aktuelle Situation informiert. Unseres Wissens nach ist lediglich der begrenzte Bereich in der Linkstra\u00dfe betroffen.&#8220; Um 17.50 Uhr sei ein Team der SWM vor Ort gewesen und habe Ma\u00dfnahmen zur Behebung ergriffen. Mit diesen seien die W\u00e4rmeversorgung beim Kunden erfolgreich weiter stabilisiert worden.<\/p>\n<p class=\"text-18 leading-17\">&#8222;Die Kollegen haben bei ihrem Einsatz allerdings auch eine St\u00f6rung der Kundenanlage festgestellt, die die hausinterne W\u00e4rmeverteilung beeintr\u00e4chtigt hat&#8220;, teilen die SWM weiter mit. Man habe den Installateur bei der Fehlersuche und -behebung unterst\u00fctzt, um die W\u00e4rmeversorgung der Wohnungen weiterhin sicherzustellen. &#8222;F\u00fcr den Fall, dass erneut Engp\u00e4sse bei der W\u00e4rmeversorgung der betroffenen Geb\u00e4ude auftreten, haben die SWM den Einsatz einer mobilen Heizzentrale vorbereitet.&#8220;<\/p>\n<p class=\"text-18 leading-17\">Eine nochmalige \u00dcberpr\u00fcfung am Montag, 12. Januar, habe ergeben, dass die Fernw\u00e4rmeversorgung seitens der SWM einwandfrei funktioniere. &#8222;Schon seit Donnerstag erh\u00e4lt der Kunde sogar mehr W\u00e4rme aus dem Netz als vertraglich vereinbart.&#8220; Jedoch scheint es laut den SWM nach wie vor Probleme in der Kundenanlage zu geben.<\/p>\n","protected":false},"excerpt":{"rendered":"Heizungs-Drama Bewohner im Hasenbergl m\u00fcssen seit Wochen frieren 12.01.2026 &#8211; 16:47 UhrLesedauer: 2 Min. Ein Heizungsthermostat (Archivbild): Im&hellip;\n","protected":false},"author":2,"featured_media":714226,"comment_status":"","ping_status":"","sticky":false,"template":"","format":"standard","meta":{"footnotes":"","_share_on_mastodon":"0"},"categories":[1827],"tags":[772,164517,29,2815,30,2811,632,42234,134494,2295,1268,14595,14596],"class_list":["post-714225","post","type-post","status-publish","format-standard","has-post-thumbnail","category-muenchen","tag-bayern","tag-dawonia","tag-deutschland","tag-feldmoching-hasenbergl","tag-germany","tag-hasenbergl","tag-heizung","tag-heizungsanlage","tag-heizungsthermostat","tag-mieter","tag-muenchen","tag-stadtwerke-muenchen","tag-swm"],"share_on_mastodon":{"url":"https:\/\/pubeurope.com\/@de\/115885910653011621","error":""},"_links":{"self":[{"href":"https:\/\/www.europesays.com\/de\/wp-json\/wp\/v2\/posts\/714225","targetHints":{"allow":["GET"]}}],"collection":[{"href":"https:\/\/www.europesays.com\/de\/wp-json\/wp\/v2\/posts"}],"about":[{"href":"https:\/\/www.europesays.com\/de\/wp-json\/wp\/v2\/types\/post"}],"author":[{"embeddable":true,"href":"https:\/\/www.europesays.com\/de\/wp-json\/wp\/v2\/users\/2"}],"replies":[{"embeddable":true,"href":"https:\/\/www.europesays.com\/de\/wp-json\/wp\/v2\/comments?post=714225"}],"version-history":[{"count":0,"href":"https:\/\/www.europesays.com\/de\/wp-json\/wp\/v2\/posts\/714225\/revisions"}],"wp:featuredmedia":[{"embeddable":true,"href":"https:\/\/www.europesays.com\/de\/wp-json\/wp\/v2\/media\/714226"}],"wp:attachment":[{"href":"https:\/\/www.europesays.com\/de\/wp-json\/wp\/v2\/media?parent=714225"}],"wp:term":[{"taxonomy":"category","embeddable":true,"href":"https:\/\/www.europesays.com\/de\/wp-json\/wp\/v2\/categories?post=714225"},{"taxonomy":"post_tag","embeddable":true,"href":"https:\/\/www.europesays.com\/de\/wp-json\/wp\/v2\/tags?post=714225"}],"curies":[{"name":"wp","href":"https:\/\/api.w.org\/{rel}","templated":true}]}}