{"id":714392,"date":"2026-01-13T06:05:12","date_gmt":"2026-01-13T06:05:12","guid":{"rendered":"https:\/\/www.europesays.com\/de\/714392\/"},"modified":"2026-01-13T06:05:12","modified_gmt":"2026-01-13T06:05:12","slug":"manchester-united-michael-carrick-soll-es-wie-rangnick-machen","status":"publish","type":"post","link":"https:\/\/www.europesays.com\/de\/714392\/","title":{"rendered":"Manchester United: Michael Carrick soll es wie Rangnick machen"},"content":{"rendered":"<p>Im FA Cup gescheitert\u00a0<\/p>\n<p>                                    <img decoding=\"async\" src=\"https:\/\/www.europesays.com\/de\/wp-content\/uploads\/2026\/01\/michael-carrick-manchester-united-2021-1768210200-186952.jpg\" title=\"Manchester United: Michael Carrick soll es wie Rangnick machen\" alt=\"Manchester United: Michael Carrick soll es wie Rangnick machen\"\/><\/p>\n<p>\n                                       \u00a9IMAGO\n                                    <\/p>\n<p>Dieser Artikel erschien auf Transfermarkt in seiner ersten Fassung um 10:35 Uhr und wurde anschlie\u00dfend um ein Update erg\u00e4nzt (nach dem ersten Absatz).<\/p>\n<p><a title=\"Manchester United\" href=\"https:\/\/www.transfermarkt.de\/manchester-united\/startseite\/verein\/985\" target=\"_blank\" rel=\"nofollow noopener\">Manchester United<\/a> wird aller Voraussicht nach in K\u00fcrze verk\u00fcnden, wer bis Saisonende interimsweise vom entlassenen Trainer <a title=\"R\u00faben Amorim\" href=\"https:\/\/www.transfermarkt.de\/r-ben-amorim\/profil\/trainer\/65202\" target=\"_blank\" rel=\"nofollow noopener\">R\u00faben Amorim<\/a> \u00fcbernimmt und Favorit auf den Job ist Ex-Kapit\u00e4n <a title=\"Michael Carrick\" href=\"https:\/\/www.transfermarkt.de\/michael-carrick\/profil\/trainer\/65647\" rel=\"nofollow noopener\" target=\"_blank\">Michael Carrick<\/a>. In den n\u00e4chsten 48 Stunden wird die Entscheidung bei den Red Devils erwartet. Der 44-J\u00e4hrige habe zuletzt positive Gespr\u00e4che mit den Verantwortlichen gef\u00fchrt, berichten mehrere Medien \u00fcbereinstimmend. Carrick setzte sich dabei offenbar gegen seinen ehemaligen Teamkollegen <a title=\"Ole Gunnar Solskjaer\" href=\"https:\/\/www.transfermarkt.de\/ole-gunnar-solskjaer\/profil\/trainer\/7286\" target=\"_blank\" rel=\"nofollow noopener\">Ole Gunnar Solskjaer<\/a> durch, der im August bei Besiktas gehen musste und ebenfalls mit seinem langj\u00e4hrigen Klub verhandelte.<\/p>\n<p><strong>Update 17:24 Uhr:<\/strong> Am Montagabend verdichteten sich die Anzeichen, dass Carrick in K\u00fcrze \u00fcbernehmen wird. Wie es hei\u00dft, hat der Ex-Profi alle vertraglichen Bedingungen der Red Devils akzeptiert. Einer Einigung stehe nun nichts mehr im Wege.<\/p>\n<p><\/p>\n<p>F\u00fcr den fr\u00fcheren Mittelfeldspieler wird es der zweite \u201eCaretaker\u201c-Job beim englischen Rekordmeister nach 2021. Damals \u00fcbernahm Carrick von Cheftrainer Solskjaer und holte in drei Spielen gegen Arsenal, Chelsea und Villarreal zwei Siege sowie ein Unentschieden. Im Anschluss entschied sich United f\u00fcr dasselbe Modell wie jetzt: <a title=\"Ralf Rangnick\" href=\"https:\/\/www.transfermarkt.de\/ralf-rangnick\/profil\/trainer\/196\" rel=\"nofollow noopener\" target=\"_blank\">Ralf Rangnick<\/a>, unterschrieb einen Vertrag bis Saisonende und ging daraufhin wieder. <a href=\"https:\/\/www.transfermarkt.de\/-independent-quot-glasner-top-kandidat-bei-man-united-gesprache-mit-trio-fur-ubergang\/view\/news\/473147\" target=\"_blank\" rel=\"nofollow noopener\">Wunschkandidaten auf den Cheftrainer-Job in Manchester sollen etwa der noch bis Saisonende an Crystal Palace gebundene Oliver Glasner und auch Bundestrainer Julian Nagelsmann sein<\/a>.<\/p>\n<p><\/p>\n<p>Carrick hatte seine Trainerlaufbahn 2018 als Assistent von <a title=\"Jos\u00e9 Mourinho\" href=\"https:\/\/www.transfermarkt.de\/jose-mourinho\/profil\/trainer\/781\" rel=\"nofollow noopener\" target=\"_blank\">Jos\u00e9 Mourinho<\/a> bei United begonnen und arbeitete in der Folge auch mit Solskjaer zusammen. Erstmals hauptverantwortlich zeichnete er zwischen Oktober 2022 und vergangenem Sommer beim Zweitligisten <a href=\"https:\/\/www.transfermarkt.de\/fc-middlesbrough\/startseite\/verein\/641\" rel=\"nofollow noopener\" target=\"_blank\">FC Middlesbrough<\/a>. Dort holte er in 136 Partien im Schnitt 1,57 Punkte und scheiterte 2023 erst in den Playoffs am Aufstieg in die Premier League. <a href=\"https:\/\/www.transfermarkt.de\/fc-middlesbrough\/mitarbeiterhistorie\/verein\/641\" target=\"_blank\" rel=\"nofollow noopener\">L\u00e4nger im Amt war bei Boro lange keiner mehr<\/a>, <a title=\"Aitor Karanka\" href=\"https:\/\/www.transfermarkt.de\/aitor-karanka\/profil\/trainer\/7616\" rel=\"nofollow noopener\" target=\"_blank\">Aitor Karanka<\/a> leitete zwischen 2013 und 2017 169 Partien.<\/p>\n<p>Den Job, den Carrick 2021 bei Man United hatte, f\u00fchrt derzeit ein anderer fr\u00fcherer Mittelfeldspieler der Ferguson-\u00c4ra aus: <a title=\"Darren Fletcher\" href=\"https:\/\/www.transfermarkt.de\/darren-fletcher\/profil\/trainer\/87911\" target=\"_blank\" rel=\"nofollow noopener\">Darren Fletcher<\/a>. Der 41-J\u00e4hrige ist eigentlich U18-Coach, sprang zu Jahresbeginn aber ein, <a href=\"https:\/\/www.transfermarkt.de\/man-united-entlasst-trainer-amorim-portugiese-stichelte-wegen-transferpolitik\/view\/news\/473103\" target=\"_blank\" rel=\"nofollow noopener\">als Amorim nach schwachen Ergebnissen und Kritik an der Transferpolitik gehen musste<\/a>. Eine Kehrtwende gelang unter dem Schotten nicht: In der Liga gab es ein <a title=\"Spielbericht\" href=\"https:\/\/www.transfermarkt.de\/spielbericht\/index\/spielbericht\/4626001\" rel=\"nofollow noopener\" target=\"_blank\">2:2<\/a> beim Aufsteiger Burnley und im FA Cup musste das Team am Sonntag in der 3. Runde vor heimischem Publikum gegen Brighton &amp; Hove Albion mit Trainer Fabian H\u00fcrzeler die Segel streichen (<a title=\"Spielbericht\" href=\"https:\/\/www.transfermarkt.de\/spielbericht\/index\/spielbericht\/4788527\" rel=\"nofollow noopener\" target=\"_blank\">1:2<\/a>). Es ist aber offenbar zu erwarten, dass Fletcher Teil des Trainerstabs bis Saisonende wird.<\/p>\n<p><\/p>\n","protected":false},"excerpt":{"rendered":"Im FA Cup gescheitert\u00a0 \u00a9IMAGO Dieser Artikel erschien auf Transfermarkt in seiner ersten Fassung um 10:35 Uhr und&hellip;\n","protected":false},"author":2,"featured_media":714393,"comment_status":"","ping_status":"","sticky":false,"template":"","format":"standard","meta":{"footnotes":"","_share_on_mastodon":"0"},"categories":[136],"tags":[164562,29,1408,30,18531,164561,90190,957,265],"class_list":["post-714392","post","type-post","status-publish","format-standard","has-post-thumbnail","category-sport","tag-darren-fletcher","tag-deutschland","tag-fa-cup","tag-germany","tag-manchester-united","tag-michael-carrick","tag-ole-gunnar-solskjaer","tag-premier-league","tag-sport"],"share_on_mastodon":{"url":"https:\/\/pubeurope.com\/@de\/115886288220038134","error":""},"_links":{"self":[{"href":"https:\/\/www.europesays.com\/de\/wp-json\/wp\/v2\/posts\/714392","targetHints":{"allow":["GET"]}}],"collection":[{"href":"https:\/\/www.europesays.com\/de\/wp-json\/wp\/v2\/posts"}],"about":[{"href":"https:\/\/www.europesays.com\/de\/wp-json\/wp\/v2\/types\/post"}],"author":[{"embeddable":true,"href":"https:\/\/www.europesays.com\/de\/wp-json\/wp\/v2\/users\/2"}],"replies":[{"embeddable":true,"href":"https:\/\/www.europesays.com\/de\/wp-json\/wp\/v2\/comments?post=714392"}],"version-history":[{"count":0,"href":"https:\/\/www.europesays.com\/de\/wp-json\/wp\/v2\/posts\/714392\/revisions"}],"wp:featuredmedia":[{"embeddable":true,"href":"https:\/\/www.europesays.com\/de\/wp-json\/wp\/v2\/media\/714393"}],"wp:attachment":[{"href":"https:\/\/www.europesays.com\/de\/wp-json\/wp\/v2\/media?parent=714392"}],"wp:term":[{"taxonomy":"category","embeddable":true,"href":"https:\/\/www.europesays.com\/de\/wp-json\/wp\/v2\/categories?post=714392"},{"taxonomy":"post_tag","embeddable":true,"href":"https:\/\/www.europesays.com\/de\/wp-json\/wp\/v2\/tags?post=714392"}],"curies":[{"name":"wp","href":"https:\/\/api.w.org\/{rel}","templated":true}]}}