{"id":714544,"date":"2026-01-13T07:36:18","date_gmt":"2026-01-13T07:36:18","guid":{"rendered":"https:\/\/www.europesays.com\/de\/714544\/"},"modified":"2026-01-13T07:36:18","modified_gmt":"2026-01-13T07:36:18","slug":"regen-und-milde-temperaturen-loesen-frost-in-aachen-ab","status":"publish","type":"post","link":"https:\/\/www.europesays.com\/de\/714544\/","title":{"rendered":"Regen und milde Temperaturen l\u00f6sen Frost in Aachen ab"},"content":{"rendered":"<p>DWD-Prognose f\u00fcr NRW <\/p>\n<p>Regen und milde Temperaturen in Aachen<\/p>\n<p>13.01.2026 &#8211; 07:50 UhrLesedauer: 1 Min.<\/p>\n<p><a href=\"#focus-0\" class=\"transition-colors duration-200 block text-current relative\" data-sctrack=\"FocusGalleryImage.Reference\"><img fetchpriority=\"high\" data-testid=\"Opener.Image\" style=\"--lqipURL:url('https:\/\/images.t-online.de\/2026\/01\/t8GgFkxySTtM\/0x209:4000x2250\/fit-in\/150x0\/filters:blur(25)\/image.jpg')\"   loading=\"eager\" src=\"https:\/\/www.europesays.com\/de\/wp-content\/uploads\/2026\/01\/1768289778_59_image.jpg\" alt=\"imago images 0448954401\" title=\"imago images 0448954401\" width=\"4000\" height=\"2250\" class=\"bg-[url:var(--lqipURL)] bg-cover bg-center flex h-full w-full max-w-full\" decoding=\"async\"\/><img style=\"--width:32;--height:32\" loading=\"lazy\" src=\"https:\/\/aachen.t-online.de\/s\/paper\/_next\/static\/media\/zoom-in.f7dae02f.svg\" alt=\"Vergr\u00f6\u00dfern des Bildes\" title=\"Vergr\u00f6\u00dfern des Bildes\" class=\"block h-[calc(var(--height)_\/_16_*_1rem)] w-[calc(var(--width)_\/_16_*_1rem)] max-w-none absolute bottom-8 right-8 rounded-4 bg-snow p-8\" decoding=\"async\"\/><\/a><\/p>\n<p>Bew\u00f6lkter Himmel in Aachen (Symbolbild): In der kommenden Woche ist in ganz NRW milden Temperaturen und Regen zu rechnen. (Quelle: IMAGO\/Wassilis Aswestopoulos)<\/p>\n<p class=\"font-bold text-18 leading-17\">Der Deutsche Wetterdienst meldet steigende Temperaturen nach frostigen Tagen. Regen k\u00f6nnte in einigen Regionen bis Donnerstag auftreten.<\/p>\n<p class=\"text-18 leading-17\">Wie der Deutsche Wetterdienst am Dienstag mitteilte, steigen die Temperaturen in Nordrhein-Westfalen nach einem frostigen Wochenende wieder an. Ab Mittag sei mit leichtem Regen zu rechnen, wobei die H\u00f6chstwerte in Ostwestfalen bis zu 6 Grad und im Westen zwischen 8 und 10 Grad erreichen k\u00f6nnten \u2013 auch in Aachen.<\/p>\n<p class=\"text-18 leading-17\">F\u00fcr Mittwoch erwarten die Meteorologen erneut einen dicht bew\u00f6lkten Himmel. Zeitweise sei mit etwas Regen zu rechnen, w\u00e4hrend es ab dem Nachmittag im Norden meist trocken bleiben k\u00f6nnte. Auch in Aachen wird die Regenwahrscheinlichkeit mit rund 90 Prozent angegeben, sodass mit Schauern zu rechnen ist. Die H\u00f6chsttemperaturen sollen zwischen 8 und 11 Grad liegen.<\/p>\n<p class=\"text-18 leading-17\">Auch am Donnerstag sei mit \u00e4hnlichem Wetter zu rechnen. Bei bew\u00f6lktem Himmel k\u00f6nne es zeitweise regnen, wobei die H\u00f6chsttemperaturen zwischen 6 und 10 Grad liegen k\u00f6nnten.<\/p>\n","protected":false},"excerpt":{"rendered":"DWD-Prognose f\u00fcr NRW Regen und milde Temperaturen in Aachen 13.01.2026 &#8211; 07:50 UhrLesedauer: 1 Min. Bew\u00f6lkter Himmel in&hellip;\n","protected":false},"author":2,"featured_media":714545,"comment_status":"","ping_status":"","sticky":false,"template":"","format":"standard","meta":{"footnotes":""},"categories":[1853],"tags":[722,17161,1424,3364,950,29,4906,548,663,3934,30,13,14,15,1209,176,12,6848,1973,2256,4907,5415,2255],"class_list":{"0":"post-714544","1":"post","2":"type-post","3":"status-publish","4":"format-standard","5":"has-post-thumbnail","7":"category-aachen","8":"tag-722","9":"tag-17161","10":"tag-aachen","11":"tag-de","12":"tag-deutscher-wetterdienst","13":"tag-deutschland","14":"tag-dwd","15":"tag-eu","16":"tag-europa","17":"tag-europe","18":"tag-germany","19":"tag-headlines","20":"tag-nachrichten","21":"tag-news","22":"tag-nordrhein-westfalen","23":"tag-nrw","24":"tag-schlagzeilen","25":"tag-temperatur","26":"tag-wetter","27":"tag-wetterausblick","28":"tag-wetteraussicht","29":"tag-wetterprognose","30":"tag-wettervorhersage"},"share_on_mastodon":{"url":"https:\/\/pubeurope.com\/@de\/115886645908521421","error":""},"_links":{"self":[{"href":"https:\/\/www.europesays.com\/de\/wp-json\/wp\/v2\/posts\/714544","targetHints":{"allow":["GET"]}}],"collection":[{"href":"https:\/\/www.europesays.com\/de\/wp-json\/wp\/v2\/posts"}],"about":[{"href":"https:\/\/www.europesays.com\/de\/wp-json\/wp\/v2\/types\/post"}],"author":[{"embeddable":true,"href":"https:\/\/www.europesays.com\/de\/wp-json\/wp\/v2\/users\/2"}],"replies":[{"embeddable":true,"href":"https:\/\/www.europesays.com\/de\/wp-json\/wp\/v2\/comments?post=714544"}],"version-history":[{"count":0,"href":"https:\/\/www.europesays.com\/de\/wp-json\/wp\/v2\/posts\/714544\/revisions"}],"wp:featuredmedia":[{"embeddable":true,"href":"https:\/\/www.europesays.com\/de\/wp-json\/wp\/v2\/media\/714545"}],"wp:attachment":[{"href":"https:\/\/www.europesays.com\/de\/wp-json\/wp\/v2\/media?parent=714544"}],"wp:term":[{"taxonomy":"category","embeddable":true,"href":"https:\/\/www.europesays.com\/de\/wp-json\/wp\/v2\/categories?post=714544"},{"taxonomy":"post_tag","embeddable":true,"href":"https:\/\/www.europesays.com\/de\/wp-json\/wp\/v2\/tags?post=714544"}],"curies":[{"name":"wp","href":"https:\/\/api.w.org\/{rel}","templated":true}]}}