{"id":714606,"date":"2026-01-13T08:15:15","date_gmt":"2026-01-13T08:15:15","guid":{"rendered":"https:\/\/www.europesays.com\/de\/714606\/"},"modified":"2026-01-13T08:15:15","modified_gmt":"2026-01-13T08:15:15","slug":"dwd-warnt-vor-gefaehrlicher-glaette","status":"publish","type":"post","link":"https:\/\/www.europesays.com\/de\/714606\/","title":{"rendered":"DWD warnt vor gef\u00e4hrlicher Gl\u00e4tte"},"content":{"rendered":"<p>Unwetter in Teilen des Landes <\/p>\n<p>Deutscher Wetterdienst warnt vor Gl\u00e4tte in Sachsen<\/p>\n<p>Aktualisiert am 13.01.2026 &#8211; 07:10 UhrLesedauer: 2 Min.<\/p>\n<p><a href=\"#focus-0\" class=\"transition-colors duration-200 block text-current relative\" data-sctrack=\"FocusGalleryImage.Reference\"><img fetchpriority=\"high\" data-testid=\"Opener.Image\" style=\"--lqipURL:url('https:\/\/images.t-online.de\/2026\/01\/Y9P5VGKnFwtq\/0x209:4000x2250\/fit-in\/150x0\/filters:blur(25)\/glatte-strassen-archivbild-autofahrer-sollten-in-sachsen-aufpassen.jpg')\"   loading=\"eager\" src=\"https:\/\/www.europesays.com\/de\/wp-content\/uploads\/2026\/01\/glatte-strassen-archivbild-autofahrer-sollten-in-sachsen-aufpassen.jpg\" alt=\"Glatte Stra\u00dfen (Archivbild): Autofahrer sollten in Sachsen aufpassen.\" title=\"Glatte Stra\u00dfen (Archivbild): Autofahrer sollten in Sachsen aufpassen.\" width=\"4000\" height=\"2250\" class=\"bg-[url:var(--lqipURL)] bg-cover bg-center flex h-full w-full max-w-full\" decoding=\"async\"\/><img style=\"--width:32;--height:32\" loading=\"lazy\" src=\"https:\/\/dresden.t-online.de\/s\/paper\/_next\/static\/media\/zoom-in.f7dae02f.svg\" alt=\"Vergr\u00f6\u00dfern des Bildes\" title=\"Vergr\u00f6\u00dfern des Bildes\" class=\"block h-[calc(var(--height)_\/_16_*_1rem)] w-[calc(var(--width)_\/_16_*_1rem)] max-w-none absolute bottom-8 right-8 rounded-4 bg-snow p-8\" decoding=\"async\"\/><\/a><\/p>\n<p>Glatte Stra\u00dfen (Archivbild): Autofahrer sollten in Sachsen aufpassen. (Quelle: IMAGO\/Swaantje Hehmann)<\/p>\n<p class=\"font-bold text-18 leading-17\">F\u00fcr Sachsen gilt eine Unwetterwarnung. Vor allem am Morgen ist in den \u00f6stlichen Teilen des Landes mit Gl\u00e4tte, Regen und st\u00fcrmischen B\u00f6en zu rechnen.<\/p>\n<p class=\"text-18 leading-17\">Der Deutsche Wetterdienst (DWD) warnt in Sachsen am Dienstagmorgen vor teils gef\u00e4hrlicher Gl\u00e4tte. Demnach kann es vor allem in Ostsachsen, im Erzgebirge und auch in weiten Teilen von Dresden durch gefrierenden Regen besonders glatt werden.<\/p>\n<p class=\"text-18 leading-17\">Hier gilt noch bis 8 Uhr eine Unwetterwarnung vor Glatteis, <a class=\"transition-colors duration-200 cursor-pointer text-inherit no-underline text-salemsfur md:hover:text-magenta md:hover:border-magenta md:focus:text-magenta border-current border-b border-solid break-words\" href=\"https:\/\/dresden.t-online.de\/region\/dresden\/id_101079574\/unwetter-in-dresden-dwd-warnt-vor-gefaehrlicher-glaette.html\" data-sctrack=\"BodyAnchor\" rel=\"nofollow noopener\" target=\"_blank\">die bereits am Montagabend herausgegeben wurde.<\/a> Es handelt sich um die dritte von vier Unwetterstufen des <a class=\"transition-colors duration-200 cursor-pointer text-inherit no-underline text-salemsfur md:hover:text-magenta md:hover:border-magenta md:focus:text-magenta border-current border-b border-solid break-words\" href=\"https:\/\/www.t-online.de\/themen\/deutscher-wetterdienst\/\" data-sctrack=\"BodyAnchor\" rel=\"nofollow noopener\" target=\"_blank\">DWD<\/a>. Es bestehe &#8222;Gefahr f\u00fcr Leib und Leben&#8220; durch pl\u00f6tzlich gefrierenden Regen. Aufenthalte im Freien und Autofahrten sollten den Angaben zufolge vermieden beziehungsweise das Verhalten im Stra\u00dfenverkehr angepasst werden.<\/p>\n<p class=\"text-18 leading-17\">F\u00fcr den S\u00fcdwesten des Landes besteht ebenfalls eine Warnung \u2013 vor markanter Gl\u00e4tte durch gefrierende N\u00e4sse. Dabei handelt es sich um die zweite der vier Warnstufen. Diese gilt demnach noch bis 10 Uhr.<\/p>\n<p class=\"text-18 leading-17\">Im Tagesverlauf wird es in Sachsen dann trockener, am Abend zieht erneut Regen auf. Die H\u00f6chsttemperaturen liegen bei zwei bis sechs Grad. Auf dem Fichtelberg sind Sturmb\u00f6en mit Geschwindigkeiten zwischen 65 und 80 Kilometern pro Stunde m\u00f6glich.<\/p>\n<p class=\"text-18 leading-17\">In der Nacht zum Mittwoch und in den Morgenstunden erwartet der Deutsche Wetterdienst Regen. Vor allem am Mittwochmorgen besteht dadurch erneut Gl\u00e4ttegefahr. Die Temperaturen gehen auf etwa ein Grad zur\u00fcck, im Erzgebirge ist \u00f6rtlich leichter Frost bis minus ein Grad m\u00f6glich. Tags\u00fcber steigen die H\u00f6chstwerte auf vier bis acht Grad, im Bergland auf ein bis drei Grad. Auf dem Fichtelberg kann es weiterhin zu Sturmb\u00f6en kommen.<\/p>\n","protected":false},"excerpt":{"rendered":"Unwetter in Teilen des Landes Deutscher Wetterdienst warnt vor Gl\u00e4tte in Sachsen Aktualisiert am 13.01.2026 &#8211; 07:10 UhrLesedauer:&hellip;\n","protected":false},"author":2,"featured_media":714607,"comment_status":"","ping_status":"","sticky":false,"template":"","format":"standard","meta":{"footnotes":"","_share_on_mastodon":"0"},"categories":[1835],"tags":[19636,3364,950,29,2386,4906,19404,147371,30,42751,13856,859,4028,26245],"class_list":["post-714606","post","type-post","status-publish","format-standard","has-post-thumbnail","category-dresden","tag-boee","tag-de","tag-deutscher-wetterdienst","tag-deutschland","tag-dresden","tag-dwd","tag-erzgebirge","tag-fichtelberg","tag-germany","tag-glaette","tag-ostsachsen","tag-sachsen","tag-unwetter","tag-unwetterwarnung"],"share_on_mastodon":{"url":"https:\/\/pubeurope.com\/@de\/115886799348918372","error":""},"_links":{"self":[{"href":"https:\/\/www.europesays.com\/de\/wp-json\/wp\/v2\/posts\/714606","targetHints":{"allow":["GET"]}}],"collection":[{"href":"https:\/\/www.europesays.com\/de\/wp-json\/wp\/v2\/posts"}],"about":[{"href":"https:\/\/www.europesays.com\/de\/wp-json\/wp\/v2\/types\/post"}],"author":[{"embeddable":true,"href":"https:\/\/www.europesays.com\/de\/wp-json\/wp\/v2\/users\/2"}],"replies":[{"embeddable":true,"href":"https:\/\/www.europesays.com\/de\/wp-json\/wp\/v2\/comments?post=714606"}],"version-history":[{"count":0,"href":"https:\/\/www.europesays.com\/de\/wp-json\/wp\/v2\/posts\/714606\/revisions"}],"wp:featuredmedia":[{"embeddable":true,"href":"https:\/\/www.europesays.com\/de\/wp-json\/wp\/v2\/media\/714607"}],"wp:attachment":[{"href":"https:\/\/www.europesays.com\/de\/wp-json\/wp\/v2\/media?parent=714606"}],"wp:term":[{"taxonomy":"category","embeddable":true,"href":"https:\/\/www.europesays.com\/de\/wp-json\/wp\/v2\/categories?post=714606"},{"taxonomy":"post_tag","embeddable":true,"href":"https:\/\/www.europesays.com\/de\/wp-json\/wp\/v2\/tags?post=714606"}],"curies":[{"name":"wp","href":"https:\/\/api.w.org\/{rel}","templated":true}]}}