{"id":714723,"date":"2026-01-13T09:21:11","date_gmt":"2026-01-13T09:21:11","guid":{"rendered":"https:\/\/www.europesays.com\/de\/714723\/"},"modified":"2026-01-13T09:21:11","modified_gmt":"2026-01-13T09:21:11","slug":"olympia-showdown-in-ruhpolding-frankreich-baut-aufgebot-um","status":"publish","type":"post","link":"https:\/\/www.europesays.com\/de\/714723\/","title":{"rendered":"Olympia-Showdown in Ruhpolding: Frankreich baut Aufgebot um"},"content":{"rendered":"\n<p>Neun von zw\u00f6lf Olympia-Startpl\u00e4tzen sind in der franz\u00f6sischen Biathlon-Mannschaft schon fest, zwei weitere zumindest halb vergeben. Beim Weltcup in Ruhpolding kommt es zum Showdown um das letzte Ticket. Ein bekannter Name greift nach dem Strohhalm, ein anderer kann nur zuschauen.\u00a0<\/p>\n<p>Mit welchem Aufgebot das franz\u00f6sische Biathlon-Team zu den Olympischen Spielen reist, steht noch nicht fest. Klar ist: Die &#8222;gro\u00dfen&#8220; Namen sind alle mit dabei und haben ihr Ticket auch schon lange sicher. Auf dem Papier sind vor dem Weltcup in Ruhpolding nur noch drei der zw\u00f6lf Pl\u00e4tze frei.\u00a0<\/p>\n<p>F\u00fcr Jeanne Richard sollte dabei nur wenig schief laufen. Die 23-J\u00e4hrige steht im Ruhpolding-Aufgebot, das der Verband am Montag bekanntgab. Mit zwei Top-15-Pl\u00e4tzen in Oberhof beseitigte sie wohl alle Zweifel an ihrem Olympia-Deb\u00fct. Paula\u00a0Botet, ihre einzig ernsthafte Konkurrentin, dominiert zwar im IBU-Cup nach Belieben, entt\u00e4uschte aber bei ihrer einzigen Weltcup-Chance in diesem Winter in Annecy, wo sie in zwei Rennen die Top 30 verpasste.\u00a0<\/p>\n<p>\t\tBiathlonverband verk\u00fcndet Entscheidung am Montag<\/p>\n<p>Der weitere Startplatz, der schon so gut wie sicher vergeben ist, d\u00fcrfte an Oscar Lombardot gehen. Der 25-J\u00e4hrige nutzte seine Chance in Oberhof und punktete\u00a0mit dem 23. Platz im Sprint und dem 13. Platz in der Verfolgung. Auch er darf sich in Ruhpolding erneut im A-Aufgebot zeigen.\u00a0<\/p>\n<p>Nicht mehr zum Weltcup-Kader geh\u00f6rt dagegen Valentin Lejeune. Der 23-J\u00e4hrige entt\u00e4uschte zuletzt mit zwei Pl\u00e4tzen jenseits der Top 60 und wurde zur\u00fcck in den IBU-Cup degradiert. F\u00fcr ihn aufsteigen wird Emilien Claude, der beim Showdown in Ruhpolding die gro\u00dfe Chance bekommt, doch noch auf den Olympia-Zug aufzuspringen.\u00a0<\/p>\n<p>Ob er es schafft, wird er am Montag erfahren. Dann wird der franz\u00f6sische Verband verk\u00fcnden, an wen die letzten drei offenen Pl\u00e4tze gehen. Dass es vor allem f\u00fcr Claude auf die Rennen in Ruhpolding ankommt, hatte M\u00e4nner-Cheftrainer Simon Fourcade bereits angedeutet, als er von einem &#8222;direkten Vergleich&#8220; der Leistungen der Wackelkandidaten sprach.\u00a0<\/p>\n","protected":false},"excerpt":{"rendered":"Neun von zw\u00f6lf Olympia-Startpl\u00e4tzen sind in der franz\u00f6sischen Biathlon-Mannschaft schon fest, zwei weitere zumindest halb vergeben. Beim Weltcup&hellip;\n","protected":false},"author":2,"featured_media":714724,"comment_status":"","ping_status":"","sticky":false,"template":"","format":"standard","meta":{"footnotes":"","_share_on_mastodon":"0"},"categories":[3974],"tags":[331,332,862,164653,548,663,3934,3980,156,13,164652,14,15,164650,164649,12,863,164651,864],"class_list":["post-714723","post","type-post","status-publish","format-standard","has-post-thumbnail","category-frankreich","tag-aktuelle-nachrichten","tag-aktuelle-news","tag-biathlon","tag-emilien-claude","tag-eu","tag-europa","tag-europe","tag-france","tag-frankreich","tag-headlines","tag-jeanne-richard","tag-nachrichten","tag-news","tag-ruhpolding","tag-ruhpolding-frauen","tag-schlagzeilen","tag-sport-allgemein","tag-valentin-lejeune","tag-wintersport"],"share_on_mastodon":{"url":"https:\/\/pubeurope.com\/@de\/115887058922888896","error":""},"_links":{"self":[{"href":"https:\/\/www.europesays.com\/de\/wp-json\/wp\/v2\/posts\/714723","targetHints":{"allow":["GET"]}}],"collection":[{"href":"https:\/\/www.europesays.com\/de\/wp-json\/wp\/v2\/posts"}],"about":[{"href":"https:\/\/www.europesays.com\/de\/wp-json\/wp\/v2\/types\/post"}],"author":[{"embeddable":true,"href":"https:\/\/www.europesays.com\/de\/wp-json\/wp\/v2\/users\/2"}],"replies":[{"embeddable":true,"href":"https:\/\/www.europesays.com\/de\/wp-json\/wp\/v2\/comments?post=714723"}],"version-history":[{"count":0,"href":"https:\/\/www.europesays.com\/de\/wp-json\/wp\/v2\/posts\/714723\/revisions"}],"wp:featuredmedia":[{"embeddable":true,"href":"https:\/\/www.europesays.com\/de\/wp-json\/wp\/v2\/media\/714724"}],"wp:attachment":[{"href":"https:\/\/www.europesays.com\/de\/wp-json\/wp\/v2\/media?parent=714723"}],"wp:term":[{"taxonomy":"category","embeddable":true,"href":"https:\/\/www.europesays.com\/de\/wp-json\/wp\/v2\/categories?post=714723"},{"taxonomy":"post_tag","embeddable":true,"href":"https:\/\/www.europesays.com\/de\/wp-json\/wp\/v2\/tags?post=714723"}],"curies":[{"name":"wp","href":"https:\/\/api.w.org\/{rel}","templated":true}]}}