{"id":714988,"date":"2026-01-13T11:47:11","date_gmt":"2026-01-13T11:47:11","guid":{"rendered":"https:\/\/www.europesays.com\/de\/714988\/"},"modified":"2026-01-13T11:47:11","modified_gmt":"2026-01-13T11:47:11","slug":"so-viele-besucher-wie-noch-nie","status":"publish","type":"post","link":"https:\/\/www.europesays.com\/de\/714988\/","title":{"rendered":"So viele Besucher wie noch nie"},"content":{"rendered":"<p class=\"mb-6 text-xs md:text-m lg:text-l font-serif group-[.font-sans]:font-sans \">\n    Ab dem dritten Mal ist es eine Tradition, hei\u00dft es im Volksmund: <a href=\"https:\/\/www.augsburger-allgemeine.de\/augsburg\/veranstaltungen-in-augsburg-2026-feste-konzerte-und-festivals-im-ueberblick-112854350\" target=\"_self\" class=\"underline \" rel=\"noopener\">Der Christmas Garden fand dieses Jahr<\/a> zum dritten Mal im Augsburger Zoo statt. Fast sechs Wochen wurden dort den Besucherinnen und Besuchern auf einem zwei Kilometer langen Rundweg verschiedene Lichtinstallationen geboten. Die Veranstalter sind mehr als zufrieden: Erneut konnten mehr G\u00e4ste als im Vorjahr begr\u00fc\u00dft werden. Ein Zeichen, dass die Tradition Ende des Jahres fortgesetzt wird?\n  <\/p>\n<p class=\"mb-6 text-xs md:text-m lg:text-l font-serif group-[.font-sans]:font-sans \">\n    Das <a href=\"https:\/\/www.augsburger-allgemeine.de\/augsburg\/christmas-garden-im-zoo-augsburg-geht-in-die-dritte-runde-schon-jetzt-gibt-es-tickets-110751100\" target=\"_self\" class=\"underline \" rel=\"noopener\">Lichtkunst-Event im Augsburger Zoo zieht Menschen aus der Stadt und der Region an:<\/a> Erstmals wurde die Zahl von 70.000 Besuchern erreicht, teilen die Veranstalter Christmas Garden Deutschland GmbH sowie Global Concerts GmbH mit. Vor allem auch die <a href=\"https:\/\/www.augsburger-allgemeine.de\/augsburg\/augsburg-christmas-garden-im-zoo-zusaetzlicher-familientag-und-neue-musik-104383444\" target=\"_self\" class=\"underline \" rel=\"noopener\">drei Familientage mit kleinen \u00dcberraschungen f\u00fcr Kinder,<\/a> Fotoautomaten f\u00fcr Erinnerungsbilder, einem Karussell und leuchtender Zuckerwatte wurden gut angenommen. Die Freude ist in Augsburg ebenfalls gro\u00df. Zoo-Chefin Barbara Jantschke sagt: \u201eDie wirklich erfreuliche Entwicklung des Christmas Garden Augsburg best\u00e4tigt unseren gemeinsamen Kurs und verdeutlicht eindrucksvoll das Potenzial erfolgreicher Partnerschaften.\u201c\n  <\/p>\n<p>    Christmas Garden Augsburg er\u00f6ffnet: Die sch\u00f6nsten Bilder<\/p>\n<p>      <a href=\"https:\/\/www.augsburger-allgemeine.de\/augsburg\/bildergalerie-christmas-garden-augsburg-eroeffnet-112883465\" class=\"undefined aspect-hdtv md:aspect-hdtv lg:aspect-hdtv w-fullXXX relative self-start block overflow-hidden\" target=\"_blank\" rel=\"noopener\"><\/p>\n<p>    <img decoding=\"async\" src=\"https:\/\/images.mgpd.de\/img\/112883427\/crop\/c16_9-w100\/1758548471\/1231734563\/mma9016jpg.jpg\" alt=\"Zoo Christmas Garden Augsburg \/ Augsburger Zoo\" title=\"Zoo Christmas Garden Augsburg \/ Augsburger Zoo\" class=\"h-full w-full object-cover\"\/><br \/>\n    <\/a><\/p>\n<p>    Besucherinnen und Besucher erwarten 30 Lichtkunstinstallationen im Augsburger Zoo. Wir haben die sch\u00f6nsten Motive in Bildern gesammelt.<\/p>\n<p class=\"mb-6 text-xs md:text-m lg:text-l font-serif group-[.font-sans]:font-sans \">\n    Die Veranstalter versuchen durch die j\u00e4hrlichen \u00c4nderungen der Installationen neuen und wiederkehrenden Besuchern etwas zu bieten. In diesem Jahr habe sich die romantische Fotokulisse \u201eLiebe vereint\u201c, mit \u00fcbergro\u00dfen leuchtenden Herzh\u00e4nden, umgeben von einer Vielzahl roter Herzen, zu einem der meistfotografierten und emotional st\u00e4rksten Motive der Saison entwickelt. Weitere Publikumsmagneten, die zu zahllosen Selfies einluden, bildeten die Milchstra\u00dfe und die Allee der Sterne mit funkelnden Sternen auf dem Wasser und in den B\u00e4umen.\n  <\/p>\n<p class=\"mb-6 text-xs md:text-m lg:text-l font-serif group-[.font-sans]:font-sans \">\n    Nach der erfolgreichen Saison blicken die Veranstalter bereits nach vorne. \u201eIn K\u00fcrze beginnen die kreativen Planungen f\u00fcr die vierte Saison des Christmas Garden Augsburg im kommenden Winter, auf die sich das Publikum jetzt schon freuen darf\u201c, verraten sie in einer Mitteilung.\n  <\/p>\n<ul data-module-id=\"DragDropModule\" class=\"flex flex-wrap justify-start group-[.no-bookmarks]:hidden\">\n<li class=\"mb-3 mr-3\">\n    Miriam Zissler<\/p>\n<p>      Icon Haken im Kreis gesetzt<\/p>\n<p>      Icon Plus im Kreis<\/p>\n<\/li>\n<li class=\"mb-3 mr-3\">\n    Zoo Augsburg<\/p>\n<p>      Icon Haken im Kreis gesetzt<\/p>\n<p>      Icon Plus im Kreis<\/p>\n<\/li>\n<li class=\"mb-3 mr-3\">\n    Augsburg<\/p>\n<p>      Icon Haken im Kreis gesetzt<\/p>\n<p>      Icon Plus im Kreis<\/p>\n<\/li>\n<\/ul>\n","protected":false},"excerpt":{"rendered":"Ab dem dritten Mal ist es eine Tradition, hei\u00dft es im Volksmund: Der Christmas Garden fand dieses Jahr&hellip;\n","protected":false},"author":2,"featured_media":714989,"comment_status":"","ping_status":"","sticky":false,"template":"","format":"standard","meta":{"footnotes":""},"categories":[1846],"tags":[680,164738,772,3364,29,548,663,3934,143428,30,13,14,15,12,121605],"class_list":{"0":"post-714988","1":"post","2":"type-post","3":"status-publish","4":"format-standard","5":"has-post-thumbnail","7":"category-augsburg","8":"tag-augsburg","9":"tag-barbara-jantschke","10":"tag-bayern","11":"tag-de","12":"tag-deutschland","13":"tag-eu","14":"tag-europa","15":"tag-europe","16":"tag-garden-augsburg","17":"tag-germany","18":"tag-headlines","19":"tag-nachrichten","20":"tag-news","21":"tag-schlagzeilen","22":"tag-zoo-augsburg"},"share_on_mastodon":{"url":"https:\/\/pubeurope.com\/@de\/115887632826594398","error":""},"_links":{"self":[{"href":"https:\/\/www.europesays.com\/de\/wp-json\/wp\/v2\/posts\/714988","targetHints":{"allow":["GET"]}}],"collection":[{"href":"https:\/\/www.europesays.com\/de\/wp-json\/wp\/v2\/posts"}],"about":[{"href":"https:\/\/www.europesays.com\/de\/wp-json\/wp\/v2\/types\/post"}],"author":[{"embeddable":true,"href":"https:\/\/www.europesays.com\/de\/wp-json\/wp\/v2\/users\/2"}],"replies":[{"embeddable":true,"href":"https:\/\/www.europesays.com\/de\/wp-json\/wp\/v2\/comments?post=714988"}],"version-history":[{"count":0,"href":"https:\/\/www.europesays.com\/de\/wp-json\/wp\/v2\/posts\/714988\/revisions"}],"wp:featuredmedia":[{"embeddable":true,"href":"https:\/\/www.europesays.com\/de\/wp-json\/wp\/v2\/media\/714989"}],"wp:attachment":[{"href":"https:\/\/www.europesays.com\/de\/wp-json\/wp\/v2\/media?parent=714988"}],"wp:term":[{"taxonomy":"category","embeddable":true,"href":"https:\/\/www.europesays.com\/de\/wp-json\/wp\/v2\/categories?post=714988"},{"taxonomy":"post_tag","embeddable":true,"href":"https:\/\/www.europesays.com\/de\/wp-json\/wp\/v2\/tags?post=714988"}],"curies":[{"name":"wp","href":"https:\/\/api.w.org\/{rel}","templated":true}]}}