{"id":715578,"date":"2026-01-13T17:21:22","date_gmt":"2026-01-13T17:21:22","guid":{"rendered":"https:\/\/www.europesays.com\/de\/715578\/"},"modified":"2026-01-13T17:21:22","modified_gmt":"2026-01-13T17:21:22","slug":"zeugensuche-in-gelsenkirchen-buer-und-erle-zwei-diebstaehle-in-seniorenwohnungen","status":"publish","type":"post","link":"https:\/\/www.europesays.com\/de\/715578\/","title":{"rendered":"Zeugensuche in Gelsenkirchen-Buer und -Erle: Zwei Diebst\u00e4hle in Seniorenwohnungen"},"content":{"rendered":"<p><b>Unbekannte T\u00e4ter haben am Montagnachmittag Schmuck und Bargeld aus Seniorenwohnungen in Buer und Erle gestohlen. Die Polizei sucht Zeugen und gibt wichtige Hinweise zur Pr\u00e4vention.<\/b><\/p>\n<p>Diebstahl von Schmuck und Bargeld in Seniorenwohnungen<\/p>\n<p>Am Montagnachmittag ereigneten sich zwei Vorf\u00e4lle, bei denen unbekannte T\u00e4ter Schmuck und Bargeld aus Wohnungen von Senioren entwendeten. Die Taten fanden in den Stadtteilen Buer und Erle statt.<\/p>\n<p>Vorfall in Buer: T\u00e4ter nutzt Vorwand<\/p>\n<p>Gegen 16 Uhr verschaffte sich ein Mann unter einem Vorwand Zutritt zu einer Wohnung in einem Mehrfamilienhaus an der Goldbergstra\u00dfe in Buer. Der T\u00e4ter bat die 95-j\u00e4hrige Bewohnerin darum, die Toilette benutzen zu d\u00fcrfen. Nachdem die Seniorin ihn in die Wohnung gelassen hatte, entwendete der Mann eine Schmuckschatulle und fl\u00fcchtete zu Fu\u00df in Richtung Ressestra\u00dfe. Laut Angaben der Gesch\u00e4digten und weiterer Zeugen war der T\u00e4ter etwa 1,75 Meter gro\u00df, zwischen 30 und 40 Jahre alt, hatte dunkle Haare und eine schmale Statur. Er soll Deutsch mit Akzent gesprochen und eine dunkelblaue Jacke mit rotem Kragen getragen haben.<\/p>\n<p>Vorfall in Erle: Zwei T\u00e4ter nutzen T\u00e4uschung<\/p>\n<p>Etwa eine halbe Stunde sp\u00e4ter ereignete sich ein \u00e4hnlicher Vorfall am Winkelmannshof in Erle. Zwei M\u00e4nner verschafften sich dort Zutritt zu einer Wohnung, indem sie vorgaben, Sanit\u00e4ranlagen \u00fcberpr\u00fcfen zu m\u00fcssen. W\u00e4hrend einer der T\u00e4ter die Wohnung betrat, blieb der andere an der T\u00fcr. Der erste Mann entwendete zwei K\u00e4stchen mit Bargeld und Schmuck. Anschlie\u00dfend fl\u00fcchteten beide in einem wei\u00dfen Kleinwagen in Richtung Frankampstra\u00dfe. Nach ersten Ermittlungen war der T\u00e4ter, der die Wohnung betrat, etwa 1,75 Meter gro\u00df, zwischen 30 und 40 Jahre alt, hatte eine athletisch-kr\u00e4ftige Statur, dunkle Haare in einer Kurzhaarfrisur und einen Vollbart. Er trug eine dunkelgr\u00fcne oder graue Jacke sowie eine dunkle Hose. Der zweite Mann soll etwas gr\u00f6\u00dfer gewesen sein und eine helle Hose getragen haben.<\/p>\n<p>Polizei sucht Zeugen und gibt Hinweise<\/p>\n<p>Die Polizei bittet Zeugen, die verd\u00e4chtige Beobachtungen in der Goldbergstra\u00dfe oder am Winkelmannshof gemacht haben, sich zu melden. Hinweise k\u00f6nnen unter den Telefonnummern 0209 365-8112 oder 0209 365-8240 gemeldet werden. Zudem warnt die Polizei davor, Fremde in die eigene Wohnung zu lassen. Es wird empfohlen, Unbekannte zu einem sp\u00e4teren Zeitpunkt wiederzubestellen, wenn eine Vertrauensperson anwesend ist.<\/p>\n<p>Dieser Beitrag stammt von presseportal.de und wurde mit Hilfe von KI erstellt.<\/p>\n<p>                <a id=\"like-anchor\"\/><\/p>\n<p>                    Dieser Inhalt gef\u00e4llt Ihnen?<\/p>\n<p>Melden Sie sich an, um diesen Inhalt mit \u00abGef\u00e4llt mir\u00bb zu markieren.<\/p>\n<p>            \u00d7<\/p>\n<p>        <a href=\"#\" data-trigger-click-on-space-or-enter=\"\" class=\"button ggm-like-button hollow\" title=\"Gef\u00e4llt mir\" data-open=\"like-conversion-69667f10dae3b\"><\/p>\n<p>        <\/a><\/p>\n<p>\n        Gef\u00e4llt <strong>0<\/strong> mal<br \/>\n        0\n    <\/p>\n<p>            <a href=\"https:\/\/www.lokalkompass.de\/essen\/profile-485436\/lokalkompass-blaulicht\" class=\"stop-click-event-propagation\" target=\"_blank\" rel=\"noopener\">    <\/p>\n<p>                                                                            <img class=\"imagecontainer\" decoding=\"auto\" data-aspect-ratio=\"1\" src=\"https:\/\/media04.lokalkompass.de\/user\/2025\/09\/24\/4\/117244_L.webp?1758724678\" style=\"object-position: 43% 47%;\" data-object-position=\"43% 47%\" bad-src=\"data:image\/gif;base64,R0lGODlhAQABAIAAAAAAAP\/\/\/yH5BAEAAAAALAAAAAABAAEAAAIBRAA7\"\/><\/p>\n<p>        <\/a><\/p>\n<p>                    Sie m\u00f6chten diesem Profil folgen?<\/p>\n<p>Verpassen Sie nicht die neuesten Inhalte von diesem Profil: Melden Sie sich an, um neuen Inhalten von Profilen und Orten in Ihrem <strong>pers\u00f6nlichen Feed<\/strong> zu folgen.<\/p>\n<p>            \u00d7<\/p>\n<p>\n            <strong>13<\/strong> folgen diesem Profil\n        <\/p>\n","protected":false},"excerpt":{"rendered":"Unbekannte T\u00e4ter haben am Montagnachmittag Schmuck und Bargeld aus Seniorenwohnungen in Buer und Erle gestohlen. Die Polizei sucht&hellip;\n","protected":false},"author":2,"featured_media":715579,"comment_status":"","ping_status":"","sticky":false,"template":"","format":"standard","meta":{"footnotes":""},"categories":[1839],"tags":[7507,3364,29,30,1209],"class_list":{"0":"post-715578","1":"post","2":"type-post","3":"status-publish","4":"format-standard","5":"has-post-thumbnail","7":"category-bochum","8":"tag-bochum","9":"tag-de","10":"tag-deutschland","11":"tag-germany","12":"tag-nordrhein-westfalen"},"share_on_mastodon":{"url":"https:\/\/pubeurope.com\/@de\/115888946261935022","error":""},"_links":{"self":[{"href":"https:\/\/www.europesays.com\/de\/wp-json\/wp\/v2\/posts\/715578","targetHints":{"allow":["GET"]}}],"collection":[{"href":"https:\/\/www.europesays.com\/de\/wp-json\/wp\/v2\/posts"}],"about":[{"href":"https:\/\/www.europesays.com\/de\/wp-json\/wp\/v2\/types\/post"}],"author":[{"embeddable":true,"href":"https:\/\/www.europesays.com\/de\/wp-json\/wp\/v2\/users\/2"}],"replies":[{"embeddable":true,"href":"https:\/\/www.europesays.com\/de\/wp-json\/wp\/v2\/comments?post=715578"}],"version-history":[{"count":0,"href":"https:\/\/www.europesays.com\/de\/wp-json\/wp\/v2\/posts\/715578\/revisions"}],"wp:featuredmedia":[{"embeddable":true,"href":"https:\/\/www.europesays.com\/de\/wp-json\/wp\/v2\/media\/715579"}],"wp:attachment":[{"href":"https:\/\/www.europesays.com\/de\/wp-json\/wp\/v2\/media?parent=715578"}],"wp:term":[{"taxonomy":"category","embeddable":true,"href":"https:\/\/www.europesays.com\/de\/wp-json\/wp\/v2\/categories?post=715578"},{"taxonomy":"post_tag","embeddable":true,"href":"https:\/\/www.europesays.com\/de\/wp-json\/wp\/v2\/tags?post=715578"}],"curies":[{"name":"wp","href":"https:\/\/api.w.org\/{rel}","templated":true}]}}