{"id":715590,"date":"2026-01-13T17:27:15","date_gmt":"2026-01-13T17:27:15","guid":{"rendered":"https:\/\/www.europesays.com\/de\/715590\/"},"modified":"2026-01-13T17:27:15","modified_gmt":"2026-01-13T17:27:15","slug":"handball-em-2026-ehf-euro-live-frankreich-kader-nedim-remili","status":"publish","type":"post","link":"https:\/\/www.europesays.com\/de\/715590\/","title":{"rendered":"Handball EM 2026 EHF EURO Live Frankreich Kader Nedim Remili"},"content":{"rendered":"<p><a href=\"https:\/\/sport4final.de\/sport-aktuell\/handball\/handball-em-2026-ehf-euro\/\" target=\"_blank\" rel=\"noopener\"><img fetchpriority=\"high\" decoding=\"async\" class=\"lazy lazy-hidden wp-image-75018\" title=\"Handball EM 2026 EHF EURO Team Frankreich - Copyright: FFHandball Iconsport\" data-lazy-type=\"image\" src=\"https:\/\/www.europesays.com\/de\/wp-content\/uploads\/2026\/01\/Handball-EM-2026-EHF-EURO-Team-Frankreich-1.jpg\" alt=\"Handball EM 2026 EHF EURO Team Frankreich - Copyright: FFHandball Iconsport\" width=\"1177\" height=\"500\"  \/><\/a>Handball EM 2026 EHF EURO Team Frankreich \u2013 Copyright: FFHandball Iconsport<strong>Der gestern bekanntgegebene franz\u00f6sische EM-Kader hat sich drastisch ver\u00e4ndert: Nach Untersuchungen am Montagnachmittag best\u00e4tigte Guillaume Gille den R\u00fcckzug von <a style=\"color: #0000ff;\" href=\"https:\/\/sport4final.de\/sport-archiv\/zeppi-news\/handball-em-2024-live\/handball-em-2024-live-ehf-euro-finale-frankreich-daenemark\/2024\/01\/28\/\" target=\"_blank\" rel=\"noopener\">Nedim Remili, MVP der EHF EURO 2024 in Deutschland<\/a>. Aymeric Zaepfel r\u00fcckt damit in den 18-k\u00f6pfigen Kader nach, der am Dienstagnachmittag nach Oslo reiste.<\/strong><b>Handball <\/b><b><a style=\"color: #000000;\" href=\"https:\/\/sport4final.de\/sportnachrichten-news\/\" target=\"_blank\" rel=\"noopener\">Sportnachrichten<\/a><\/b><b>:\u00a0 <a style=\"color: #000000;\" href=\"https:\/\/de.wikipedia.org\/wiki\/Handball-Europameisterschaft_der_M%C3%A4nner_2026\" target=\"_blank\" rel=\"noopener\">24 Nationen<\/a> nehmen an der <a style=\"color: #000000;\" href=\"https:\/\/ehfeuro.eurohandball.com\/men\/2026\/\" target=\"_blank\" rel=\"noopener\">Europameisterschaft<\/a> teil, die vom 15. Januar bis 1. Februar 2026 in D\u00e4nemark, <a style=\"color: #000000;\" href=\"https:\/\/sport4final.de\/sport-aktuell\/handball\/handball-em-2026-ehf-euro\/handball-em-ehf-euro-europameisterschaften-sieger-1994-bis-2024\/2026\/01\/12\/\" target=\"_blank\" rel=\"noopener\">Schweden<\/a> und Norwegen ausgetragen wird.<\/b><a style=\"color: #0000ff; background-color: #ffff00;\" href=\"https:\/\/sport4final.de\/sport-aktuell\/sport4final-live-handball\/handball-em-2026-ehf-euro-sportnachrichten-live-zeppi\/2025\/10\/31\/\" target=\"_blank\" rel=\"noopener\"><strong>Handball EM 2026 EHF EURO M\u00e4nner: SPORT4FINAL LIVE<\/strong><\/a><a style=\"color: #0000ff; background-color: #ffff00;\" href=\"https:\/\/sport4final.de\/sport-aktuell\/handball\/handball-em-2026-ehf-euro\/handball-em-2026-ehf-euro-deutschland-halbfinale-alfred-gislason\/2026\/01\/09\/\" target=\"_blank\" rel=\"noopener\"><strong>Mission Halbfinale: Deutschland vor \u201eSekt-oder-Selters\u201c EURO<\/strong><\/a><a style=\"color: #0000ff;\" href=\"https:\/\/sport4final.de\/sport-aktuell\/handball\/handball-em-2026-ehf-euro\/handball-em-2026-ehf-euro-maenner-deutschland-dhb-alfred-gislason-ranking\/2026\/01\/08\/\" target=\"_blank\" rel=\"noopener\"><strong>Handball Deutschland M\u00e4nner: Alfred Gislasons Event Ranking<\/strong><\/a><a style=\"color: #0000ff;\" href=\"https:\/\/sport4final.de\/sport-aktuell\/handball\/nationalmannschaft-handball\/alfred-gislason-deutschland-handball-dhb-erfolg\/2020\/02\/14\/\" target=\"_blank\" rel=\"noopener\"><strong>Alfred Gislason und die Wahrscheinlichkeit seines Erfolges<\/strong><\/a><a style=\"color: #0000ff;\" href=\"https:\/\/sport4final.de\/sport-aktuell\/handball\/handball-em-2026-ehf-euro\/handball-em-2026-ehf-euro-maenner-deutschland-erfolgs-praemien\/2026\/01\/13\/\" target=\"_blank\" rel=\"noopener\"><strong>EHF EURO 2026 Deutschlands Erfolgs-Pr\u00e4mien<\/strong><\/a><a style=\"color: #0000ff;\" href=\"https:\/\/sport4final.de\/sport-aktuell\/handball\/handball-em-2026-ehf-euro\/handball-em-2026-ehf-euro-maenner-sportnachrichten-europameisterschaft-spielplan-modus\/2025\/10\/29\/\" target=\"_blank\" rel=\"noopener\"><strong>Handball EM 2026 EHF EURO M\u00e4nner: Spielplan. Modus<\/strong><\/a><b><a style=\"color: #000080;\" href=\"https:\/\/sport4final.de\/sport-aktuell\/sport4final-live-handball\/\" target=\"_blank\" rel=\"noopener\">13.01.2026<\/a> \u2013 <a style=\"color: #000080;\" href=\"https:\/\/www.ffhandball.fr\/\" target=\"_blank\" rel=\"noopener\">PM FFHandball<\/a>\u00a0\/ <a style=\"color: #000080;\" href=\"https:\/\/sport4final.de\/sport-aktuell\/olympia\/paris-2024\/\" target=\"_blank\" rel=\"noopener\">SPORT4FINAL<\/a> <a style=\"color: #000080;\" href=\"https:\/\/sport4final.de\/sport-aktuell\/kommentar\/\" target=\"_blank\" rel=\"noopener\">Sport<\/a> <a style=\"color: #000080;\" href=\"https:\/\/sport4final.de\/sport-aktuell\/paralympics\/paralympics-2024-paris\/\" target=\"_blank\" rel=\"noopener\">News<\/a> <a style=\"color: #000080;\" href=\"https:\/\/sport4final.de\/sport-aktuell\/kommentar\/\" target=\"_blank\" rel=\"noopener\">Live<\/a> \/ <a style=\"color: #000080;\" href=\"https:\/\/sport4final.de\/frank-zepp-autor-presse-media\/\" target=\"_blank\" rel=\"noopener\">Frank Zepp<\/a>:<\/b><\/p>\n<p style=\"text-align: justify;\" align=\"JUSTIFY\"><b>Handball EM 2026 EHF EURO <a style=\"color: #000000;\" href=\"https:\/\/sport4final.de\/sport4final-sports\/sport4final-sportnachrichten\/2025\/07\/02\/\" target=\"_blank\" rel=\"noopener\">M\u00e4nner<\/a> <a style=\"color: #000000;\" href=\"https:\/\/sport4final.de\/sportnachrichten-aktuell\/\" target=\"_blank\" rel=\"noopener\">Sportnachrichten<\/a>: <\/b>\u201eW\u00e4hrend seiner Reha nach seiner Oberschenkelverletzung versp\u00fcrte <a style=\"color: #0000ff;\" href=\"https:\/\/sport4final.de\/sport-aktuell\/interview\/interview-video\/handball-wm-2023-nedim-remili-video-interview\/2023\/01\/27\/\" target=\"_blank\" rel=\"noopener\">Nedim<\/a> Schmerzen in der Wade desselben Beins, die dringende Untersuchungen erforderlich machten. Diese ergaben leider eine akute Verletzung, die seine Teilnahme an der EM ausschlie\u00dft\u201c, erkl\u00e4rte Emmanuel Bidet, Mannschaftsarzt der franz\u00f6sischen Nationalmannschaft. \u201eNedims Absage ist angesichts seiner Erfahrung und seines Einflusses auf das Spiel alles andere als unbedeutend. Wir m\u00fcssen den Kader von 18 Spielern nun neu zusammenstellen\u201c, so Guillaume Gille.<\/p>\n<p style=\"text-align: justify;\" align=\"JUSTIFY\">Nach dieser Ank\u00fcndigung wandte sich Nedim Remili an seine Teamkollegen: \u201eLeute, wir haben hart gearbeitet, um in Bestform zu sein. Ich w\u00fcnsche euch alles Gute f\u00fcr euren gro\u00dfen Auftritt. Ich bin aus der Ferne bei euch und w\u00fcnsche euch viel Gl\u00fcck und Freude. Und an die Neuzug\u00e4nge: Genie\u00dft euer erstes Spiel! Haltet zusammen und k\u00e4mpft bis zum Schluss!\u201c<\/p>\n<p style=\"text-align: justify;\" align=\"JUSTIFY\">Am Tag vor dem ersten EM-Spiel (Frankreich gegen Tschechien, 15. Januar, 18:00 Uhr) muss Cheftrainer Guillaume Gille im Rahmen der technischen Besprechung eine Liste mit 20 Spielern (aus dem am 2. Dezember bekanntgegebenen 35-Mann-Kader) bei der EHF einreichen. Aus dieser Liste w\u00e4hlt er f\u00fcr jedes Spiel 16 Spieler aus. W\u00e4hrend der Europameisterschaft kann der Trainer sechs \u00c4nderungen am 35-Mann-Kader vornehmen: Zwei in der Vorrunde, zwei in der Hauptrunde und zwei in der Finalrunde.<\/p>\n<p><a href=\"https:\/\/sport4final.de\/sportnachrichten-aktuell\/\" target=\"_blank\" rel=\"noopener\"><img loading=\"lazy\" decoding=\"async\" class=\"lazy lazy-hidden wp-image-75015\" title=\"Handball EM 2026 EHF EURO Frankreich Kader - Copyright: France Handball\" data-lazy-type=\"image\" src=\"https:\/\/www.europesays.com\/de\/wp-content\/uploads\/2026\/01\/Handball-EM-2026-EHF-EURO-Frankreich-Kader.jpg\" alt=\"Handball EM 2026 EHF EURO Frankreich Kader - Copyright: France Handball\" width=\"1200\" height=\"550\"  \/><\/a>Handball EM 2026 EHF EURO Frankreich Kader \u2013 Copyright: France Handball<strong style=\"background-color: #ffff00;\"><a style=\"color: #000080; background-color: #ffff00; text-decoration: underline;\" href=\"https:\/\/sport4final.de\/sport-aktuell\/kommentar\/\" target=\"_blank\" rel=\"noopener\">Aktuelle Kommentare<\/a>:<\/strong><\/p>\n<p style=\"text-align: justify;\" align=\"JUSTIFY\"><a style=\"color: #0000ff;\" href=\"https:\/\/sport4final-live.com\/sport\/handball\/handball-em-2026\/handball-em-2026-ehf-euro-deutschland-alfred-gislason-mission-halbfinale\/2026\/01\/10\/\" target=\"_blank\" rel=\"noopener\"><strong>Handball EM 2026: Deutschland vor Mission Halbfinale<\/strong><\/a><\/p>\n<p style=\"text-align: justify;\" align=\"JUSTIFY\"><a style=\"color: #0000ff;\" href=\"https:\/\/sport4final-live.com\/sport\/handball\/handball-em-2026\/handball-em-2026-ehf-euro-maenner-deutschland-dhb-alfred-gislason-world-ranking\/2026\/01\/10\/\" target=\"_blank\" rel=\"noopener\"><strong>Alfred Gislason. Statistik der Erfolge. World Ranking<\/strong><\/a><\/p>\n<p style=\"text-align: justify;\"><a style=\"color: #0000ff;\" href=\"https:\/\/sport4final-live.com\/sport\/handball\/handball-wm-2025\/handball-wm-2025-frauen-weltmeisterschaft-kommentar-deutschland-silber-maerchen\/2026\/01\/07\/\" target=\"_blank\" rel=\"noopener\"><strong>Kommentar: Deutschlands Silberm\u00e4rchen<\/strong><\/a><\/p>\n<p><a style=\"color: #0000ff;\" href=\"https:\/\/sport4final.de\/sportgeschichte\/blick-zuruck\/jahresrueckblick-sport-2025\/jahresrueckblick-sport-2025-sport4final-media\/2025\/12\/29\/\" target=\"_blank\" rel=\"noopener\"><strong>JahresR\u00fcckblick Sport 2025 SPORT4FINAL Media<\/strong><\/a><\/p>\n<p><a style=\"color: #0000ff;\" href=\"https:\/\/sport4final.de\/sport-aktuell\/handball\/handball-wm-2025\/handball-wm-2025-frauen-weltmeisterschaft-kommentar-sportnachrichten-deutschland-dhb-silber\/2025\/12\/20\/\" target=\"_blank\" rel=\"noopener\"><strong>Kommentar Handball WM 2025 Frauen \u2013 Der erfolgreiche Schritt<\/strong><\/a><\/p>\n<p style=\"text-align: justify;\"><a style=\"color: #0000ff; background-color: #ffffff;\" href=\"https:\/\/sport4final.de\/sportgeschichte\/blick-zuruck\/handball-legendaere-handball-trainer-deutschland\/2024\/01\/11\/\" target=\"_blank\" rel=\"noopener\"><strong>Sportgeschichte: Deutschlands legend\u00e4re Handball-Trainer<\/strong><\/a><\/p>\n<p style=\"text-align: justify;\"><a style=\"color: #0000ff; background-color: #ffffff;\" href=\"https:\/\/sport4final.de\/sport-aktuell\/handball\/handball-wm-2025\/handball-wm-2025-live-frauen-weltmeisterschaft-finale-deutschland-norwegen\/2025\/12\/14\/\" target=\"_blank\" rel=\"noopener\"><strong>Handball WM Finale Frauen Deutschland vs. Norwegen<\/strong><\/a><\/p>\n<p style=\"text-align: justify;\"><a style=\"color: #0000ff;\" href=\"https:\/\/sport4final.de\/sport-aktuell\/leichtathletik\/leichtathletik-wm-2025\/leichtathletik-wm-2025-tokio-weltmeisterschaften-sportnachrichten-wm-leistungen-dlv-team-deutschland-bilanz\/2025\/09\/22\/\" target=\"_blank\" rel=\"noopener\"><strong>Leichtathletik WM 2025 Tokio: Mini-turnaround. Stagnation in der Breite. DLV Bilanz durchwachsen<\/strong><\/a><\/p>\n<p><a style=\"color: #0000ff;\" href=\"https:\/\/sport4final.de\/sport-aktuell\/leichtathletik\/leichtathletik-ultimate-wm\/leichtathletik-ultimate-wm-2026-budapest-armand-mondo-duplantis-ultimate-star\/2025\/08\/13\/\" target=\"_blank\" rel=\"noopener\"><strong>Leichtathletik: Armand \u201eMondo\u201c Duplantis erster Ultimate Star<\/strong><\/a><\/p>\n<p style=\"text-align: justify;\"><a style=\"color: #0000ff;\" href=\"https:\/\/sport4final.de\/sport-aktuell\/leichtathletik\/leichtathletik-dm-2025\/leichtathletik-dm-2025-dresden-ergebnisse-gute-stimmung-weltklasse-leistungen-mangelware-medaillenhoffnungen-tokio\/2025\/08\/04\/\" target=\"_blank\" rel=\"noopener\"><strong>Leichtathletik DM: Gute Stimmung. Weltklasse-Leistungen Mangelware<\/strong><\/a><\/p>\n<p><a style=\"color: #0000ff;\" href=\"https:\/\/sport4final.de\/musik-legenden\/leslie-mandoki-soulmates-musik-legende-rueckblick\/2025\/08\/21\/\" target=\"_blank\" rel=\"noopener\"><strong>Die Weltkarriere von Musik-Legende Leslie Mandoki. Ein R\u00fcckblick von Gunnar Meinhardt<\/strong><\/a><\/p>\n<p style=\"text-align: justify;\"><a style=\"color: #0000ff;\" href=\"https:\/\/sport4final.de\/sport-aktuell\/fussball\/fussball-em-2025\/fussball-em-2025-uefa-euro-kommentar-deutschland-dfb-performance-weltspitze-qualitaet\/2025\/07\/24\/\" target=\"_blank\" rel=\"noopener\"><strong>Fu\u00dfball EM 2025 Kommentar: Deutschland mit durchschnittlicher Performance. Keine Weltspitze. Qualit\u00e4tsfrage<\/strong><\/a><\/p>\n<p style=\"text-align: justify;\"><a style=\"color: #0000ff;\" href=\"https:\/\/sport4final.de\/sport-aktuell\/handball\/champions-league-maenner\/ehf-final4-koeln-2025\/handball-ehf-final4-live-finale-champions-league-fuechse-berlin-sc-magdeburg\/2025\/06\/15\/\" target=\"_blank\" rel=\"noopener\"><strong>SC Magdeburg Europa-Champion mit Siegergen, Qualit\u00e4t, Mentalit\u00e4t<\/strong><\/a><\/p>\n<p style=\"text-align: justify;\"><a style=\"color: #0000ff;\" href=\"https:\/\/sport4final.de\/sport4final-sports\/sport4final-sportnachrichten\/2025\/07\/02\/\" target=\"_blank\" rel=\"noopener\"><strong>Sportnachrichten<\/strong><\/a><\/p>\n<p><a style=\"color: #0000ff;\" href=\"https:\/\/sport4final.de\/sport-aktuell\/handball\/handball-em-2026-ehf-euro\/handball-em-2026-ehf-euro-maenner-sportnachrichten-europameisterschaft-spielplan-modus\/2025\/10\/29\/\" target=\"_blank\" rel=\"noopener\"><strong>Handball EM 2026 EHF EURO M\u00e4nner: Spielplan. Modus<\/strong><\/a><\/p>\n<p style=\"text-align: justify;\"><a style=\"color: #0000ff;\" href=\"https:\/\/sport4final.de\/sport-aktuell\/handball\/handball-em-2026-frauen\/\" target=\"_blank\" rel=\"noopener\"><strong>Handball EM 2026 EHF EURO Frauen<\/strong><\/a><\/p>\n<p style=\"text-align: justify;\"><a style=\"color: #0000ff;\" href=\"https:\/\/sport4final.de\/sport-aktuell\/handball\/handball-em-2026-ehf-euro\/\" target=\"_blank\" rel=\"noopener\"><strong>Handball EM 2026 EHF EURO M\u00e4nner<\/strong><\/a><\/p>\n<p style=\"text-align: justify;\"><a style=\"color: #0000ff;\" href=\"https:\/\/vetovotes.net\/sport\/kommentar\/handball-wm-2025-kommentar-deutschland-performance-alfred-gislason\/2025\/02\/05\/\" target=\"_blank\" rel=\"noopener\"><strong>Handball Performance: Gescheiterter erfolgloser Alfred Gislason<\/strong><\/a><\/p>\n<p style=\"text-align: justify;\"><a style=\"color: #0000ff;\" href=\"https:\/\/sport4final.de\/sport-aktuell\/handball\/handball-wm-2025-ihf\/handball-wm-2025-live-weltmeisterschaft-finale-kroatien-daenemark\/2025\/02\/02\/\" target=\"_blank\" rel=\"noopener\"><strong>D\u00e4nemark unbezwingbar. 4. historischer Titel. All-Star-Team<\/strong><\/a><\/p>\n<p style=\"text-align: justify;\"><a style=\"color: #0000ff;\" href=\"https:\/\/sport4final.de\/sport-aktuell\/handball\/handball-wm-2025-ihf\/handball-wm-2025-bilanz-deutschland-dhb-alfred-gislason\/2025\/02\/02\/\" target=\"_blank\" rel=\"noopener\"><strong>WM Bilanz Deutschland \u2013 Der gescheiterte Alfred Gislason<\/strong><\/a><\/p>\n<p style=\"text-align: justify;\"><a style=\"color: #0000ff;\" href=\"https:\/\/sport4final.de\/sport-aktuell\/handball\/handball-wm-2025-ihf\/handball-wm-2025-weltmeisterschaft-kommentar-deutschland-gislason-performance-weltklasse\/2025\/01\/31\/\" target=\"_blank\" rel=\"noopener\"><strong>Performance-R\u00fcckschritt nach Olympia-Wunder: Gislason wieder erfolglos<\/strong><\/a><\/p>\n<p style=\"text-align: justify;\"><a style=\"color: #0000ff;\" href=\"https:\/\/vetovotes.net\/sport\/kommentar\/handball-em-2024-ehf-euro-deutschland-dhb-bronze-stagnation\/2024\/12\/20\/\" target=\"_blank\" rel=\"noopener\"><strong>Von der 2007er Bronzemedaille in die jahrelange Stagnation<\/strong><\/a><\/p>\n<p style=\"text-align: justify;\"><a style=\"color: #0000ff;\" href=\"https:\/\/sport4final.de\/sport-aktuell\/kommentar\/handball-em-2024-ehf-euro-kommentar-deutschland-dhb\/2024\/12\/19\/\" target=\"_blank\" rel=\"noopener\"><strong>Kommentar: Keine Heim-WM-Euphorie entfacht<\/strong><\/a><\/p>\n<p><a style=\"color: #0000ff; background-color: #ffffff;\" href=\"https:\/\/sport4final.de\/sport-aktuell\/leichtathletik\/olympia-paris-2024-olympics-leichtathletik-live-sternstunden-yemisi-ogunleye-nafissatou-thiam\/2024\/08\/10\/\" target=\"_blank\" rel=\"noopener\"><strong>Leichtathletik Live Sternstunden: Yemisi Ogunleye und Nafissatou Thiam<\/strong><\/a><\/p>\n<p><a style=\"color: #0000ff; background-color: #ffffff;\" href=\"https:\/\/sport4final.de\/sport-aktuell\/handball\/nationalmannschaft-handball\/handball-dhb-deutschland-alfred-gislason\/olympia-paris-2024-olympics-live-handball-maenner-finale-deutschland-daenemark\/2024\/08\/10\/\" target=\"_blank\" rel=\"noopener\"><strong>Handball M\u00e4nner Finale: D\u00e4nemark demontierte Deutschland<\/strong><\/a><\/p>\n<p style=\"text-align: justify;\"><a style=\"color: #0000ff; background-color: #ffffff;\" href=\"https:\/\/sport4final.de\/sport-aktuell\/kommentar\/fussball-em-2024-uefa-euro-kommentar-deutschland-performance-dfb-weltspitze-qualitaet\/2024\/07\/06\/\" target=\"_blank\" rel=\"noopener\"><strong>Fu\u00dfball EM 2024 Kommentar: Deutschland mit Performance-turnaround. DFB-Elf keine Weltspitze. Eine Qualit\u00e4ts-Frage!<\/strong><\/a><\/p>\n<p style=\"text-align: justify;\"><a style=\"color: #0000ff;\" href=\"https:\/\/sport4final.online\/sport\/kommentar\/handball-em-2024-kommentar-deutschland-alfred-gislason-dhb-performance\/2024\/03\/29\/\" target=\"_blank\" rel=\"noopener\"><strong>Kommentar: Alfred Gislason nach Performance-Kriterien gescheitert<\/strong><\/a><\/p>\n<p style=\"text-align: justify;\" align=\"JUSTIFY\"><a style=\"color: #0000ff;\" href=\"https:\/\/sport4final.de\/sport-aktuell\/kommentar\/handball-em-2024-ehf-euro-deutschland-performance-dhb-vertrag-alfred-gislason\/2024\/01\/31\/\" target=\"_blank\" rel=\"noopener\"><b>Deutschlands EM-Performance spricht gegen DHB-Vertragsverl\u00e4ngerung mit Alfred Gislason<\/b><\/a><\/p>\n<p style=\"text-align: justify;\" align=\"JUSTIFY\"><a style=\"color: #0000ff;\" href=\"https:\/\/sport4final.de\/sport-aktuell\/kommentar\/fussball-wm-2022-katar-fifa-weltmeisterschaft-deutschland-qualitaet-mentalitaet-weltklasse\/2022\/12\/02\/\" target=\"_blank\" rel=\"noopener\"><strong>Fu\u00dfball WM: Deutschland ohne Qualit\u00e4t, Mentalit\u00e4t, Weltklasse<\/strong><\/a><\/p>\n<p style=\"text-align: justify;\" align=\"JUSTIFY\"><strong><a style=\"color: #0000ff;\" href=\"https:\/\/sport4final.de\/sport-aktuell\/\" target=\"_blank\" rel=\"noopener\"><b>Sport Aktuell<\/b><\/a><\/strong><\/p>\n<p align=\"JUSTIFY\"><strong><a style=\"color: #000080;\" href=\"https:\/\/vetovotes.net\/\" target=\"_blank\" rel=\"noopener\">VETOVOTES:<\/a>\u00a0 <a style=\"color: #000080;\" href=\"https:\/\/vetovotes.net\/politik\/\" target=\"_blank\" rel=\"noopener\">Politik<\/a>\u00a0 <a style=\"color: #000080;\" href=\"https:\/\/vetovotes.net\/geschichte\/\" target=\"_blank\" rel=\"noopener\">Geschichte<\/a>\u00a0 <a style=\"color: #000080;\" href=\"https:\/\/vetovotes.net\/sport\/\" target=\"_blank\" rel=\"noopener\">Sport<\/a> \u00a0<a style=\"color: #000080;\" href=\"https:\/\/vetovotes.net\/frank-zepp-media\/\" target=\"_blank\" rel=\"noopener\">Media<\/a> \u00a0<a style=\"color: #000080;\" href=\"https:\/\/vetovotes.net\/sport\/handball\/\" target=\"_blank\" rel=\"noopener\">Handball<\/a>\u00a0 <a style=\"color: #000080;\" href=\"https:\/\/vetovotes.net\/sport\/handball\/handball-em-2024-frauen-ehf-euro-deutschland-stagnation-gaugisch\/2024\/12\/12\/\" target=\"_blank\" rel=\"noopener\">Stagnation<\/a>\u00a0 <a style=\"color: #000080;\" href=\"https:\/\/vetovotes.net\/sport\/video-interview\/handball-em-2024-ehf-euro-frauen-thorir-hergeirsson-video-interview\/2024\/12\/14\/\" target=\"_blank\" rel=\"noopener\">Hergeirsson<\/a>\u00a0 <a style=\"color: #000080;\" href=\"https:\/\/vetovotes.net\/sport4final\/\" target=\"_blank\" rel=\"noopener\">SPORT4FINAL<\/a>\u00a0 <a style=\"color: #000080;\" href=\"https:\/\/sport4final.biz\/\" target=\"_blank\" rel=\"noopener\">TIMES<\/a>\u00a0 <a style=\"color: #000080;\" href=\"https:\/\/sport4final.online\/\" target=\"_blank\" rel=\"noopener\">ONLINE<\/a>\u00a0 <a style=\"color: #000080;\" href=\"https:\/\/sport4final-live.com\/\" target=\"_blank\" rel=\"noopener\">LIVE<\/a><\/strong><\/p>\n<p>Beitragsnavigation<\/p>\n","protected":false},"excerpt":{"rendered":"Handball EM 2026 EHF EURO Team Frankreich \u2013 Copyright: FFHandball IconsportDer gestern bekanntgegebene franz\u00f6sische EM-Kader hat sich drastisch&hellip;\n","protected":false},"author":2,"featured_media":715591,"comment_status":"","ping_status":"","sticky":false,"template":"","format":"standard","meta":{"footnotes":""},"categories":[3974],"tags":[331,332,101168,164899,164900,146839,137143,164901,164902,164903,164904,164905,59355,548,663,11400,3934,3980,142346,156,164906,1391,164907,164908,164909,164910,164911,164912,164913,164914,142349,142350,37984,161564,13,164915,164916,164917,14,164918,15,164919,164920,12,15463,142355,15462,142356,149555,149556,164921,142357,142358,101685,4605,164922],"class_list":{"0":"post-715590","1":"post","2":"type-post","3":"status-publish","4":"format-standard","5":"has-post-thumbnail","7":"category-frankreich","8":"tag-aktuelle-nachrichten","9":"tag-aktuelle-news","10":"tag-aufgebot","11":"tag-aymeric-minne","12":"tag-aymeric-zaepfel","13":"tag-charles-bolzinger","14":"tag-dika-mem","15":"tag-dylan-nahi","16":"tag-ehf-euro","17":"tag-elohim-prandi","18":"tag-em-kader","19":"tag-emmanuel-bidet","20":"tag-equipe-tricolore","21":"tag-eu","22":"tag-europa","23":"tag-europameisterschaft","24":"tag-europe","25":"tag-france","26":"tag-frank-zepp","27":"tag-frankreich","28":"tag-guillaume-gille","29":"tag-handball","30":"tag-handball-ehf-euro-2026","31":"tag-handball-em-2026-ehf-euro","32":"tag-handball-em-2026-live","33":"tag-handball-em-2026-maenner","34":"tag-handball-em-2026-sport4final-live","35":"tag-handball-europameisterschaft","36":"tag-handball-nationalmannschaft-deutschland","37":"tag-handball-nationalmannschaft-maenner","38":"tag-handball-news","39":"tag-handball-sportnachrichten","40":"tag-handball-em","41":"tag-handball-em-2026","42":"tag-headlines","43":"tag-hugo-descat","44":"tag-ludovic-fabregas","45":"tag-melvyn-richardson","46":"tag-nachrichten","47":"tag-nedim-remili","48":"tag-news","49":"tag-nicolas-tournat","50":"tag-remi-desbonnet","51":"tag-schlagzeilen","52":"tag-sport-aktuell","53":"tag-sport-nachrichten","54":"tag-sport-news","55":"tag-sport4final","56":"tag-sport4final-live","57":"tag-sport4final-live-handball","58":"tag-sport4final-media","59":"tag-sport4final-sport-news","60":"tag-sport4final-sportnachrichten","61":"tag-sportnachrichten","62":"tag-sports","63":"tag-yanis-lenne"},"share_on_mastodon":{"url":"","error":"Validation failed: Text character limit of 500 exceeded"},"_links":{"self":[{"href":"https:\/\/www.europesays.com\/de\/wp-json\/wp\/v2\/posts\/715590","targetHints":{"allow":["GET"]}}],"collection":[{"href":"https:\/\/www.europesays.com\/de\/wp-json\/wp\/v2\/posts"}],"about":[{"href":"https:\/\/www.europesays.com\/de\/wp-json\/wp\/v2\/types\/post"}],"author":[{"embeddable":true,"href":"https:\/\/www.europesays.com\/de\/wp-json\/wp\/v2\/users\/2"}],"replies":[{"embeddable":true,"href":"https:\/\/www.europesays.com\/de\/wp-json\/wp\/v2\/comments?post=715590"}],"version-history":[{"count":0,"href":"https:\/\/www.europesays.com\/de\/wp-json\/wp\/v2\/posts\/715590\/revisions"}],"wp:featuredmedia":[{"embeddable":true,"href":"https:\/\/www.europesays.com\/de\/wp-json\/wp\/v2\/media\/715591"}],"wp:attachment":[{"href":"https:\/\/www.europesays.com\/de\/wp-json\/wp\/v2\/media?parent=715590"}],"wp:term":[{"taxonomy":"category","embeddable":true,"href":"https:\/\/www.europesays.com\/de\/wp-json\/wp\/v2\/categories?post=715590"},{"taxonomy":"post_tag","embeddable":true,"href":"https:\/\/www.europesays.com\/de\/wp-json\/wp\/v2\/tags?post=715590"}],"curies":[{"name":"wp","href":"https:\/\/api.w.org\/{rel}","templated":true}]}}