{"id":715605,"date":"2026-01-13T17:35:13","date_gmt":"2026-01-13T17:35:13","guid":{"rendered":"https:\/\/www.europesays.com\/de\/715605\/"},"modified":"2026-01-13T17:35:13","modified_gmt":"2026-01-13T17:35:13","slug":"mann-droht-in-903-mit-einer-waffe","status":"publish","type":"post","link":"https:\/\/www.europesays.com\/de\/715605\/","title":{"rendered":"Mann droht in 903 mit einer Waffe"},"content":{"rendered":"<p class=\"expressive-copy-lg-body\">Weil er sich provoziert f\u00fchlte, hat am Sonntag ein 31-J\u00e4hriger in einer <a href=\"https:\/\/www.waz.de\/lokales\/duisburg\/article410911529\/bahnsperrung-zwischen-duisburg-und-essen-zwei-alternativen-zum-sev-bus-im-test.html\" data-category-full-path=\"https:\/\/www.waz.de\/lokales\/duisburg\/\" data-paid-status=\"premium\" data-article-publish-date=\"1768221114\" target=\"_blank\" rel=\"noopener\">Stra\u00dfenbahn<\/a> in Duisburg einen anderen Fahrgast bedroht. Dieser alarmierte die Polizei und berichtete, dass sein Kontrahent eine Waffe dabei habe.<\/p>\n<p>            Duisburg-Newsletter: Jetzt kostenlos anmelden!<\/p>\n<p>Nachrichten, Service, Reportagen: Jeden Tag wissen, was in unserer Stadt los ist.<\/p>\n<p>            <img decoding=\"async\" src=\"https:\/\/www.europesays.com\/de\/wp-content\/uploads\/2026\/01\/1768305552_39_newsletter-envelope.png\" alt=\"Newsletter Illustration\" class=\"h-full w-full max-w-full object-cover md:max-w-[226px] lg:max-w-[234px]\" loading=\"lazy\"\/><\/p>\n<p>              Duisburg-Newsletter: Jetzt kostenlos anmelden!<\/p>\n<p>Nachrichten, Service, Reportagen: Jeden Tag wissen, was in unserer Stadt los ist.<\/p>\n<p>              Mit meiner Anmeldung zum Newsletter stimme ich der<br \/>\n              <a href=\"https:\/\/www.waz.de\/service\/newsletter-adconsent\" class=\"text-copy-accent underline decoration-solid underline-offset-1 hover:text-primary-700\" target=\"_blank\" rel=\"noopener\">Werbevereinbarung<\/a><br \/>\n              zu.<\/p>\n<p class=\"expressive-copy-lg-body\">Am Sonntagmorgen gegen 10.35 Uhr rief ein 35-J\u00e4hriger nach Polizeiangaben aus der Stra\u00dfenbahn 903 heraus die Einsatzkr\u00e4fte. Die Beamten stellten den Mann noch in der Bahn, die in Richtung Dinslaken unterwegs war.<\/p>\n<p>Duisburger Polizisten zogen ihre Dienstwaffen<\/p>\n<p class=\"expressive-copy-lg-body\">Weil der 31-J\u00e4hrige eine Schusswaffe in seinem Hosenbund trug, zogen auch die Polizisten ihre <a href=\"https:\/\/www.waz.de\/rhein-und-ruhr\/article410596641\/hauptkommissar-wie-sein-toedlicher-schuss-sein-leben-veraenderte.html\" data-category-full-path=\"https:\/\/www.waz.de\/rhein-und-ruhr\/\" data-paid-status=\"premium\" data-article-publish-date=\"1768143600\" target=\"_blank\" rel=\"noopener\">Dienstwaffen<\/a>. Sie forderten am Bahnhof Meiderich den Mann auf, die Bahn zu verlassen.<\/p>\n<p class=\"expressive-copy-lg-body\">Die Polizisten stellten dann fest, dass es sich bei der Waffe um eine <a href=\"https:\/\/www.waz.de\/lokales\/duisburg\/article410060168\/mann-spaziert-mit-schreckschusspistole-durch-den-hauptbahnhof.html\" data-category-full-path=\"https:\/\/www.waz.de\/lokales\/duisburg\/\" data-paid-status=\"free\" data-article-publish-date=\"1758544786\" target=\"_blank\" rel=\"noopener\">Schreckschusspistole<\/a> handelte. Der Mann habe einen Kleinen Waffenschein vorweisen k\u00f6nnen und besa\u00df die Waffe somit legal. Ob er sie weiterhin besitzen darf, pr\u00fcft nun die Polizei.<\/p>\n<p>Verd\u00e4chtiger muss sich wegen Bedrohung verantworten<\/p>\n<p class=\"expressive-copy-lg-body\">Im Atem des 31-J\u00e4hrigen konnten die Polizisten bei einem Test keinen Alkohol feststellen. Der Mann r\u00e4umte allerdings ein, Drogen konsumiert zu haben. Um zu kl\u00e4ren, um welche Substanzen es sich handelte, ordnete ein Richter einen Bluttest an.<\/p>\n<p class=\"expressive-copy-lg-body\">Die Polizei nahm den 31-J\u00e4hrigen in Gewahrsam. Ihm steht ein Strafverfahren wegen Bedrohung bevor.<\/p>\n","protected":false},"excerpt":{"rendered":"Weil er sich provoziert f\u00fchlte, hat am Sonntag ein 31-J\u00e4hriger in einer Stra\u00dfenbahn in Duisburg einen anderen Fahrgast&hellip;\n","protected":false},"author":2,"featured_media":715606,"comment_status":"","ping_status":"","sticky":false,"template":"","format":"standard","meta":{"footnotes":""},"categories":[1838],"tags":[3364,29,3715,30,1209],"class_list":{"0":"post-715605","1":"post","2":"type-post","3":"status-publish","4":"format-standard","5":"has-post-thumbnail","7":"category-duisburg","8":"tag-de","9":"tag-deutschland","10":"tag-duisburg","11":"tag-germany","12":"tag-nordrhein-westfalen"},"share_on_mastodon":{"url":"https:\/\/pubeurope.com\/@de\/115889001477476165","error":""},"_links":{"self":[{"href":"https:\/\/www.europesays.com\/de\/wp-json\/wp\/v2\/posts\/715605","targetHints":{"allow":["GET"]}}],"collection":[{"href":"https:\/\/www.europesays.com\/de\/wp-json\/wp\/v2\/posts"}],"about":[{"href":"https:\/\/www.europesays.com\/de\/wp-json\/wp\/v2\/types\/post"}],"author":[{"embeddable":true,"href":"https:\/\/www.europesays.com\/de\/wp-json\/wp\/v2\/users\/2"}],"replies":[{"embeddable":true,"href":"https:\/\/www.europesays.com\/de\/wp-json\/wp\/v2\/comments?post=715605"}],"version-history":[{"count":0,"href":"https:\/\/www.europesays.com\/de\/wp-json\/wp\/v2\/posts\/715605\/revisions"}],"wp:featuredmedia":[{"embeddable":true,"href":"https:\/\/www.europesays.com\/de\/wp-json\/wp\/v2\/media\/715606"}],"wp:attachment":[{"href":"https:\/\/www.europesays.com\/de\/wp-json\/wp\/v2\/media?parent=715605"}],"wp:term":[{"taxonomy":"category","embeddable":true,"href":"https:\/\/www.europesays.com\/de\/wp-json\/wp\/v2\/categories?post=715605"},{"taxonomy":"post_tag","embeddable":true,"href":"https:\/\/www.europesays.com\/de\/wp-json\/wp\/v2\/tags?post=715605"}],"curies":[{"name":"wp","href":"https:\/\/api.w.org\/{rel}","templated":true}]}}