{"id":715796,"date":"2026-01-13T19:17:16","date_gmt":"2026-01-13T19:17:16","guid":{"rendered":"https:\/\/www.europesays.com\/de\/715796\/"},"modified":"2026-01-13T19:17:16","modified_gmt":"2026-01-13T19:17:16","slug":"hunderte-schulleiter-in-nrw-fehlen-koeln-mit-rekord","status":"publish","type":"post","link":"https:\/\/www.europesays.com\/de\/715796\/","title":{"rendered":"Hunderte Schulleiter in NRW fehlen \u2013 K\u00f6ln mit Rekord"},"content":{"rendered":"<p>Jede zehnte Schule in K\u00f6ln <\/p>\n<p>Hunderte Schulleiter in NRW fehlen \u2013 Lage an Grundschulen prek\u00e4r<\/p>\n<ul class=\"grid grid-flow-col gap-4\" aria-label=\"Autorenbilder\">\n<li class=\"leading-0\"><img data-tb-author-image=\"\"  loading=\"lazy\" src=\"https:\/\/www.europesays.com\/de\/wp-content\/uploads\/2025\/12\/1765483458_755_image.jpg\" alt=\"\" title=\"\" width=\"40\" height=\"40\" class=\"\" decoding=\"async\"\/><\/li>\n<\/ul>\n<p>13.01.2026 &#8211; 17:01 UhrLesedauer: 2 Min.<\/p>\n<p><a href=\"#focus-0\" class=\"transition-colors duration-200 block text-current relative\" data-sctrack=\"FocusGalleryImage.Reference\"><img fetchpriority=\"high\" data-testid=\"Opener.Image\" style=\"--lqipURL:url('https:\/\/images.t-online.de\/2026\/01\/rh3VWffQsLpd\/803x601:3134x1763\/fit-in\/150x0\/filters:blur(25)\/ein-klassenzimmer-in-nordrhein-westfalen-symbolbild-in-koeln-sind-derzeit-mehr-als-30-schulleitungen-nicht-besetzt.jpg')\"   loading=\"eager\" src=\"https:\/\/www.europesays.com\/de\/wp-content\/uploads\/2026\/01\/1768331835_418_ein-klassenzimmer-in-nordrhein-westfalen-symbolbild-in-koeln-sind-derzeit-mehr-als-30-schulleitungen.jpeg\" alt=\"Ein Klassenzimmer in Nordrhein-Westfalen (Symbolbild): In K\u00f6ln sind derzeit mehr als 30 Schulleitungen nicht besetzt.\" title=\"Ein Klassenzimmer in Nordrhein-Westfalen (Symbolbild): In K\u00f6ln sind derzeit mehr als 30 Schulleitungen nicht besetzt.\" width=\"3134\" height=\"1763\" class=\"bg-[url:var(--lqipURL)] bg-cover bg-center flex h-full w-full max-w-full\" decoding=\"async\"\/><img style=\"--width:32;--height:32\" loading=\"lazy\" src=\"https:\/\/koeln.t-online.de\/s\/paper\/_next\/static\/media\/zoom-in.f7dae02f.svg\" alt=\"Vergr\u00f6\u00dfern des Bildes\" title=\"Vergr\u00f6\u00dfern des Bildes\" class=\"block h-[calc(var(--height)_\/_16_*_1rem)] w-[calc(var(--width)_\/_16_*_1rem)] max-w-none absolute bottom-8 right-8 rounded-4 bg-snow p-8\" decoding=\"async\"\/><\/a><\/p>\n<p>Ein Klassenzimmer in Nordrhein-Westfalen (Symbolbild): In K\u00f6ln sind derzeit mehr als 30 Schulleitungen nicht besetzt. (Quelle: IMAGO\/Bahho Kara)<\/p>\n<p class=\"font-bold text-18 leading-17\">Der Lehrermangel in Nordrhein-Westfalen hat auch Auswirkungen auf die F\u00fchrungsebene. In K\u00f6ln sind mehr als 70 F\u00fchrungspositionen unbesetzt.<\/p>\n<p class=\"text-18 leading-17\">In den <a class=\"transition-colors duration-200 cursor-pointer text-inherit no-underline text-salemsfur md:hover:text-magenta md:hover:border-magenta md:focus:text-magenta border-current border-b border-solid break-words\" href=\"https:\/\/koeln.t-online.de\/region\/koeln\/id_101078638\/schulschliessungen-in-nrw-wegen-eisregen-ist-das-gerechtfertigt-.html\" data-sctrack=\"BodyAnchor\" rel=\"nofollow noopener\" target=\"_blank\">Schulen in K\u00f6ln und Nordrhein-Westfalen<\/a> sind etliche F\u00fchrungspositionen unbesetzt. Derzeit fehlen im gesamten Bundesland 1.167 Schulleiter oder Konrektoren. Das geht aus aktuellen Zahlen der Landesregierung vor, die der K\u00f6lner Redaktion von t-online vorliegen. NRW-weit ist damit fast jede achte Stelle in der F\u00fchrungsebene unbesetzt, teilweise bereits seit mehr als sechs Monaten.<\/p>\n<p class=\"text-18 leading-17\">Die FDP-Landtagsfraktion in Nordrhein-Westfalen hatte die Zahlen durch mehrere Kleine Anfragen beim NRW-Bildungsministerium abgefragt. Besonders hoch ist demnach die Zahl der Stellen, die bereits seit mehr als sechs Monaten unbesetzt sind. In K\u00f6ln sind derzeit 31 Schulleitungen unbesetzt, 21 davon seit mehr als einem halben Jahr. Das entspricht einem Anteil von rund 11,3 Prozent.<\/p>\n<p><img style=\"--width:42;--height:32\" loading=\"lazy\" src=\"https:\/\/koeln.t-online.de\/s\/paper\/_next\/static\/media\/quotationmark.8b94917b.svg\" alt=\"Anf\u00fchrungszeichen\" title=\"Anf\u00fchrungszeichen\" class=\"block h-[calc(var(--height)_\/_16_*_1rem)] w-[calc(var(--width)_\/_16_*_1rem)] max-w-none mx-12 md:w-[41px]\" decoding=\"async\"\/><\/p>\n<p class=\"py-24 text-22 text-salemsfur\">Wenn Leitungsstellen monatelang unbesetzt bleiben, f\u00fchrt das zu \u00dcberlastung im Kollegium und zu organisatorischem Stillstand \u2013 zulasten der Bildungsqualit\u00e4t.<\/p>\n<p class=\"tracking-wider pb-24 pt-12 text-16 uppercase leading-17 text-manatee\">Franziska M\u00fcller-rech<\/p>\n<p class=\"text-18 leading-17\">Die meisten der offenen Stellen gibt es an Grundschulen, dort sind alleine 20 Stellen unbesetzt. Franziska M\u00fcller-Rech, schulpolitische Sprecherin der FDP, sieht die Situation landesweit an Grundschulen besonders kritisch: &#8222;Dort sind Leitungsfunktionen unattraktiv, weil Verantwortung und Arbeitsbelastung in keinem Verh\u00e4ltnis zur Verg\u00fctung stehen.&#8220; Sie fordert unter anderem eine bessere Verg\u00fctung f\u00fcr Schulleitungen.<\/p>\n<p class=\"text-18 leading-17\">Neben den unbesetzten Schulleitungsposten sind auch etliche Vertretungen im Stadtgebiet offen. So fehlen in K\u00f6ln derzeit 42 Konrektoren oder Vertretungen der Schulleitungen, 27 Stellen davon sind bereits seit mehr als sechs Monaten offen.<\/p>\n<p class=\"text-18 leading-17\">Franziska M\u00fcller-Rech: &#8222;Wenn Leitungsstellen monatelang unbesetzt bleiben, f\u00fchrt das zu \u00dcberlastung im Kollegium und zu organisatorischem Stillstand \u2013 zulasten der Bildungsqualit\u00e4t.&#8220; Sie fordert ein System, in dem Schulleitungen wieder mehr gestalten k\u00f6nnen und weniger b\u00fcrokratische Aufgaben \u00fcbernehmen m\u00fcssen.<\/p>\n","protected":false},"excerpt":{"rendered":"Jede zehnte Schule in K\u00f6ln Hunderte Schulleiter in NRW fehlen \u2013 Lage an Grundschulen prek\u00e4r 13.01.2026 &#8211; 17:01&hellip;\n","protected":false},"author":2,"featured_media":715697,"comment_status":"","ping_status":"","sticky":false,"template":"","format":"standard","meta":{"footnotes":"","_share_on_mastodon":"0"},"categories":[1828],"tags":[5871,8119,29,187,164949,107896,1944,30,1420,30789,1209,966,71599],"class_list":["post-715796","post","type-post","status-publish","format-standard","has-post-thumbnail","category-koeln","tag-grundschule","tag-bmbf","tag-deutschland","tag-fdp","tag-franziska-mueller-rech","tag-fuehrungsebene","tag-fuehrungsposition","tag-germany","tag-koeln","tag-lehrermangel","tag-nordrhein-westfalen","tag-schule","tag-schulleitung"],"share_on_mastodon":{"url":"https:\/\/pubeurope.com\/@de\/115889402472414514","error":""},"_links":{"self":[{"href":"https:\/\/www.europesays.com\/de\/wp-json\/wp\/v2\/posts\/715796","targetHints":{"allow":["GET"]}}],"collection":[{"href":"https:\/\/www.europesays.com\/de\/wp-json\/wp\/v2\/posts"}],"about":[{"href":"https:\/\/www.europesays.com\/de\/wp-json\/wp\/v2\/types\/post"}],"author":[{"embeddable":true,"href":"https:\/\/www.europesays.com\/de\/wp-json\/wp\/v2\/users\/2"}],"replies":[{"embeddable":true,"href":"https:\/\/www.europesays.com\/de\/wp-json\/wp\/v2\/comments?post=715796"}],"version-history":[{"count":0,"href":"https:\/\/www.europesays.com\/de\/wp-json\/wp\/v2\/posts\/715796\/revisions"}],"wp:featuredmedia":[{"embeddable":true,"href":"https:\/\/www.europesays.com\/de\/wp-json\/wp\/v2\/media\/715697"}],"wp:attachment":[{"href":"https:\/\/www.europesays.com\/de\/wp-json\/wp\/v2\/media?parent=715796"}],"wp:term":[{"taxonomy":"category","embeddable":true,"href":"https:\/\/www.europesays.com\/de\/wp-json\/wp\/v2\/categories?post=715796"},{"taxonomy":"post_tag","embeddable":true,"href":"https:\/\/www.europesays.com\/de\/wp-json\/wp\/v2\/tags?post=715796"}],"curies":[{"name":"wp","href":"https:\/\/api.w.org\/{rel}","templated":true}]}}