{"id":715961,"date":"2026-01-13T20:50:15","date_gmt":"2026-01-13T20:50:15","guid":{"rendered":"https:\/\/www.europesays.com\/de\/715961\/"},"modified":"2026-01-13T20:50:15","modified_gmt":"2026-01-13T20:50:15","slug":"union-berlin-boss-zingler-freut-sich-auf-den-stadionausbau-sport","status":"publish","type":"post","link":"https:\/\/www.europesays.com\/de\/715961\/","title":{"rendered":"Union Berlin: Boss Zingler freut sich auf den Stadionausbau | Sport"},"content":{"rendered":"<p><b>Der 1. FC Union feiert Geburtstag. Im Vorfeld des 60-j\u00e4hrigen Jubil\u00e4ums am 20. Januar sprach Pr\u00e4sident Dirk Zingler (61) \u00fcber:<\/b><\/p>\n<p><b>&#8230; den Wettbewerbsnachteil von Union:<\/b> \u201eWir planen 2025\/26 mit Gesamteinnahmen in H\u00f6he von rund 183 Millionen Euro. Das ist f\u00fcr uns ein au\u00dferordentliches Ergebnis. Denn wir haben als Klub einen Nachteil von rund 20 bis 30 Millionen Euro Mindereinnahmen pro Jahr gegen\u00fcber Mainz, Augsburg, Gladbach, Bremen oder K\u00f6ln, weil unser Stadion mit 18.000 Stehpl\u00e4tzen sehr klein ist und weniger Hospitality-Pl\u00e4tze hat. Diesen Nachteil m\u00fcssen wir versuchen auszugleichen. Deshalb sagen wir: Jedes Jahr, in dem wir mit der kleinen Alten F\u00f6rsterei trotzdem in der Bundesliga spielen, ist f\u00fcr uns super erfolgreich.\u201c <\/p>\n<p><b>&#8230; den Umzug ins Olympiastadion 2027\/28, wenn die Alte F\u00f6rsterei ausgebaut wird:<\/b> \u201eDas ist ja ein Gl\u00fccksfall. Ich warte auf den Tag, an dem der Umbau beginnt. Weil wir dann nicht in einem Stadion f\u00fcr 22.000, sondern f\u00fcr 70.000 Besucher inklusive 4000 Business Seats spielen. Die Umbauphase, die f\u00fcr ganz viele Vereine eine Risikophase mit sich bringt, ist wirtschaftlich gesehen ein Schlaraffenland. Selbst wenn wir noch ein halbes Jahr l\u00e4nger dr\u00fcbenbleiben, ist es wirtschaftlich kein Fiasko. Aber trotzdem wollen wir so schnell wie m\u00f6glich zur\u00fcck. Wir lassen uns nicht bewusst Zeit.\u201c<\/p>\n<p>Mehr zum Thema<\/p>\n<p><b>&#8230; Kritik an der fu\u00dfballerischen Weiterentwicklung der Bundesliga-M\u00e4nner:<\/b> \u201eIch lese da immer so ein paar kritische Stimmen, dass sich fu\u00dfballerisch nichts entwickelt. Jeder, der den Fu\u00dfball bei uns entwickeln will, fliegt raus. Lasst uns versuchen, mit den Mitteln und Rahmenbedingungen, die uns zur Verf\u00fcgung stehen, erfolgreichen Fu\u00dfball zu spielen. Das ist etwas, was wir verlangen im Klub: pragmatischen und erfolgreichen Fu\u00dfball und nicht Fu\u00dfball, der hohe Risiken beinhaltet, der Spielertypen ben\u00f6tigt, die wir uns gar nicht leisten k\u00f6nnen. Man darf spielerische Weiterentwicklung beim <a href=\"https:\/\/www.bild.de\/sport\/fussball\/union-berlin\/startseite-union-31148690.bild.html\" class=\"text-link\" target=\"_blank\" rel=\"noopener\">1. FC Union<\/a> verlangen und fordern, aber es wird sie nicht geben.\u201c<\/p>\n<p>\u201eMit Steffen Baumgart habe ich wenig zu tun!\u201c<\/p>\n<p><b>&#8230; sein Verh\u00e4ltnis zu Trainer Steffen Baumgart:<\/b> \u201eDas ist gut, auch deshalb, weil wir relativ wenig miteinander zu tun haben. Wenn wir uns sehen, reden wir nicht \u00fcber Fu\u00dfball. Ich hatte auch mit Urs Fischer wenig zu tun. Sportgesch\u00e4ftsf\u00fchrer Horst Heldt ist mein Ansprechpartner.\u201c <\/p>\n<p><b>&#8230; mehrere Entlassungen langj\u00e4hriger Mitarbeiter zum Jahresende:<\/b> \u201eDie Entwicklung in den letzten Jahren war rasant \u2013 auch bei den Personal- und Sachkosten. Wir spielen nicht mehr international. Das hei\u00dft, ich muss dann eben schmerzhafte Entscheidungen treffen. Und es betrifft nicht nur neue Mitarbeiter, sondern auch Mitarbeiter, die schon einige Jahre da waren.\u201c<\/p>\n","protected":false},"excerpt":{"rendered":"Der 1. FC Union feiert Geburtstag. Im Vorfeld des 60-j\u00e4hrigen Jubil\u00e4ums am 20. Januar sprach Pr\u00e4sident Dirk Zingler&hellip;\n","protected":false},"author":2,"featured_media":715962,"comment_status":"","ping_status":"","sticky":false,"template":"","format":"standard","meta":{"footnotes":""},"categories":[1825],"tags":[297,1740,296,29,347,30,4277,806,4581,21082,45,51413],"class_list":{"0":"post-715961","1":"post","2":"type-post","3":"status-publish","4":"format-standard","5":"has-post-thumbnail","7":"category-berlin","8":"tag-1-fc-union-berlin","9":"tag-baumgart-steffen","10":"tag-berlin","11":"tag-deutschland","12":"tag-fussball","13":"tag-germany","14":"tag-olympiastadion-berlin","15":"tag-sport-leuchtturm-berlin","16":"tag-sport-tag-im-ticker","17":"tag-stadion-an-der-alten-foersterei","18":"tag-texttospeech","19":"tag-zingler-dirk"},"share_on_mastodon":{"url":"https:\/\/pubeurope.com\/@de\/115889767990302878","error":""},"_links":{"self":[{"href":"https:\/\/www.europesays.com\/de\/wp-json\/wp\/v2\/posts\/715961","targetHints":{"allow":["GET"]}}],"collection":[{"href":"https:\/\/www.europesays.com\/de\/wp-json\/wp\/v2\/posts"}],"about":[{"href":"https:\/\/www.europesays.com\/de\/wp-json\/wp\/v2\/types\/post"}],"author":[{"embeddable":true,"href":"https:\/\/www.europesays.com\/de\/wp-json\/wp\/v2\/users\/2"}],"replies":[{"embeddable":true,"href":"https:\/\/www.europesays.com\/de\/wp-json\/wp\/v2\/comments?post=715961"}],"version-history":[{"count":0,"href":"https:\/\/www.europesays.com\/de\/wp-json\/wp\/v2\/posts\/715961\/revisions"}],"wp:featuredmedia":[{"embeddable":true,"href":"https:\/\/www.europesays.com\/de\/wp-json\/wp\/v2\/media\/715962"}],"wp:attachment":[{"href":"https:\/\/www.europesays.com\/de\/wp-json\/wp\/v2\/media?parent=715961"}],"wp:term":[{"taxonomy":"category","embeddable":true,"href":"https:\/\/www.europesays.com\/de\/wp-json\/wp\/v2\/categories?post=715961"},{"taxonomy":"post_tag","embeddable":true,"href":"https:\/\/www.europesays.com\/de\/wp-json\/wp\/v2\/tags?post=715961"}],"curies":[{"name":"wp","href":"https:\/\/api.w.org\/{rel}","templated":true}]}}