{"id":715974,"date":"2026-01-13T20:58:13","date_gmt":"2026-01-13T20:58:13","guid":{"rendered":"https:\/\/www.europesays.com\/de\/715974\/"},"modified":"2026-01-13T20:58:13","modified_gmt":"2026-01-13T20:58:13","slug":"michael-carrick-wird-neuer-trainer-der-red-devils","status":"publish","type":"post","link":"https:\/\/www.europesays.com\/de\/715974\/","title":{"rendered":"Michael Carrick wird neuer Trainer der Red Devils"},"content":{"rendered":"<p>Nachfolger von Amorim <\/p>\n<p>Manchester United pr\u00e4sentiert neuen Trainer<\/p>\n<p>Aktualisiert am 13.01.2026 &#8211; 20:56 UhrLesedauer: 2 Min.<\/p>\n<p><a href=\"#focus-0\" class=\"transition-colors duration-200 block text-current relative\" data-sctrack=\"FocusGalleryImage.Reference\"><img fetchpriority=\"high\" data-testid=\"Opener.Image\" style=\"--lqipURL:url('https:\/\/images.t-online.de\/2026\/01\/6Cft4ZCbMZEL\/372x67:3628x2041\/fit-in\/150x0\/filters:blur(25)\/coventry-city-fc-v-middlesbrough-fc-sky-bet-championship-michael-carrick-manager-of-middlesbrough-portrait-before-the-sky-bet-championship-match-between-coventry-city-fc-and-middlesbrough-fc-at-the-coventry-building-society-arena-on-may-3-2025-in-coventry-england-coventry-the-coventry-building-society-arena-england-united-kingdom-publicationxnotxinxuk-copyright-xnealxsimpson-sportsphoto-aplx-14126351.jpg')\"   loading=\"eager\" src=\"https:\/\/www.europesays.com\/de\/wp-content\/uploads\/2026\/01\/coventry-city-fc-v-middlesbrough-fc-sky-bet-championship-michael-carrick-manager-of-middlesbrough-po.jpeg\" alt=\"imago images 1061643389\" title=\"imago images 1061643389\" width=\"3628\" height=\"2041\" class=\"bg-[url:var(--lqipURL)] bg-cover bg-center flex h-full w-full max-w-full\" decoding=\"async\"\/><img style=\"--width:32;--height:32\" loading=\"lazy\" src=\"https:\/\/www.t-online.de\/s\/paper\/_next\/static\/media\/zoom-in.f7dae02f.svg\" alt=\"Vergr\u00f6\u00dfern des Bildes\" title=\"Vergr\u00f6\u00dfern des Bildes\" class=\"block h-[calc(var(--height)_\/_16_*_1rem)] w-[calc(var(--width)_\/_16_*_1rem)] max-w-none absolute bottom-8 right-8 rounded-4 bg-snow p-8\" decoding=\"async\"\/><\/a><\/p>\n<p>Michael Carrick: Der Ex-Profi soll United zur\u00fcck in die Erfolgsspur f\u00fchren. (Quelle: IMAGO\/Allstar Picture Library Ltd\/imago)<\/p>\n<p class=\"font-bold text-18 leading-17\">Englands Rekordmeister verk\u00fcndet acht Tage nach der Entlassung von Ruben Amorim einen neuen Trainer. Es ist ein alter Bekannter in Old Trafford.<\/p>\n<p class=\"text-18 leading-17\">Ex-Profi Michael Carrick ist neuer Trainer von <a class=\"transition-colors duration-200 cursor-pointer text-inherit no-underline text-salemsfur md:hover:text-magenta md:hover:border-magenta md:focus:text-magenta border-current border-b border-solid break-words\" href=\"https:\/\/www.t-online.de\/themen\/manchester-united\/\" data-sctrack=\"BodyAnchor\" rel=\"nofollow noopener\" target=\"_blank\">Manchester United<\/a>. Das gaben die &#8222;Red Devils&#8220; am Dienstagabend bekannt. Der 44-J\u00e4hrige soll den ins Schlingern geratenen Traditionsklub bis zum Ende der Saison betreuen.<\/p>\n<p class=\"text-18 leading-17\">Am 5. Januar hatte sich der englische Rekordmeister (20 Titel, wie der FC Liverpool) vom bisherigen Coach R\u00faben Amorim getrennt. United belegt aktuell nur Rang sieben in der <a class=\"transition-colors duration-200 cursor-pointer text-inherit no-underline text-salemsfur md:hover:text-magenta md:hover:border-magenta md:focus:text-magenta border-current border-b border-solid break-words\" href=\"https:\/\/www.t-online.de\/themen\/premier-league\/\" data-sctrack=\"BodyAnchor\" rel=\"nofollow noopener\" target=\"_blank\">Premier League<\/a>, hat bereits 17 Punkte R\u00fcckstand auf Tabellenf\u00fchrer Arsenal. Zuletzt schied man unter Interimstrainer Darren Fletcher zu Hause gegen Brighton &amp; Hove Albion aus dem FA Cup aus (1:2).<\/p>\n<p class=\"text-18 leading-17\">Carrick lief zwischen 2006 und 2018 f\u00fcr Manchester auf, gewann mit dem Klub unter anderem einmal die <a class=\"transition-colors duration-200 cursor-pointer text-inherit no-underline text-salemsfur md:hover:text-magenta md:hover:border-magenta md:focus:text-magenta border-current border-b border-solid break-words\" href=\"https:\/\/www.t-online.de\/sport\/ergebnisse-tabelle\/fussball\/champions-league-m\/ergebnisse\/sdc_fmdo-5\/champions-league-m-aktueller-spieltag.html\" data-sctrack=\"BodyAnchor\" rel=\"nofollow noopener\" target=\"_blank\">Champions League<\/a> und f\u00fcnfmal die Meisterschaft. &#8222;Die Verantwortung f\u00fcr Manchester United zu tragen, ist eine Ehre&#8220;, wird Carrick nun in der Klubmitteilung zitiert. Er wisse, was es braucht, um erfolgreich zu sein.<\/p>\n<p class=\"text-18 leading-17\">Direkt nach dem Ende seiner Profikarriere war Carrick als Co-Trainer unter Ole Gunnar Solskj\u00e6r f\u00fcr United t\u00e4tig gewesen. Anschlie\u00dfend unterst\u00fctzte er f\u00fcr eine kurze Zeit <a class=\"transition-colors duration-200 cursor-pointer text-inherit no-underline text-salemsfur md:hover:text-magenta md:hover:border-magenta md:focus:text-magenta border-current border-b border-solid break-words\" href=\"https:\/\/www.t-online.de\/themen\/jose-mourinho\/\" data-sctrack=\"BodyAnchor\" rel=\"nofollow noopener\" target=\"_blank\">Jos\u00e9 Mourinho<\/a> in derselben Funktion. Im Herbst 2021 sprang er zudem f\u00fcr drei Spiele als Interimstrainer in Manchester ein (zwei Siege, ein Unentschieden). Von Oktober 2022 bis zum Sommer des letzten Jahres war Carrick Cheftrainer bei Zweitligist FC Middlesbrough.<\/p>\n<p class=\"text-18 leading-17\">Sein neues Team muss der ehemalige Mittelfeldspieler direkt zu Beginn seiner Amtszeit auf eine der schwierigsten Aufgaben \u00fcberhaupt vorbereiten. Am Samstag trifft United in der Premier League auf den Stadtrivalen <a class=\"transition-colors duration-200 cursor-pointer text-inherit no-underline text-salemsfur md:hover:text-magenta md:hover:border-magenta md:focus:text-magenta border-current border-b border-solid break-words\" href=\"https:\/\/www.t-online.de\/themen\/manchester-city\/\" data-sctrack=\"BodyAnchor\" rel=\"nofollow noopener\" target=\"_blank\">Manchester City<\/a>, trainiert von Ex-Bayern-Coach Pep Guardiola. In der Hinrunde hatten die &#8222;Cityzens&#8220; das Duell mit 3:0 f\u00fcr sich entschieden.<\/p>\n","protected":false},"excerpt":{"rendered":"Nachfolger von Amorim Manchester United pr\u00e4sentiert neuen Trainer Aktualisiert am 13.01.2026 &#8211; 20:56 UhrLesedauer: 2 Min. Michael Carrick:&hellip;\n","protected":false},"author":2,"featured_media":715975,"comment_status":"","ping_status":"","sticky":false,"template":"","format":"standard","meta":{"footnotes":"","_share_on_mastodon":"0"},"categories":[136],"tags":[91559,164562,29,3058,8671,954,30,28315,18531,164561,957,38777,265],"class_list":["post-715974","post","type-post","status-publish","format-standard","has-post-thumbnail","category-sport","tag-brighton-hove-albion","tag-darren-fletcher","tag-deutschland","tag-england","tag-erfolgsspur","tag-fc-liverpool","tag-germany","tag-manchester","tag-manchester-united","tag-michael-carrick","tag-premier-league","tag-ruben-amorim","tag-sport"],"share_on_mastodon":{"url":"https:\/\/pubeurope.com\/@de\/115889799521065382","error":""},"_links":{"self":[{"href":"https:\/\/www.europesays.com\/de\/wp-json\/wp\/v2\/posts\/715974","targetHints":{"allow":["GET"]}}],"collection":[{"href":"https:\/\/www.europesays.com\/de\/wp-json\/wp\/v2\/posts"}],"about":[{"href":"https:\/\/www.europesays.com\/de\/wp-json\/wp\/v2\/types\/post"}],"author":[{"embeddable":true,"href":"https:\/\/www.europesays.com\/de\/wp-json\/wp\/v2\/users\/2"}],"replies":[{"embeddable":true,"href":"https:\/\/www.europesays.com\/de\/wp-json\/wp\/v2\/comments?post=715974"}],"version-history":[{"count":0,"href":"https:\/\/www.europesays.com\/de\/wp-json\/wp\/v2\/posts\/715974\/revisions"}],"wp:featuredmedia":[{"embeddable":true,"href":"https:\/\/www.europesays.com\/de\/wp-json\/wp\/v2\/media\/715975"}],"wp:attachment":[{"href":"https:\/\/www.europesays.com\/de\/wp-json\/wp\/v2\/media?parent=715974"}],"wp:term":[{"taxonomy":"category","embeddable":true,"href":"https:\/\/www.europesays.com\/de\/wp-json\/wp\/v2\/categories?post=715974"},{"taxonomy":"post_tag","embeddable":true,"href":"https:\/\/www.europesays.com\/de\/wp-json\/wp\/v2\/tags?post=715974"}],"curies":[{"name":"wp","href":"https:\/\/api.w.org\/{rel}","templated":true}]}}