{"id":716090,"date":"2026-01-13T22:01:10","date_gmt":"2026-01-13T22:01:10","guid":{"rendered":"https:\/\/www.europesays.com\/de\/716090\/"},"modified":"2026-01-13T22:01:10","modified_gmt":"2026-01-13T22:01:10","slug":"dinkci-bei-koeln-vorerst-kein-thema-mehr","status":"publish","type":"post","link":"https:\/\/www.europesays.com\/de\/716090\/","title":{"rendered":"Dinkci bei K\u00f6ln vorerst kein Thema mehr"},"content":{"rendered":"<p>Der Flirt zwischen dem 1. FC K\u00f6ln und Eren Dink\u00e7i ist deutlich abgek\u00fchlt. Nachdem in der vergangenen Woche noch \u00fcber ein intensives Interesse der Gei\u00dfb\u00f6cke an dem Freiburger Offensivspieler spekuliert wurde, r\u00fcckt eine Verpflichtung in diesem Winter nun in weite Ferne. Der Effzeh hat seine Priorit\u00e4ten auf dem Transfermarkt intern klar verschoben und konzentriert sich finanziell derzeit fast ausschlie\u00dflich auf die Suche nach einem neuen Innenverteidiger. Dies berichtet der GEISSBLOG.<\/p>\n<p>Da das Budget am Gei\u00dfbockheim begrenzt ist, wird ein Vorsto\u00df bei Dink\u00e7i erst dann wieder ein Thema, wenn die Baustelle in der Abwehr geschlossen ist und gleichzeitig durch m\u00f6gliche Abg\u00e4nge neuer Spielraum entsteht. Damit ist der 24-J\u00e4hrige in der K\u00f6lner Kaderplanung vorerst in den Hintergrund ger\u00fcckt. Diese Zur\u00fcckhaltung der K\u00f6lner k\u00f6nnte nun anderen Interessenten wie dem 1. FC Heidenheim oder dem VfL Wolfsburg in die Karten spielen, da Dink\u00e7i den SC Freiburg aufgrund mangelnder Spielzeit weiterhin zeitnah verlassen m\u00f6chte und nicht auf eine Entscheidung in K\u00f6ln warten kann.<\/p>\n<p>F\u00fcr die Innenverteidigung haben die K\u00f6lner derweil den Ex-Hoffenheimer <a class=\"online\" href=\"https:\/\/www.ligainsider.de\/stefan-posch_12798\/koeln-und-mainz-an-posch-dran-407012\/\" target=\"_b\" rel=\"noopener\">Stefan Posch<\/a> ins Visier genommen.<\/p>\n<p><\/p>\n<p>LIGAINSIDER-DURCHSCHNITTSNOTE in den letzten VIER Jahren<\/p>\n","protected":false},"excerpt":{"rendered":"Der Flirt zwischen dem 1. FC K\u00f6ln und Eren Dink\u00e7i ist deutlich abgek\u00fchlt. Nachdem in der vergangenen Woche&hellip;\n","protected":false},"author":2,"featured_media":709240,"comment_status":"","ping_status":"","sticky":false,"template":"","format":"standard","meta":{"footnotes":""},"categories":[1828],"tags":[4808,31078,2217,29,163413,347,30,1420,15,1209,5422,10578,298,265,924,1288,2627,5421],"class_list":{"0":"post-716090","1":"post","2":"type-post","3":"status-publish","4":"format-standard","5":"has-post-thumbnail","7":"category-koeln","8":"tag-1-bundesliga","9":"tag-2025-26","10":"tag-bilanz","11":"tag-deutschland","12":"tag-eren-dinkci","13":"tag-fussball","14":"tag-germany","15":"tag-koeln","16":"tag-news","17":"tag-nordrhein-westfalen","18":"tag-quote","19":"tag-rechte-aussenbahn","20":"tag-sc-freiburg","21":"tag-sport","22":"tag-statistik","23":"tag-transfers","24":"tag-verletzungen","25":"tag-wechsel"},"share_on_mastodon":{"url":"","error":""},"_links":{"self":[{"href":"https:\/\/www.europesays.com\/de\/wp-json\/wp\/v2\/posts\/716090","targetHints":{"allow":["GET"]}}],"collection":[{"href":"https:\/\/www.europesays.com\/de\/wp-json\/wp\/v2\/posts"}],"about":[{"href":"https:\/\/www.europesays.com\/de\/wp-json\/wp\/v2\/types\/post"}],"author":[{"embeddable":true,"href":"https:\/\/www.europesays.com\/de\/wp-json\/wp\/v2\/users\/2"}],"replies":[{"embeddable":true,"href":"https:\/\/www.europesays.com\/de\/wp-json\/wp\/v2\/comments?post=716090"}],"version-history":[{"count":0,"href":"https:\/\/www.europesays.com\/de\/wp-json\/wp\/v2\/posts\/716090\/revisions"}],"wp:featuredmedia":[{"embeddable":true,"href":"https:\/\/www.europesays.com\/de\/wp-json\/wp\/v2\/media\/709240"}],"wp:attachment":[{"href":"https:\/\/www.europesays.com\/de\/wp-json\/wp\/v2\/media?parent=716090"}],"wp:term":[{"taxonomy":"category","embeddable":true,"href":"https:\/\/www.europesays.com\/de\/wp-json\/wp\/v2\/categories?post=716090"},{"taxonomy":"post_tag","embeddable":true,"href":"https:\/\/www.europesays.com\/de\/wp-json\/wp\/v2\/tags?post=716090"}],"curies":[{"name":"wp","href":"https:\/\/api.w.org\/{rel}","templated":true}]}}